{"id":624644,"date":"2025-12-27T05:25:24","date_gmt":"2025-12-27T05:25:24","guid":{"rendered":"https:\/\/www.europesays.com\/fr\/624644\/"},"modified":"2025-12-27T05:25:24","modified_gmt":"2025-12-27T05:25:24","slug":"deces-de-jean-louis-gasset-les-hommages-se-multiplient","status":"publish","type":"post","link":"https:\/\/www.europesays.com\/fr\/624644\/","title":{"rendered":"D\u00e9c\u00e8s de Jean-Louis Gasset : les hommages se multiplient"},"content":{"rendered":"<p>Figure embl\u00e9matique du football fran\u00e7ais et ancien entra\u00eeneur de l\u2019Olympique de Marseille, Jean-Louis Gasset est d\u00e9c\u00e9d\u00e9 ce vendredi 26 d\u00e9cembre \u00e0 l\u2019\u00e2ge de 72 ans. Depuis l\u2019annonce de sa disparition, les hommages se succ\u00e8dent dans le monde du football.<\/p>\n<p data-start=\"644\" data-end=\"856\">Paris Saint-Germain, <a href=\"https:\/\/maritima.fr\/actualites\/om\/marseille\/10587\/marseille-nouveau-bail-de-15-ans-entre-lom-et-le-stade-velodrome\" target=\"_blank\" rel=\"noopener\">Olympique de Marseille<\/a>, \u00e9quipe de France ou encore le Montpellier HSC, son club de toujours : <a href=\"https:\/\/maritima.fr\/actualites\/sports\/france\/3717\/jean-louis-gasset-nouvel-entraineur-de-montpellier\" target=\"_blank\" rel=\"noopener\">Jean-Louis Gasset <\/a>a marqu\u00e9 de nombreuses institutions du football fran\u00e7ais au fil de sa carri\u00e8re.<\/p>\n<p data-start=\"858\" data-end=\"1174\">C\u2019est le journal <a href=\"https:\/\/www.lequipe.fr\/Football\/Actualites\/Figure-emblematique-du-foot-francais-jean-louis-gasset-est-mort\/1629519\" target=\"_blank\" rel=\"noopener\">L\u2019\u00c9quipe <\/a>qui a r\u00e9v\u00e9l\u00e9 son d\u00e9c\u00e8s. L\u2019ancien entra\u00eeneur avait f\u00eat\u00e9 ses 72 ans le 9 d\u00e9cembre dernier. Connu pour sa silhouette reconnaissable, souvent coiff\u00e9e d\u2019une casquette, il a d\u2019abord \u00e9t\u00e9 joueur puis \u00e9ducateur, avant de devenir entra\u00eeneur et de laisser son empreinte dans plusieurs clubs majeurs.<\/p>\n<p data-start=\"1176\" data-end=\"1427\">Son dernier passage sur un banc remonte \u00e0 la saison r\u00e9cente, au Montpellier HSC, o\u00f9 il a exerc\u00e9 d\u2019octobre 2024 \u00e0 avril 2025. Dans un communiqu\u00e9, le club h\u00e9raultais a tenu \u00e0 saluer \u00ab sa soif de transmission \u00bb et \u00e0 rappeler l\u2019importance de son parcours.<\/p>\n<p data-start=\"1429\" data-end=\"1756\">\u00ab Il a \u00e9t\u00e9 un formidable \u00e9tendard de la formation montpelli\u00e9raine qu\u2019il a export\u00e9e dans de grands clubs, que ce soit au Paris Saint-Germain, \u00e0 l\u2019Espanyol Barcelone, \u00e0 l\u2019AS Saint-\u00c9tienne ou encore \u00e0 l\u2019Olympique de Marseille, ainsi qu\u2019en \u00e9quipe de France, o\u00f9 il \u00e9tait l\u2019adjoint du s\u00e9lectionneur Laurent Blanc \u00bb, souligne le MHSC.<\/p>\n<p data-start=\"1429\" data-end=\"1756\"><strong>L&rsquo;Olympique de Marseille r\u00e9agit<\/strong><\/p>\n<p data-start=\"1758\" data-end=\"2205\">Mais Montpellier n\u2019est pas le seul club endeuill\u00e9. L\u2019Olympique de Marseille a \u00e9galement r\u00e9agi \u00e0 la disparition de celui qui a bri\u00e8vement dirig\u00e9 l\u2019\u00e9quipe premi\u00e8re. \u00ab Le club perd aujourd\u2019hui bien plus qu\u2019un entra\u00eeneur : il perd un homme de football respect\u00e9, un technicien d\u2019exp\u00e9rience et une figure profond\u00e9ment attach\u00e9e aux valeurs humaines de ce sport \u00bb, \u00e9crit l\u2019OM, \u00e9voquant \u00e9galement \u00ab son calme, son sens de l\u2019\u00e9quilibre et son regard avis\u00e9 \u00bb.<\/p>\n<p data-start=\"1758\" data-end=\"2205\"><strong>Lire aussi :\u00a0 <a href=\"https:\/\/maritima.fr\/actualites\/om\/marseille\/10629\/bourg-om-la-derniere-conf-de-presse-de-roberto-de-zerbi-apres-le-succes-en-coupe-de-france-0-6\" target=\"_blank\" rel=\"noopener\">Bourg &#8211; OM : la derni\u00e8re conf de presse de Roberto De Zerbi apr\u00e8s le succ\u00e8s en Coupe de France (0-6)<\/a><\/strong><\/p>\n<p data-start=\"2207\" data-end=\"2422\">\u00c0 Marseille, les r\u00e9actions d\u00e9passent le cadre sportif. Le maire de la ville, <a href=\"https:\/\/maritima.fr\/actualites\/politique\/marseille\/10216\/les-mots-damour-ne-suffisent-plus-le-maire-de-marseille-benoit-payan-attend-des-actes-forts-du-nouveau-prefet-jacques-witkowski\" target=\"_blank\" rel=\"noopener\">Beno\u00eet Payan,<\/a> a lui aussi rendu hommage \u00e0 Jean-Louis Gasset : \u00ab Son nom est inscrit pour toujours dans la grande histoire de notre club. \u00bb<\/p>\n<p data-start=\"224\" data-end=\"891\"><strong>\u00ab\u00a0Une personne qui marque au-del\u00e0 du terrain\u00a0\u00bb\u00a0<\/strong><\/p>\n<p data-start=\"224\" data-end=\"891\">Au-del\u00e0 des institutions, de nombreuses figures du football fran\u00e7ais ont \u00e9galement salu\u00e9 la m\u00e9moire de Jean-Louis Gasset. Sur les r\u00e9seaux sociaux, plusieurs anciens joueurs, entra\u00eeneurs et dirigeants ont tenu \u00e0 rappeler son r\u00f4le majeur dans le football hexagonal.<\/p>\n<p data-start=\"224\" data-end=\"891\">Amine Harit, milieu de l\u2019Olympique de Marseille : \u00ab Tu faisais partie de ces personnes rares que l\u2019on rencontre dans le football, mais qui marquent bien au-del\u00e0 du terrain. \u00bb<\/p>\n<p data-start=\"224\" data-end=\"891\">Ou encore, Pierre-Emerick Aubameyang ancien attaquant, \u00ab Un regard suffisait !!! Merci coach, tu vas nous manquer. Monsieur Gasset.\u00bb<\/p>\n<p data-start=\"224\" data-end=\"891\">Beaucoup \u00e9voquent un homme respect\u00e9, appr\u00e9ci\u00e9 dans les vestiaires comme en dehors, et un passeur de savoir qui a marqu\u00e9 durablement ceux qu\u2019il a c\u00f4toy\u00e9s.<\/p>\n<p>\u00a0<\/p>\n","protected":false},"excerpt":{"rendered":"Figure embl\u00e9matique du football fran\u00e7ais et ancien entra\u00eeneur de l\u2019Olympique de Marseille, Jean-Louis Gasset est d\u00e9c\u00e9d\u00e9 ce vendredi&hellip;\n","protected":false},"author":2,"featured_media":624645,"comment_status":"","ping_status":"","sticky":false,"template":"","format":"standard","meta":{"footnotes":""},"categories":[2814],"tags":[1111,11,1777,674,1011,27,2780,884,12,149,882,25],"class_list":{"0":"post-624644","1":"post","2":"type-post","3":"status-publish","4":"format-standard","5":"has-post-thumbnail","7":"category-marseille","8":"tag-actu","9":"tag-actualites","10":"tag-eu","11":"tag-europe","12":"tag-fr","13":"tag-france","14":"tag-jean-louis-gasset","15":"tag-marseille","16":"tag-news","17":"tag-om","18":"tag-provence-alpes-cote-dazur","19":"tag-republique-francaise"},"share_on_mastodon":{"url":"https:\/\/pubeurope.com\/@fr\/115789871397301096","error":""},"_links":{"self":[{"href":"https:\/\/www.europesays.com\/fr\/wp-json\/wp\/v2\/posts\/624644","targetHints":{"allow":["GET"]}}],"collection":[{"href":"https:\/\/www.europesays.com\/fr\/wp-json\/wp\/v2\/posts"}],"about":[{"href":"https:\/\/www.europesays.com\/fr\/wp-json\/wp\/v2\/types\/post"}],"author":[{"embeddable":true,"href":"https:\/\/www.europesays.com\/fr\/wp-json\/wp\/v2\/users\/2"}],"replies":[{"embeddable":true,"href":"https:\/\/www.europesays.com\/fr\/wp-json\/wp\/v2\/comments?post=624644"}],"version-history":[{"count":0,"href":"https:\/\/www.europesays.com\/fr\/wp-json\/wp\/v2\/posts\/624644\/revisions"}],"wp:featuredmedia":[{"embeddable":true,"href":"https:\/\/www.europesays.com\/fr\/wp-json\/wp\/v2\/media\/624645"}],"wp:attachment":[{"href":"https:\/\/www.europesays.com\/fr\/wp-json\/wp\/v2\/media?parent=624644"}],"wp:term":[{"taxonomy":"category","embeddable":true,"href":"https:\/\/www.europesays.com\/fr\/wp-json\/wp\/v2\/categories?post=624644"},{"taxonomy":"post_tag","embeddable":true,"href":"https:\/\/www.europesays.com\/fr\/wp-json\/wp\/v2\/tags?post=624644"}],"curies":[{"name":"wp","href":"https:\/\/api.w.org\/{rel}","templated":true}]}}