{"id":624646,"date":"2025-12-27T05:26:14","date_gmt":"2025-12-27T05:26:14","guid":{"rendered":"https:\/\/www.europesays.com\/fr\/624646\/"},"modified":"2025-12-27T05:26:14","modified_gmt":"2025-12-27T05:26:14","slug":"greve-annoncee-le-31-decembre-dans-les-salles-municipales-de-lyon-des-spectacles-menaces","status":"publish","type":"post","link":"https:\/\/www.europesays.com\/fr\/624646\/","title":{"rendered":"Gr\u00e8ve annonc\u00e9e le 31 d\u00e9cembre dans les salles municipales de Lyon, des spectacles menac\u00e9s"},"content":{"rendered":"<p itemprop=\"description\"><strong>Les agents du service des Salles municipales et locaux syndicaux (SMLS) de la Ville de Lyon ont d\u00e9pos\u00e9 un pr\u00e9avis de gr\u00e8ve pour le mercredi 31 d\u00e9cembre.<\/strong><\/p>\n<p>L\u2019annonce a \u00e9t\u00e9 faite par la CGT Ville de Lyon, qui d\u00e9nonce une d\u00e9gradation persistante du dialogue social au sein de la Direction centrale de l\u2019immobilier (DCI).<\/p>\n<p>Selon le syndicat, les alertes se multiplient depuis pr\u00e8s d\u2019un an sans aboutir \u00e0 des n\u00e9gociations jug\u00e9es satisfaisantes. Le service concern\u00e9 estime pourtant jouer un r\u00f4le central dans la politique culturelle lyonnaise, en assurant la mise \u00e0 disposition de salles municipales accueillant aussi bien des artistes nationaux que des associations locales, des \u00e9tablissements scolaires ou des \u00e9coles de danse, de th\u00e9\u00e2tre et de musique.<\/p>\n<p>Parmi les points de crispation figure la r\u00e9vision du r\u00e8glement int\u00e9rieur, qui pr\u00e9voirait la suppression du jour de repos fixe le dimanche. Une mesure qui permettrait, selon la CGT, de programmer les agents sans recours aux heures suppl\u00e9mentaires. Le syndicat \u00e9voque une perte de r\u00e9mun\u00e9ration estim\u00e9e entre 10 et 15%, ainsi qu\u2019une remise en cause de l\u2019organisation de la vie personnelle des agents.<\/p>\n<p>Autre revendication mise en avant : l\u2019application tardive d\u2019une d\u00e9cision du conseil municipal lyonnais relative \u00e0 la majoration des heures de nuit. Les agents avaient d\u00fb recourir \u00e0 la gr\u00e8ve pour obtenir son application, et la Ville leur devrait aujourd\u2019hui environ 1000 euros par agent, correspondant \u00e0 un an et demi de majoration non vers\u00e9e.<\/p>\n<p>La CGT affirme que la direction a mis fin aux \u00e9changes en expliquant qu\u2019aucune rencontre ne pouvait \u00eatre organis\u00e9e avant la fin de l\u2019ann\u00e9e.<\/p>\n<p>En cons\u00e9quence, le syndicat maintient le pr\u00e9avis et appelle \u00e0 la mobilisation. Les usagers d\u00e9tenteurs de billets pour des spectacles programm\u00e9s le 31 d\u00e9cembre dans les salles municipales sont avertis qu\u2019ils pourraient trouver porte close ce soir-l\u00e0.<\/p>\n","protected":false},"excerpt":{"rendered":"Les agents du service des Salles municipales et locaux syndicaux (SMLS) de la Ville de Lyon ont d\u00e9pos\u00e9&hellip;\n","protected":false},"author":2,"featured_media":624647,"comment_status":"","ping_status":"","sticky":false,"template":"","format":"standard","meta":{"footnotes":""},"categories":[1889],"tags":[1111,11,2813,2190,2430,1109,251,1112,2811,1777,674,118,1011,27,1922,1110,1114,2428,2810,12,241,316,25,2812,517,800],"class_list":{"0":"post-624646","1":"post","2":"type-post","3":"status-publish","4":"format-standard","5":"has-post-thumbnail","7":"category-lyon","8":"tag-actu","9":"tag-actualites","10":"tag-article","11":"tag-asvel","12":"tag-auvergne-rhone-alpes","13":"tag-breves","14":"tag-culture","15":"tag-depeches","16":"tag-economique","17":"tag-eu","18":"tag-europe","19":"tag-faits-divers","20":"tag-fr","21":"tag-france","22":"tag-info","23":"tag-informations","24":"tag-infos","25":"tag-lyon","26":"tag-lyonmag","27":"tag-news","28":"tag-ol","29":"tag-politique","30":"tag-republique-francaise","31":"tag-sociale","32":"tag-sport","33":"tag-transports"},"share_on_mastodon":{"url":"https:\/\/pubeurope.com\/@fr\/115789875396438198","error":""},"_links":{"self":[{"href":"https:\/\/www.europesays.com\/fr\/wp-json\/wp\/v2\/posts\/624646","targetHints":{"allow":["GET"]}}],"collection":[{"href":"https:\/\/www.europesays.com\/fr\/wp-json\/wp\/v2\/posts"}],"about":[{"href":"https:\/\/www.europesays.com\/fr\/wp-json\/wp\/v2\/types\/post"}],"author":[{"embeddable":true,"href":"https:\/\/www.europesays.com\/fr\/wp-json\/wp\/v2\/users\/2"}],"replies":[{"embeddable":true,"href":"https:\/\/www.europesays.com\/fr\/wp-json\/wp\/v2\/comments?post=624646"}],"version-history":[{"count":0,"href":"https:\/\/www.europesays.com\/fr\/wp-json\/wp\/v2\/posts\/624646\/revisions"}],"wp:featuredmedia":[{"embeddable":true,"href":"https:\/\/www.europesays.com\/fr\/wp-json\/wp\/v2\/media\/624647"}],"wp:attachment":[{"href":"https:\/\/www.europesays.com\/fr\/wp-json\/wp\/v2\/media?parent=624646"}],"wp:term":[{"taxonomy":"category","embeddable":true,"href":"https:\/\/www.europesays.com\/fr\/wp-json\/wp\/v2\/categories?post=624646"},{"taxonomy":"post_tag","embeddable":true,"href":"https:\/\/www.europesays.com\/fr\/wp-json\/wp\/v2\/tags?post=624646"}],"curies":[{"name":"wp","href":"https:\/\/api.w.org\/{rel}","templated":true}]}}