{"id":624652,"date":"2025-12-27T05:31:13","date_gmt":"2025-12-27T05:31:13","guid":{"rendered":"https:\/\/www.europesays.com\/fr\/624652\/"},"modified":"2025-12-27T05:31:13","modified_gmt":"2025-12-27T05:31:13","slug":"les-informations-de-la-nuit-4","status":"publish","type":"post","link":"https:\/\/www.europesays.com\/fr\/624652\/","title":{"rendered":"les informations de la nuit"},"content":{"rendered":"\n<p><strong>Accord de cessez-le-feu entre la Tha\u00eflande et le Cambodge.<\/strong> Les ministres de la D\u00e9fense de la Tha\u00eflande et du Cambodge ont annonc\u00e9 samedi avoir conclu un accord de cessez-le-feu de 72\u00a0heures, \u201couvrant potentiellement la voie \u00e0 la fin d\u2019un conflit frontalier brutal de vingt jours qui a fait des dizaines de morts et d\u00e9plac\u00e9 des centaines de milliers de personnes\u201d, <a class=\"ithalc\" data-ithal=\"lien_externe\" data-ithalc=\"[nav_article]\" target=\"_blank\" href=\"https:\/\/www.nytimes.com\/2025\/12\/26\/world\/asia\/thailand-cambodia-cease-fire-border-war.html\" rel=\"noopener\">observe <strong>The New York Times<\/strong>.<\/a> Cette \u201cannonce surprise\u201d fait suite \u00e0 deux jours de n\u00e9gociations tendues entre les arm\u00e9es des deux pays et intervient \u201cdans un contexte de pressions croissantes des \u00c9tats-Unis et de la Chine pour un arr\u00eat des combats\u201d, pr\u00e9cise le quotidien am\u00e9ricain. Le cessez-le-feu devait entrer en vigueur samedi \u00e0 midi, selon la t\u00e9l\u00e9vision d\u2019\u00c9tat cambodgienne. Selon les derniers bilans officiels respectifs, 47\u00a0personnes ont \u00e9t\u00e9 tu\u00e9es au total au cours des derni\u00e8res semaines\u00a0: 26 c\u00f4t\u00e9 tha\u00eflandais et 21 c\u00f4t\u00e9 cambodgien.<\/p>\n<p><strong>Syrie\u00a0: huit morts dans l\u2019attaque d\u2019une mosqu\u00e9e alaouite. <\/strong>Au moins huit personnes ont \u00e9t\u00e9 tu\u00e9es et 18 autres bless\u00e9es, vendredi, dans une explosion survenue dans une mosqu\u00e9e de Homs, dans le centre de la Syrie. Des \u201cengins explosifs\u201d avaient \u00e9t\u00e9 plac\u00e9s dans la mosqu\u00e9e Ali Ben Abi Taleb, situ\u00e9e dans un quartier de la minorit\u00e9 musulmane alaouite \u2013 \u00e0 laquelle appartient l\u2019ancien pr\u00e9sident Bachar El-Assad \u2013, \u201cpour cibler les fid\u00e8les participant \u00e0 la pri\u00e8re du vendredi\u201d, <a class=\"ithalc\" data-ithal=\"lien_externe\" data-ithalc=\"[nav_article]\" target=\"_blank\" href=\"https:\/\/www.cnn.com\/2025\/12\/26\/middleeast\/syria-mosque-bomb-friday-prayers-latam-intl\" rel=\"noopener\">rapporte <strong>CNN<\/strong><\/a>, relayant les informations de l\u2019agence de presse syrienne Sana. Le groupuscule extr\u00e9miste sunnite Saraya Ansar El-Sunna a revendiqu\u00e9 l\u2019attentat, tout comme il avait revendiqu\u00e9 en juin dernier l\u2019attaque contre une \u00e9glise de Damas, qui avait fait 25\u00a0morts.<\/p>\n<p><strong>Trois femmes\u00a0l\u00e9g\u00e8rement bless\u00e9es dans une attaque au couteau dans le m\u00e9tro parisien.<\/strong> Trois femmes ont \u00e9t\u00e9 l\u00e9g\u00e8rement bless\u00e9es vendredi dans le m\u00e9tro parisien par un homme arm\u00e9 d\u2019un couteau, interpell\u00e9 quelques heures plus tard. L\u2019agresseur pr\u00e9sum\u00e9 \u201ca poignard\u00e9 trois femmes dans les stations de m\u00e9tro R\u00e9publique, Arts et M\u00e9tiers et Op\u00e9ra\u201d avant d\u2019\u00eatre arr\u00eat\u00e9 dans le Val-d\u2019Oise \u201cgr\u00e2ce aux images de vid\u00e9osurveillance et aux donn\u00e9es de g\u00e9olocalisation de son t\u00e9l\u00e9phone\u00a0portable\u201d, <a class=\"ithalc\" data-ithal=\"lien_externe\" data-ithalc=\"[nav_article]\" target=\"_blank\" href=\"https:\/\/www.euronews.com\/2025\/12\/26\/knife-attack-on-paris-metro-three-women-injured-suspected-attacker-arrested\" rel=\"noopener\">rel\u00e8ve <strong>Euronews<\/strong>.<\/a> Le suspect, \u00e2g\u00e9 de 25\u00a0ans et de nationalit\u00e9 malienne, \u00e9tait connu des services de police. Il faisait l\u2019objet d\u2019une obligation de quitter le territoire fran\u00e7ais, a pr\u00e9cis\u00e9 le minist\u00e8re de l\u2019Int\u00e9rieur. Ses motivations sont encore inconnues.<\/p>\n<p><strong>Gr\u00e8ce\u00a0: 460\u00a0migrants secourus au large de la Cr\u00e8te. <\/strong>Les garde-c\u00f4tes grecs ont men\u00e9 vendredi quatre op\u00e9rations de sauvetage au large de la Cr\u00e8te, secourant au total quelque 460\u00a0migrants, <a class=\"ithalc\" data-ithal=\"lien_externe\" data-ithalc=\"[nav_article]\" target=\"_blank\" href=\"https:\/\/www.ekathimerini.com\/news\/1290907\/coast-guard-rescues-70-migrants-off-the-coast-of-crete\/\" rel=\"noopener\">rapporte <strong>I Kathimerini<\/strong>.<\/a> Une premi\u00e8re op\u00e9ration dans la journ\u00e9e a permis de venir en aide \u00e0 une trentaine de migrants entass\u00e9s sur \u201cune embarcation l\u00e9g\u00e8re\u201d, suivie d\u2019une deuxi\u00e8me, au cours de laquelle ont \u00e9t\u00e9 secourues quelque \u201c360\u00a0personnes embarqu\u00e9es sur un bateau de p\u00eache\u201d, avec l\u2019appui d\u2019un cargo danois et d\u2019un avion de la force Frontex. En fin d\u2019apr\u00e8s-midi, deux nouvelles op\u00e9rations ont permis de secourir un total de soixante-dix migrants, \u201cparmi lesquels des femmes et des enfants\u201d, qui voyageaient \u00e0 bord de deux canots pneumatiques. Les autorit\u00e9s n\u2019ont pas pr\u00e9cis\u00e9 la nationalit\u00e9 des r\u00e9fugi\u00e9s.<\/p>\n<p><strong>P\u00e9rou\u00a0: un journaliste attaqu\u00e9 par des hommes arm\u00e9s succombe \u00e0 ses blessures.<\/strong> Le journaliste p\u00e9ruvien Mitzar Castillejos a succomb\u00e9 \u00e0 ses blessures, vendredi \u00e0 Lima, deux semaines apr\u00e8s avoir \u00e9t\u00e9 attaqu\u00e9 par des hommes arm\u00e9s dans la r\u00e9gion d\u2019Ucayali, dans l\u2019Amazonie p\u00e9ruvienne. Le journaliste de 34\u00a0ans avait \u00e9t\u00e9 bless\u00e9 par balles par des tueurs \u00e0 gage, le 12\u00a0d\u00e9cembre, alors qu\u2019il quittait son domicile pour se rendre \u00e0 la station de radio o\u00f9 il travaillait. Connu pour d\u00e9noncer la corruption, Mitzar Castillejos est le quatri\u00e8me journaliste assassin\u00e9 au P\u00e9rou en 2025, \u201cune ann\u00e9e que les organisations professionnelles ont qualifi\u00e9e de l\u2019une des pires pour les journalistes\u201d, <a class=\"ithalc\" data-ithal=\"lien_externe\" data-ithalc=\"[nav_article]\" target=\"_blank\" href=\"https:\/\/larepublica.pe\/politica\/2025\/12\/26\/mitzar-castillejos-periodista-de-ucayali-atacado-por-sicarios-fallecio-tras-14-dias-del-atentado-hnews-434746\" rel=\"noopener\">selon <strong>La Rep\u00fablica<\/strong>.<\/a>  <\/p>\n","protected":false},"excerpt":{"rendered":"Accord de cessez-le-feu entre la Tha\u00eflande et le Cambodge. Les ministres de la D\u00e9fense de la Tha\u00eflande et&hellip;\n","protected":false},"author":2,"featured_media":624653,"comment_status":"","ping_status":"","sticky":false,"template":"","format":"standard","meta":{"footnotes":""},"categories":[1888],"tags":[1111,1928,11,1927,879,3822,6060,9265,1777,674,1011,27,25984,1892,71634,5318,303,2534,1136,19865,3257,2533,73415,12,1926,626,1925,316,73414,25,4409,1857,32,73416,1254,73413,800,2475],"class_list":{"0":"post-624652","1":"post","2":"type-post","3":"status-publish","4":"format-standard","5":"has-post-thumbnail","7":"category-paris","8":"tag-actu","9":"tag-actu-paris","10":"tag-actualites","11":"tag-actualites-paris","12":"tag-afrique","13":"tag-amu00e9riques","14":"tag-asie","15":"tag-cambodge","16":"tag-eu","17":"tag-europe","18":"tag-fr","19":"tag-france","20":"tag-gru00e8ce","21":"tag-gu00e9opolitique","22":"tag-informations-de-la-nuit","23":"tag-islam","24":"tag-justice","25":"tag-libertu00e9-de-la-presse","26":"tag-mali","27":"tag-migrants-et-flux-migratoires","28":"tag-moyen-orient","29":"tag-mu00e9dias","30":"tag-naufrages-de-migrants-en-mu00e9diterranu00e9e","31":"tag-news","32":"tag-news-paris","33":"tag-paris","34":"tag-paris-news","35":"tag-politique","36":"tag-pu00e9rou","37":"tag-republique-francaise","38":"tag-ru00e9veil","39":"tag-sociu00e9tu00e9","40":"tag-syrie","41":"tag-tensions-thau00eflande-cambodge","42":"tag-terrorisme","43":"tag-thau00eflande","44":"tag-transports","45":"tag-union-europu00e9enne"},"share_on_mastodon":{"url":"","error":"Validation failed: Text character limit of 500 exceeded"},"_links":{"self":[{"href":"https:\/\/www.europesays.com\/fr\/wp-json\/wp\/v2\/posts\/624652","targetHints":{"allow":["GET"]}}],"collection":[{"href":"https:\/\/www.europesays.com\/fr\/wp-json\/wp\/v2\/posts"}],"about":[{"href":"https:\/\/www.europesays.com\/fr\/wp-json\/wp\/v2\/types\/post"}],"author":[{"embeddable":true,"href":"https:\/\/www.europesays.com\/fr\/wp-json\/wp\/v2\/users\/2"}],"replies":[{"embeddable":true,"href":"https:\/\/www.europesays.com\/fr\/wp-json\/wp\/v2\/comments?post=624652"}],"version-history":[{"count":0,"href":"https:\/\/www.europesays.com\/fr\/wp-json\/wp\/v2\/posts\/624652\/revisions"}],"wp:featuredmedia":[{"embeddable":true,"href":"https:\/\/www.europesays.com\/fr\/wp-json\/wp\/v2\/media\/624653"}],"wp:attachment":[{"href":"https:\/\/www.europesays.com\/fr\/wp-json\/wp\/v2\/media?parent=624652"}],"wp:term":[{"taxonomy":"category","embeddable":true,"href":"https:\/\/www.europesays.com\/fr\/wp-json\/wp\/v2\/categories?post=624652"},{"taxonomy":"post_tag","embeddable":true,"href":"https:\/\/www.europesays.com\/fr\/wp-json\/wp\/v2\/tags?post=624652"}],"curies":[{"name":"wp","href":"https:\/\/api.w.org\/{rel}","templated":true}]}}