{"id":624654,"date":"2025-12-27T05:32:18","date_gmt":"2025-12-27T05:32:18","guid":{"rendered":"https:\/\/www.europesays.com\/fr\/624654\/"},"modified":"2025-12-27T05:32:18","modified_gmt":"2025-12-27T05:32:18","slug":"trois-femmes-blessees-a-larme-blanche-dans-le-metro-parisien-lagresseur-presume-a-ete-interpelle","status":"publish","type":"post","link":"https:\/\/www.europesays.com\/fr\/624654\/","title":{"rendered":"Trois femmes bless\u00e9es \u00e0 l&rsquo;arme blanche dans le m\u00e9tro parisien, l&rsquo;agresseur pr\u00e9sum\u00e9 a \u00e9t\u00e9 interpell\u00e9"},"content":{"rendered":"<p>Trois femmes ont \u00e9t\u00e9 bless\u00e9es avec une arme blanche dans le m\u00e9tro parisien par un individu qui a pris la fuite. Le parquet de Paris a annonc\u00e9 en d\u00e9but de soir\u00e9e que l&rsquo;auteur pr\u00e9sum\u00e9 des agressions a \u00e9t\u00e9 interpell\u00e9.<\/p>\n<p>Vers 16h00, un homme a \u00ab\u00a0agress\u00e9 au couteau trois femmes sur la ligne 3 du m\u00e9tro, successivement aux stations R\u00e9publique, Arts et M\u00e9tiers et Op\u00e9ra\u00a0\u00bb, a expliqu\u00e9 le parquet. Il a pu \u00eatre identifi\u00e9 \u00ab\u00a0gr\u00e2ce aux images de vid\u00e9osurveillance\u00a0\u00bb: \u00ab\u00a0la mise en \u0153uvre de la g\u00e9olocalisation de son t\u00e9l\u00e9phone portable a permis son interpellation en fin d&rsquo;apr\u00e8s-midi dans le Val d&rsquo;Oise\u00a0\u00bb, a-t-on pr\u00e9cis\u00e9 de m\u00eame source.<\/p>\n<p>Deux des \u00ab\u00a0victimes ont \u00e9t\u00e9 prises en charge par les secours et transport\u00e9es en milieu hospitalier sans pronostic vital engag\u00e9\u00a0\u00bb, tandis que la troisi\u00e8me s&rsquo;est pr\u00e9sent\u00e9e elle-m\u00eame \u00e0 l&rsquo;h\u00f4pital, a indiqu\u00e9 la pr\u00e9fecture de police.<\/p>\n<p>Enqu\u00eate ouverte<\/p>\n<p>L&rsquo;auteur pr\u00e9sum\u00e9, \u00e2g\u00e9 de 25 ans, d\u00e9j\u00e0 connu des services de police pour divers faits dont des atteintes aux biens, a \u00e9t\u00e9 interpell\u00e9 \u00ab\u00a0en fin d&rsquo;apr\u00e8s-midi dans le Val-d&rsquo;Oise\u00a0\u00bb, au nord-ouest de la capitale, selon la justice.<\/p>\n<p>Une enqu\u00eate, confi\u00e9e aux services de la s\u00fbret\u00e9 r\u00e9gionale des transports (SRT), a \u00e9t\u00e9 ouverte pour tentative d&rsquo;homicide volontaire et violences volontaires avec arme.<\/p>\n<p>Le pr\u00e9fet de police de Paris Patrice Faure a \u00ab\u00a0salu\u00e9 la r\u00e9activit\u00e9 et la mobilisation de ses services pour leur intervention et l&rsquo;interpellation de l&rsquo;individu suspect\u00e9 d&rsquo;\u00eatre l&rsquo;auteur de ces faits\u00a0\u00bb.<\/p>\n<p>Appel \u00e0 \u00ab\u00a0une vigilance maximale\u00a0\u00bb<\/p>\n<p>Le ministre de l&rsquo;Int\u00e9rieur Laurent Nu\u00f1ez avait appel\u00e9 la semaine pass\u00e9e les pr\u00e9fets et responsables de la s\u00e9curit\u00e9 \u00e0 \u00ab\u00a0une vigilance maximale\u00a0\u00bb \u00e0 l&rsquo;approche des festivit\u00e9s du Nouvel an, selon un t\u00e9l\u00e9gramme dont l&rsquo;AFP a eu connaissance.<\/p>\n<p>Il avait fait \u00e9tat alors \u00ab\u00a0du niveau tr\u00e8s \u00e9lev\u00e9 de la menace terroriste\u00a0\u00bb et \u00ab\u00a0des risques de troubles \u00e0 l&rsquo;ordre public\u00a0\u00bb. En souhaitant notamment qu'\u00a0\u00bbune attention sp\u00e9cifique\u00a0\u00bb soit port\u00e9e \u00ab\u00a0aux transports en commun\u00a0\u00bb.<\/p>\n<p class=\"sources\">afp\/kkub<\/p>\n","protected":false},"excerpt":{"rendered":"Trois femmes ont \u00e9t\u00e9 bless\u00e9es avec une arme blanche dans le m\u00e9tro parisien par un individu qui a&hellip;\n","protected":false},"author":2,"featured_media":624655,"comment_status":"","ping_status":"","sticky":false,"template":"","format":"standard","meta":{"footnotes":""},"categories":[1888],"tags":[1111,1928,11,1927,1120,9405,2951,8616,73417,1777,674,3160,1011,27,7066,74,12,1926,626,1925,625,25,2803],"class_list":{"0":"post-624654","1":"post","2":"type-post","3":"status-publish","4":"format-standard","5":"has-post-thumbnail","7":"category-paris","8":"tag-actu","9":"tag-actu-paris","10":"tag-actualites","11":"tag-actualites-paris","12":"tag-agression","13":"tag-arme-blanche","14":"tag-criminalite","15":"tag-droit-et-justice","16":"tag-ecole-nationale-superieure-darts-et-metiers","17":"tag-eu","18":"tag-europe","19":"tag-forces-de-lordre","20":"tag-fr","21":"tag-france","22":"tag-fuite","23":"tag-monde","24":"tag-news","25":"tag-news-paris","26":"tag-paris","27":"tag-paris-news","28":"tag-ratp","29":"tag-republique-francaise","30":"tag-transport"},"share_on_mastodon":{"url":"https:\/\/pubeurope.com\/@fr\/115789899099151304","error":""},"_links":{"self":[{"href":"https:\/\/www.europesays.com\/fr\/wp-json\/wp\/v2\/posts\/624654","targetHints":{"allow":["GET"]}}],"collection":[{"href":"https:\/\/www.europesays.com\/fr\/wp-json\/wp\/v2\/posts"}],"about":[{"href":"https:\/\/www.europesays.com\/fr\/wp-json\/wp\/v2\/types\/post"}],"author":[{"embeddable":true,"href":"https:\/\/www.europesays.com\/fr\/wp-json\/wp\/v2\/users\/2"}],"replies":[{"embeddable":true,"href":"https:\/\/www.europesays.com\/fr\/wp-json\/wp\/v2\/comments?post=624654"}],"version-history":[{"count":0,"href":"https:\/\/www.europesays.com\/fr\/wp-json\/wp\/v2\/posts\/624654\/revisions"}],"wp:featuredmedia":[{"embeddable":true,"href":"https:\/\/www.europesays.com\/fr\/wp-json\/wp\/v2\/media\/624655"}],"wp:attachment":[{"href":"https:\/\/www.europesays.com\/fr\/wp-json\/wp\/v2\/media?parent=624654"}],"wp:term":[{"taxonomy":"category","embeddable":true,"href":"https:\/\/www.europesays.com\/fr\/wp-json\/wp\/v2\/categories?post=624654"},{"taxonomy":"post_tag","embeddable":true,"href":"https:\/\/www.europesays.com\/fr\/wp-json\/wp\/v2\/tags?post=624654"}],"curies":[{"name":"wp","href":"https:\/\/api.w.org\/{rel}","templated":true}]}}