{"id":624660,"date":"2025-12-27T05:35:27","date_gmt":"2025-12-27T05:35:27","guid":{"rendered":"https:\/\/www.europesays.com\/fr\/624660\/"},"modified":"2025-12-27T05:35:27","modified_gmt":"2025-12-27T05:35:27","slug":"les-russes-navancent-pas-poutine-peut-il-arreter-la-guerre","status":"publish","type":"post","link":"https:\/\/www.europesays.com\/fr\/624660\/","title":{"rendered":"\u00ab\u00a0Les Russes n&rsquo;avancent pas\u00a0\u00bb : Poutine peut-il arr\u00eater la guerre ?"},"content":{"rendered":"<ul class=\"jsx-862013697 ArticleChapo__List\">\n<li class=\"jsx-862013697 ArticleChapo__List_Item flex\">Alors que les n\u00e9gociations pour parvenir \u00e0 un accord de paix en Ukraine s&rsquo;intensifient, la question se pose : Poutine pourrait-il vraiment arr\u00eater la guerre ?<\/li>\n<li class=\"jsx-862013697 ArticleChapo__List_Item flex\">Anne Kraatz,chercheuse associ\u00e9e au Quincy Institute de Washington, livre son analyse sur LCI.<\/li>\n<\/ul>\n<p data-module=\"article-paragraph\" class=\"jsx-157965717 Paragraph Paragraph__End\">\u00ab\u00a0Il me semble que, de la part des Russes, on sent une esp\u00e8ce de frisson.\u00a0\u00bb Ces derniers jours, les n\u00e9gociations pour parvenir \u00e0 un accord de paix entre Russes et <a href=\"https:\/\/www.tf1info.fr\/societe\/plus-de-3-ans-apres-avoir-fui-la-guerre-cette-dermatologue-ukrainienne-peut-desormais-exercer-la-medecine-en-france-2414995.html\" target=\"_blank\" rel=\"noopener\">Ukrainiens<\/a> s&rsquo;acc\u00e9l\u00e8rent. Selon la chercheuse associ\u00e9e au Quincy Institute de Washington Anne Kraatz, le Kremlin ne serait \u00ab\u00a0plus s\u00fbr de Trump\u00a0\u00bb. Et d&rsquo;expliquer : \u00ab\u00a0Les Russes observent, comme tout le monde, les bagarres entre certaines parties du clan MAGA. (&#8230;) Des gens se sont prononc\u00e9s contre la direction dans laquelle penche Trump \u00e0 l&rsquo;heure actuelle, qui est celle de finalement recommencer \u00e0 bombarder un peu partout, peut-\u00eatre le Venezuela, maintenant le Nigeria, etc.\u00a0\u00bb<\/p>\n<p><a href=\"https:\/\/www.tf1info.fr\/international\/direct-guerre-ukraine-russie-plan-de-paix-trump-poutine-zelensky-les-dernieres-informations-aujourd-hui-jeudi-25-decembre-2025-2414777.html\" rel=\"noopener\" class=\"jsx-3308031228 Link flex\" target=\"_blank\"><img decoding=\"async\" src=\"https:\/\/www.europesays.com\/fr\/wp-content\/uploads\/2025\/12\/missile-storm-shadow-04ffd0-0@1x.jpeg\" alt=\"Missile Storm Shadow.\" loading=\"lazy\" importance=\"low\" fetchpriority=\"low\" class=\"\" aria-hidden=\"true\"\/><\/p>\n<p class=\"jsx-3657663356 ReadMoreArticle__Title\">Lire aussi<\/p>\n<p class=\"jsx-3657663356\">Guerre en Ukraine : Kiev utilise des missiles britanniques Storm Shadow pour frapper une importante raffinerie russe<\/p>\n<p><\/a><\/p>\n<p data-module=\"article-paragraph\" class=\"jsx-157965717 Paragraph\">Par voie de cons\u00e9quence, \u00ab\u00a0toutes ces forces en puissance font que les Russes commencent \u00e0 se dire, avec Trump, on avait un alli\u00e9, c&rsquo;est \u00e9vident. (&#8230;) L\u00e0, maintenant, tout d&rsquo;un coup, les Russes s&rsquo;aper\u00e7oivent que Trump lui-m\u00eame est dans une position o\u00f9 il va peut-\u00eatre falloir compter avec d&rsquo;autres personnes\u00a0\u00bb. En outre, d&rsquo;apr\u00e8s l&rsquo;experte, \u00ab\u00a0\u00e7a fait un bout de temps qu&rsquo;ils ont envie d&rsquo;en terminer, parce qu&rsquo;ils n&rsquo;avancent pas\u00a0\u00bb.\u00a0<\/p>\n<p data-module=\"article-paragraph\" class=\"jsx-157965717 Paragraph Paragraph__End\"><strong>Retrouvez l&rsquo;int\u00e9gralit\u00e9 de l&rsquo;analyse de la chercheuse associ\u00e9e au Quincy Institute de Washington, Anne Kraatz, dans la vid\u00e9o en t\u00eate de cet article.\u00a0<\/strong><\/p>\n<p>P. F.<\/p>\n","protected":false},"excerpt":{"rendered":"Alors que les n\u00e9gociations pour parvenir \u00e0 un accord de paix en Ukraine s&rsquo;intensifient, la question se pose&hellip;\n","protected":false},"author":2,"featured_media":624661,"comment_status":"","ping_status":"","sticky":false,"template":"","format":"standard","meta":{"footnotes":""},"categories":[1591],"tags":[1111,11,1921,75,1887,1922,12,1885,1886,132,220,1917,133,1920,135],"class_list":{"0":"post-624660","1":"post","2":"type-post","3":"status-publish","4":"format-standard","5":"has-post-thumbnail","7":"category-russie","8":"tag-actu","9":"tag-actualites","10":"tag-article-video","11":"tag-donald-trump","12":"tag-federation-de-russie","13":"tag-info","14":"tag-news","15":"tag-russia","16":"tag-russian-federation","17":"tag-russie","18":"tag-ukraine","19":"tag-ukraine-4-annee-de-guerre","20":"tag-video","21":"tag-video-international","22":"tag-vladimir-poutine"},"share_on_mastodon":{"url":"https:\/\/pubeurope.com\/@fr\/115789911549869749","error":""},"_links":{"self":[{"href":"https:\/\/www.europesays.com\/fr\/wp-json\/wp\/v2\/posts\/624660","targetHints":{"allow":["GET"]}}],"collection":[{"href":"https:\/\/www.europesays.com\/fr\/wp-json\/wp\/v2\/posts"}],"about":[{"href":"https:\/\/www.europesays.com\/fr\/wp-json\/wp\/v2\/types\/post"}],"author":[{"embeddable":true,"href":"https:\/\/www.europesays.com\/fr\/wp-json\/wp\/v2\/users\/2"}],"replies":[{"embeddable":true,"href":"https:\/\/www.europesays.com\/fr\/wp-json\/wp\/v2\/comments?post=624660"}],"version-history":[{"count":0,"href":"https:\/\/www.europesays.com\/fr\/wp-json\/wp\/v2\/posts\/624660\/revisions"}],"wp:featuredmedia":[{"embeddable":true,"href":"https:\/\/www.europesays.com\/fr\/wp-json\/wp\/v2\/media\/624661"}],"wp:attachment":[{"href":"https:\/\/www.europesays.com\/fr\/wp-json\/wp\/v2\/media?parent=624660"}],"wp:term":[{"taxonomy":"category","embeddable":true,"href":"https:\/\/www.europesays.com\/fr\/wp-json\/wp\/v2\/categories?post=624660"},{"taxonomy":"post_tag","embeddable":true,"href":"https:\/\/www.europesays.com\/fr\/wp-json\/wp\/v2\/tags?post=624660"}],"curies":[{"name":"wp","href":"https:\/\/api.w.org\/{rel}","templated":true}]}}