{"id":624665,"date":"2025-12-27T05:38:29","date_gmt":"2025-12-27T05:38:29","guid":{"rendered":"https:\/\/www.europesays.com\/fr\/624665\/"},"modified":"2025-12-27T05:38:29","modified_gmt":"2025-12-27T05:38:29","slug":"la-princesse-charlotte-et-mia-tindall-cousines-inseparables","status":"publish","type":"post","link":"https:\/\/www.europesays.com\/fr\/624665\/","title":{"rendered":"La princesse Charlotte et Mia Tindall, cousines ins\u00e9parables"},"content":{"rendered":"<p>Chez les Windsor, la complicit\u00e9 se transmet de g\u00e9n\u00e9ration en g\u00e9n\u00e9ration, la preuve avec la <a target=\"_blank\" href=\"https:\/\/www.pointdevue.fr\/grand-angle\/biographies\/princesse-charlotte\" rel=\"noopener\">princesse Charlotte<\/a> et sa cousine <a target=\"_blank\" href=\"https:\/\/www.pointdevue.fr\/grand-angle\/biographies\/mia-tindall\" rel=\"noopener\">Mia<\/a>, 10 et 11 ans.<strong> <\/strong>Sur <a target=\"_blank\" href=\"https:\/\/www.pointdevue.fr\/royal\/royaume-uni\/eugenie-et-beatrice-unies-derriere-charles-iii-lors-de-la-traditionnelle-messe-de-noel-a-sandringham\" rel=\"noopener\">le chemin de la messe de No\u00ebl \u00e0 Sandringham<\/a>, leur touchante connexion est \u00e0 l\u2019image de celle que partagent depuis quarante ans <strong>leurs parents, le <\/strong><a target=\"_blank\" href=\"https:\/\/www.pointdevue.fr\/grand-angle\/biographies\/prince-william\" rel=\"noopener\"><strong>prince William<\/strong><\/a><strong> et sa tr\u00e8s ch\u00e8re cousine <\/strong><a target=\"_blank\" href=\"https:\/\/www.pointdevue.fr\/grand-angle\/biographies\/zara-tindall\" rel=\"noopener\"><strong>Zara Tindall<\/strong><\/a>, la fille de la <a target=\"_blank\" href=\"https:\/\/www.pointdevue.fr\/grand-angle\/biographies\/princesse-anne\" rel=\"noopener\">princesse Anne<\/a>. Des cousins n\u00e9s \u00e0 un an d\u2019\u00e9cart au d\u00e9but des ann\u00e9es 1980 et <a target=\"_blank\" href=\"https:\/\/www.pointdevue.fr\/royal\/royaume-uni\/zara-et-mike-tindall-les-cousins-en-or-de-william-et-kate\" rel=\"noopener\">qui depuis s&rsquo;adorent<\/a>.<\/p>\n<p><img decoding=\"async\" src=\"https:\/\/www.europesays.com\/fr\/wp-content\/uploads\/2025\/12\/ABACA_980371_101cLGo6Mc6k3.jpg\" alt=\"Lena Tindall, le prince Louis, la princesse Charlotte, Mia Tindall et le couple Galles \u00e0 la sortie de l'\u00e9glise le 25 d\u00e9cembre 2025.\"\/><strong>Lena Tindall, le prince Louis, la princesse Charlotte, Mia Tindall et la princesse de Galles \u00e0 la sortie de l&rsquo;\u00e9glise le 25 d\u00e9cembre 2025. Derri\u00e8re, le prince William et sa cousine Zara.<\/strong> \u00a9 \u00a0John Rainford\/SplashNews\/ABACA<\/p>\n<p>Chaque 25 d\u00e9cembre, cette promenade en public est l\u2019un des rares moments de l\u2019ann\u00e9e o\u00f9 autant de membres de la famille royale britannique apparaissent ensemble. L\u2019occasion de voir \u00e9voluer les relations entre chacun et <a target=\"_blank\" href=\"https:\/\/www.pointdevue.fr\/royal\/royaume-uni\/charlotte-et-sa-cousine-mia-tindall-une-complicite-si-evidente\" rel=\"noopener\"><strong>na\u00eetre de belles amiti\u00e9s<\/strong><\/a>. Cette ann\u00e9e encore, un duo de cousines s&rsquo;impose et sort du lot.<\/p>\n<p>Pas de danse et confidences<\/p>\n<p>\u00c0 la sortie de l\u2019\u00e9glise, Charlotte, <a target=\"_blank\" href=\"https:\/\/www.pointdevue.fr\/royal\/royaume-uni\/princesse-charlotte-lenergie-dune-championne\" rel=\"noopener\">passionn\u00e9e de danse classique<\/a> et de ballet, semble indiquer un pas \u00e0 sa cousine Mia avant que les petites filles avancent ensemble.\u00a0<\/p>\n<p>\u00c0 ce duo viennent se greffer la petite s\u0153ur de Mia, <a target=\"_blank\" href=\"https:\/\/www.pointdevue.fr\/grand-angle\/biographies\/lena-tindall\" rel=\"noopener\">Lena<\/a>, qui n\u2019en rate pas une miette, mais aussi le petit fr\u00e8re de Charlotte, <a target=\"_blank\" href=\"https:\/\/www.pointdevue.fr\/grand-angle\/biographies\/prince-louis\" rel=\"noopener\">Louis<\/a>, qui passe une t\u00eate curieuse au milieu de cette rang\u00e9e de filles. Tous deux ont 7 ans, soit trois de moins que leurs a\u00een\u00e9es.<\/p>\n<p><img loading=\"lazy\" decoding=\"async\" style=\"aspect-ratio:810\/532;\" src=\"https:\/\/www.europesays.com\/fr\/wp-content\/uploads\/2025\/12\/ABACA_980371_047jqzZS8O9mR.jpg\" alt=\"Lena, Louis, Charlotte et Mia, une cousinade royale.\" width=\"810\" height=\"532\"\/><strong>Lena, Louis, Charlotte et Mia, une cousinade royale.<\/strong> \u00a9 Bav Media\/SplashNews\/ABACA<img decoding=\"async\" src=\"https:\/\/www.europesays.com\/fr\/wp-content\/uploads\/2025\/12\/BESTIMAGE_00736973_000028DbaRMRGUpr.jpg\" alt=\"D'un geste tendre, le prince William guide sa petite-cousine Lena.\"\/><strong>D&rsquo;un geste tendre, le prince William guide sa petite-cousine Lena.<\/strong> \u00a9 Alpha Agency \/ Bestimage<\/p>\n<p>Autre signe que la transmission familiale est en marche et le r\u00e9seau de cousins intimement li\u00e9\u00a0: le <strong>petit manteau cintr\u00e9 d\u2019inspiration militaire<\/strong> que porte Lena a fait sa premi\u00e8re apparition sur ce chemin en 2017, port\u00e9 par sa cousine Savannah Phillips, fille de <a target=\"_blank\" href=\"https:\/\/www.pointdevue.fr\/grand-angle\/biographies\/peter-phillips\" rel=\"noopener\">Peter<\/a>, le fr\u00e8re de Zara. Puis ce manteau a \u00e9t\u00e9 donn\u00e9 \u00e0 Mia, qui l\u2019arborait en 2022. Aujourd&rsquo;hui c&rsquo;est au tour de Lena, la petite derni\u00e8re, d&rsquo;en h\u00e9riter.\u00a0<\/p>\n<p><img decoding=\"async\" src=\"https:\/\/www.europesays.com\/fr\/wp-content\/uploads\/2025\/12\/GettyImages-2252788118zqf51jHPYy.jpg\" alt=\"Lena, Charlotte et Mia, la triplette de Sandringham.\"\/><strong>Lena, Charlotte et Mia, la triplette de Sandringham.<\/strong> \u00a9 Mark Cuthbert \/ Getty Images<\/p>\n<p>Lire aussi &gt;&gt; <a target=\"_blank\" href=\"https:\/\/www.pointdevue.fr\/royal\/royaume-uni\/charlotte-et-sa-cousine-mia-tindall-une-complicite-si-evidente\" rel=\"noopener\">Charlotte et sa cousine Mia, une complicit\u00e9 si \u00e9vidente<\/a><\/p>\n<p><a href=\"https:\/\/www.pointdevue.fr\/quiz-royal?utm_source=edito&amp;utm_medium=inside_article&amp;utm_campaign=QUIZROYAL\" target=\"_blank\" rel=\"noopener\"><img decoding=\"async\" src=\"https:\/\/www.europesays.com\/fr\/wp-content\/uploads\/2025\/12\/605x385GUOAXudAF3.jpg\" alt=\"Testez votre expertise royaut\u00e9\"\/><\/a><strong>Testez votre expertise royaut\u00e9 et tentez de remporter de nombreux lots.<\/strong> \u00a9 Point de Vue<\/p>\n","protected":false},"excerpt":{"rendered":"Chez les Windsor, la complicit\u00e9 se transmet de g\u00e9n\u00e9ration en g\u00e9n\u00e9ration, la preuve avec la princesse Charlotte et&hellip;\n","protected":false},"author":2,"featured_media":624666,"comment_status":"","ping_status":"","sticky":false,"template":"","format":"standard","meta":{"footnotes":""},"categories":[1588],"tags":[11,1777,674,12,473,1853,1851,1850,1852],"class_list":{"0":"post-624665","1":"post","2":"type-post","3":"status-publish","4":"format-standard","5":"has-post-thumbnail","7":"category-royaume-uni","8":"tag-actualites","9":"tag-eu","10":"tag-europe","11":"tag-news","12":"tag-royaume-uni","13":"tag-royaume-uni-de-grande-bretagne-et-dirlande-du-nord","14":"tag-uk","15":"tag-united-kingdom","16":"tag-united-kingdom-of-great-britain-and-northern-ireland"},"share_on_mastodon":{"url":"https:\/\/pubeurope.com\/@fr\/115789923860443999","error":""},"_links":{"self":[{"href":"https:\/\/www.europesays.com\/fr\/wp-json\/wp\/v2\/posts\/624665","targetHints":{"allow":["GET"]}}],"collection":[{"href":"https:\/\/www.europesays.com\/fr\/wp-json\/wp\/v2\/posts"}],"about":[{"href":"https:\/\/www.europesays.com\/fr\/wp-json\/wp\/v2\/types\/post"}],"author":[{"embeddable":true,"href":"https:\/\/www.europesays.com\/fr\/wp-json\/wp\/v2\/users\/2"}],"replies":[{"embeddable":true,"href":"https:\/\/www.europesays.com\/fr\/wp-json\/wp\/v2\/comments?post=624665"}],"version-history":[{"count":0,"href":"https:\/\/www.europesays.com\/fr\/wp-json\/wp\/v2\/posts\/624665\/revisions"}],"wp:featuredmedia":[{"embeddable":true,"href":"https:\/\/www.europesays.com\/fr\/wp-json\/wp\/v2\/media\/624666"}],"wp:attachment":[{"href":"https:\/\/www.europesays.com\/fr\/wp-json\/wp\/v2\/media?parent=624665"}],"wp:term":[{"taxonomy":"category","embeddable":true,"href":"https:\/\/www.europesays.com\/fr\/wp-json\/wp\/v2\/categories?post=624665"},{"taxonomy":"post_tag","embeddable":true,"href":"https:\/\/www.europesays.com\/fr\/wp-json\/wp\/v2\/tags?post=624665"}],"curies":[{"name":"wp","href":"https:\/\/api.w.org\/{rel}","templated":true}]}}