{"id":624667,"date":"2025-12-27T05:39:12","date_gmt":"2025-12-27T05:39:12","guid":{"rendered":"https:\/\/www.europesays.com\/fr\/624667\/"},"modified":"2025-12-27T05:39:12","modified_gmt":"2025-12-27T05:39:12","slug":"quand-les-eglises-vides-changent-de-vocation","status":"publish","type":"post","link":"https:\/\/www.europesays.com\/fr\/624667\/","title":{"rendered":"quand les \u00e9glises vides changent de vocation"},"content":{"rendered":"<p>L\u2019Allemagne conna\u00eet une transformation silencieuse mais profonde de son paysage religieux. <a href=\"https:\/\/www.dw.com\/en\/germanys-empty-churches-repurposed-as-congregations-shrink\/a-75227388\" target=\"_blank\" rel=\"noopener\">La baisse continue du nombre de fid\u00e8les chr\u00e9tiens entra\u00eene la fermeture de centaines d\u2019\u00e9glises, contraintes de trouver une nouvelle utilit\u00e9 ou promises \u00e0 la vente, voire \u00e0 la d\u00e9molition.<\/a> Un ph\u00e9nom\u00e8ne qui illustre le recul du christianisme dans un pays longtemps structur\u00e9 autour de ses paroisses.<\/p>\n<p>Une pratique religieuse en chute libre<\/p>\n<p>En 2024, les deux principales confessions chr\u00e9tiennes du pays \u2013 l\u2019\u00c9glise catholique et l\u2019\u00c9glise protestante \u2013 ont perdu \u00e0 elles seules plus d\u2019un million de membres, entre d\u00e9c\u00e8s et d\u00e9saffiliations volontaires. Aujourd\u2019hui, un peu plus de 45 % des Allemands appartiennent encore \u00e0 l\u2019une de ces \u00c9glises, contre pr\u00e8s de 70 % il y a trente ans. Cette \u00e9volution d\u00e9mographique et culturelle a une cons\u00e9quence directe : de nombreux \u00e9difices religieux deviennent inutilis\u00e9s.<\/p>\n<p>Depuis le d\u00e9but des ann\u00e9es 2000, plus de 600 \u00e9glises catholiques ont \u00e9t\u00e9 officiellement d\u00e9sacralis\u00e9es, tandis que plusieurs centaines d\u2019\u00e9glises protestantes ont ferm\u00e9 leurs portes. Pour les communaut\u00e9s locales, ces d\u00e9cisions sont souvent v\u00e9cues comme des d\u00e9chirements. La d\u00e9saffectation d\u2019un lieu de culte s\u2019accompagne de rites lourds de sens, comme le retrait des reliques de l\u2019autel, marquant la fin d\u00e9finitive de sa fonction spirituelle.<\/p>\n<p>Des b\u00e2timents vendus, transform\u00e9s ou abandonn\u00e9s<\/p>\n<p>Une fois d\u00e9sacralis\u00e9es, ces \u00e9glises entrent dans une nouvelle phase de leur histoire. Certaines sont reprises par des communaut\u00e9s chr\u00e9tiennes minoritaires, notamment orthodoxes, mais ces cas restent marginaux. La majorit\u00e9 des b\u00e2timents est mise sur le march\u00e9 immobilier ou confi\u00e9e \u00e0 des projets de reconversion.<\/p>\n<p>Ainsi, dans plusieurs villes allemandes, d\u2019anciennes \u00e9glises accueillent d\u00e9sormais des commerces, des biblioth\u00e8ques, des bars ou des \u00e9quipements sportifs. \u00c0 J\u00fclich, entre Cologne et Aix-la-Chapelle, une ancienne \u00e9glise catholique a \u00e9t\u00e9 transform\u00e9e en magasin de v\u00e9los, sans modification majeure de son architecture ext\u00e9rieure. Ailleurs, des clo\u00eetres entiers ont \u00e9t\u00e9 convertis en complexes h\u00f4teliers, tandis que certaines \u00e9glises servent aujourd\u2019hui de salles de boxe ou de lieux culturels.<\/p>\n<p>La p\u00e9nurie de logements dans les grandes villes acc\u00e9l\u00e8re un autre type de reconversion : la transformation d\u2019\u00e9glises en immeubles r\u00e9sidentiels. \u00c0 Berlin, Cologne, Essen ou Wuppertal, d\u2019anciens lieux de culte ont \u00e9t\u00e9 divis\u00e9s en appartements. Les vitraux, les volumes int\u00e9rieurs et parfois m\u00eame les plaques comm\u00e9moratives d\u2019origine t\u00e9moignent encore de l\u2019usage pass\u00e9 des b\u00e2timents.<\/p>\n<p>Pour les nouveaux occupants, ces lieux offrent souvent des espaces atypiques, lumineux et calmes. Certains y voient une continuit\u00e9 indirecte de la vocation chr\u00e9tienne, estimant que loger des familles ou accueillir des services de sant\u00e9 et de soin reste une mani\u00e8re de servir la communaut\u00e9, m\u00eame sans dimension religieuse explicite.<\/p>\n<p>Une perte symbolique pour les quartiers<\/p>\n<p>Ces reconversions ne font cependant pas l\u2019unanimit\u00e9. Dans certains quartiers, les habitants regrettent la disparition d\u2019un rep\u00e8re familier : le silence des cloches, l\u2019arr\u00eat des horloges de clocher ou la fermeture d\u2019un lieu de rassemblement historique. Pour des urbanistes et historiens de l\u2019art, la question d\u00e9passe le simple usage immobilier.<\/p>\n<p>Le sympt\u00f4me d\u2019un basculement civilisationnel<\/p>\n<p>Au-del\u00e0 des solutions pratiques, la multiplication des \u00e9glises vides pose une question de fond : celle de la place du christianisme dans la soci\u00e9t\u00e9 allemande contemporaine. Ces b\u00e2timents, autrefois au c\u0153ur de la vie collective, deviennent les t\u00e9moins mat\u00e9riels d\u2019un recul spirituel durable. Leur reconversion, parfois pragmatique, parfois d\u00e9routante, refl\u00e8te un changement de civilisation dont les effets continueront de marquer le paysage urbain et culturel allemand dans les d\u00e9cennies \u00e0 venir.<\/p>\n<p>Illustration : DR<br \/>[cc] Article relu et corrig\u00e9 (orthographe, syntaxe) par ChatGPT.<\/p>\n<p>Breizh-info.com, 2025, d\u00e9p\u00eaches libres de copie et de diffusion sous r\u00e9serve de mention et de lien vers la source d\u2019origine..<\/p>\n","protected":false},"excerpt":{"rendered":"L\u2019Allemagne conna\u00eet une transformation silencieuse mais profonde de son paysage religieux. La baisse continue du nombre de fid\u00e8les&hellip;\n","protected":false},"author":2,"featured_media":624668,"comment_status":"","ping_status":"","sticky":false,"template":"","format":"standard","meta":{"footnotes":""},"categories":[1587],"tags":[11,672,1804,73418,1805,73419,73420,1803,8305,73421,73422,73423,1777,674,1801,2846,12,3342,73424,1802,73425,1352],"class_list":{"0":"post-624667","1":"post","2":"type-post","3":"status-publish","4":"format-standard","5":"has-post-thumbnail","7":"category-allemagne","8":"tag-actualites","9":"tag-allemagne","10":"tag-bundesrepublik-deutschland","11":"tag-crise-religieuse","12":"tag-de","13":"tag-dechristianisation","14":"tag-declin-du-christianisme-en-europe","15":"tag-deutschland","16":"tag-eglise-catholique","17":"tag-eglise-protestante","18":"tag-eglises-desaffectees","19":"tag-eglises-vides","20":"tag-eu","21":"tag-europe","22":"tag-germany","23":"tag-logements","24":"tag-news","25":"tag-patrimoine-religieux","26":"tag-reconversion-des-eglises","27":"tag-republique-federale-dallemagne","28":"tag-secularisation","29":"tag-urbanisme"},"share_on_mastodon":{"url":"https:\/\/pubeurope.com\/@fr\/115789926587648388","error":""},"_links":{"self":[{"href":"https:\/\/www.europesays.com\/fr\/wp-json\/wp\/v2\/posts\/624667","targetHints":{"allow":["GET"]}}],"collection":[{"href":"https:\/\/www.europesays.com\/fr\/wp-json\/wp\/v2\/posts"}],"about":[{"href":"https:\/\/www.europesays.com\/fr\/wp-json\/wp\/v2\/types\/post"}],"author":[{"embeddable":true,"href":"https:\/\/www.europesays.com\/fr\/wp-json\/wp\/v2\/users\/2"}],"replies":[{"embeddable":true,"href":"https:\/\/www.europesays.com\/fr\/wp-json\/wp\/v2\/comments?post=624667"}],"version-history":[{"count":0,"href":"https:\/\/www.europesays.com\/fr\/wp-json\/wp\/v2\/posts\/624667\/revisions"}],"wp:featuredmedia":[{"embeddable":true,"href":"https:\/\/www.europesays.com\/fr\/wp-json\/wp\/v2\/media\/624668"}],"wp:attachment":[{"href":"https:\/\/www.europesays.com\/fr\/wp-json\/wp\/v2\/media?parent=624667"}],"wp:term":[{"taxonomy":"category","embeddable":true,"href":"https:\/\/www.europesays.com\/fr\/wp-json\/wp\/v2\/categories?post=624667"},{"taxonomy":"post_tag","embeddable":true,"href":"https:\/\/www.europesays.com\/fr\/wp-json\/wp\/v2\/tags?post=624667"}],"curies":[{"name":"wp","href":"https:\/\/api.w.org\/{rel}","templated":true}]}}