{"id":62468,"date":"2025-04-29T18:43:07","date_gmt":"2025-04-29T18:43:07","guid":{"rendered":"https:\/\/www.europesays.com\/fr\/62468\/"},"modified":"2025-04-29T18:43:07","modified_gmt":"2025-04-29T18:43:07","slug":"la-compo-du-psg-contre-arsenal-luis-enrique-sort-lartillerie","status":"publish","type":"post","link":"https:\/\/www.europesays.com\/fr\/62468\/","title":{"rendered":"La compo du PSG contre Arsenal : Luis Enrique sort l&rsquo;artillerie"},"content":{"rendered":"<p data-testid=\"article-teaser\">Luis Enrique a sorti le grand jeu pour le onze du PSG face \u00e0 Arsenal, mardi.<\/p>\n<p><a href=\"https:\/\/www.goal.com\/fr\/news\/arsenal-psg-diffusion-tv-et-en-clair-streaming-et-compos-probables\/blt0004b19cc366fd2c\" target=\"_self\" rel=\"noopener\">Le Paris Saint-Germain se d\u00e9place \u00e0 l&rsquo;Emirates Stadium, ce mardi, pour d\u00e9fier Arsenal \u00e0 l&rsquo;occasion de la demi-finale aller de Ligue des Champions. <\/a>Une premi\u00e8re manche qui devrait permettre \u00e0 chacune des deux \u00e9quipes de prendre une option pour la finale de la comp\u00e9tition. \u00c9limin\u00e9 \u00e0 ce m\u00eame stade la saison derni\u00e8re, Luis Enrique met tous les ingr\u00e9dients qu&rsquo;il faut pour passer \u00e0 l&rsquo;\u00e9tape suivante cette fois-ci. Et cela passe par une compo redoutable align\u00e9e face aux Gunners, ce soir.<\/p>\n<p>L&rsquo;article continue ci-dessous<\/p>\n","protected":false},"excerpt":{"rendered":"Luis Enrique a sorti le grand jeu pour le onze du PSG face \u00e0 Arsenal, mardi. Le Paris&hellip;\n","protected":false},"author":2,"featured_media":62469,"comment_status":"","ping_status":"","sticky":false,"template":"","format":"standard","meta":{"footnotes":""},"categories":[1410],"tags":[5357,15381,63,1011,27,447,921,91,60],"class_list":{"0":"post-62468","1":"post","2":"type-post","3":"status-publish","4":"format-standard","5":"has-post-thumbnail","7":"category-football","8":"tag-arsenal","9":"tag-arsenal-vs-paris-saint-germain","10":"tag-football","11":"tag-fr","12":"tag-france","13":"tag-ligue-des-champions","14":"tag-luis-enrique","15":"tag-paris-saint-germain","16":"tag-sports"},"share_on_mastodon":{"url":"https:\/\/pubeurope.com\/@fr\/114422730217309483","error":""},"_links":{"self":[{"href":"https:\/\/www.europesays.com\/fr\/wp-json\/wp\/v2\/posts\/62468","targetHints":{"allow":["GET"]}}],"collection":[{"href":"https:\/\/www.europesays.com\/fr\/wp-json\/wp\/v2\/posts"}],"about":[{"href":"https:\/\/www.europesays.com\/fr\/wp-json\/wp\/v2\/types\/post"}],"author":[{"embeddable":true,"href":"https:\/\/www.europesays.com\/fr\/wp-json\/wp\/v2\/users\/2"}],"replies":[{"embeddable":true,"href":"https:\/\/www.europesays.com\/fr\/wp-json\/wp\/v2\/comments?post=62468"}],"version-history":[{"count":0,"href":"https:\/\/www.europesays.com\/fr\/wp-json\/wp\/v2\/posts\/62468\/revisions"}],"wp:featuredmedia":[{"embeddable":true,"href":"https:\/\/www.europesays.com\/fr\/wp-json\/wp\/v2\/media\/62469"}],"wp:attachment":[{"href":"https:\/\/www.europesays.com\/fr\/wp-json\/wp\/v2\/media?parent=62468"}],"wp:term":[{"taxonomy":"category","embeddable":true,"href":"https:\/\/www.europesays.com\/fr\/wp-json\/wp\/v2\/categories?post=62468"},{"taxonomy":"post_tag","embeddable":true,"href":"https:\/\/www.europesays.com\/fr\/wp-json\/wp\/v2\/tags?post=62468"}],"curies":[{"name":"wp","href":"https:\/\/api.w.org\/{rel}","templated":true}]}}