{"id":624686,"date":"2025-12-27T05:55:19","date_gmt":"2025-12-27T05:55:19","guid":{"rendered":"https:\/\/www.europesays.com\/fr\/624686\/"},"modified":"2025-12-27T05:55:19","modified_gmt":"2025-12-27T05:55:19","slug":"elodie-poux-ce-trouble-neurologique-rare-quelle-partage-avec-brad-pitt","status":"publish","type":"post","link":"https:\/\/www.europesays.com\/fr\/624686\/","title":{"rendered":"\u00c9lodie Poux : ce trouble neurologique rare qu\u2019elle partage avec Brad Pitt"},"content":{"rendered":"<p>Encore peu connue du grand public il y a quelques ann\u00e9es,<br \/>\n<a href=\"https:\/\/www.closermag.fr\/people\/meconnaissable-cette-celebre-humoriste-a-litteralement-fondu-et-devoile-son-nouveau-visage-sur-instagram-3573522\" target=\"_blank\" rel=\"noopener\"><br \/>\n\u00c9lodie Poux, qui a chang\u00e9 physiquement<\/a>, s\u2019est<br \/>\n<strong>impos\u00e9e<\/strong> progressivement sur la<br \/>\n<strong>sc\u00e8ne<\/strong> humoristique et t\u00e9l\u00e9visuelle fran\u00e7aise.<br \/>\n<strong>Humoriste, com\u00e9dienne, chroniqueuse<\/strong> et d\u00e9sormais<br \/>\n<strong>enqu\u00eatrice<\/strong> dans Mask Singer sur TF1, elle<br \/>\ns\u2019est fait une <strong>place<\/strong> de choix aupr\u00e8s du public<br \/>\ngr\u00e2ce \u00e0 son <strong>autod\u00e9rision<\/strong> et son sens du<br \/>\n<strong>d\u00e9calage<\/strong>. Mais derri\u00e8re ce<br \/>\n<strong>sourire<\/strong> permanent, l\u2019artiste doit composer avec un<br \/>\n<strong>trouble neurologique m\u00e9connu.<\/strong> La<br \/>\n<strong>prosopagnosie<\/strong>, une affection qui emp\u00eache de<br \/>\n<strong>reconna\u00eetre les visages.<\/strong><\/p>\n<p>C\u2019est dans l\u2019\u00e9mission Un dimanche \u00e0 la campagne anim\u00e9e<br \/>\npar Fr\u00e9d\u00e9ric Lopez et diffus\u00e9e sur France 2 en juin 2024 que<br \/>\nl\u2019humoriste s\u2019est confi\u00e9e en toute <strong>sinc\u00e9rit\u00e9<\/strong> sur<br \/>\ncette <strong>maladie<\/strong>. Face aux autres invit\u00e9s, elle a<br \/>\nexpliqu\u00e9 combien ce <strong>trouble<\/strong> pouvait parfois lui<br \/>\n<strong>compliquer<\/strong> la vie quotidienne.<\/p>\n<p>Un handicap discret mais bien r\u00e9el pour \u00c9lodie Poux<\/p>\n<p>\u00c9lodie Poux raconte souffrir de <strong>grandes difficult\u00e9s \u00e0<br \/>\nm\u00e9moriser les visages<\/strong> y compris ceux de personnes qu\u2019elle<br \/>\nvoit r\u00e9guli\u00e8rement. \u201cSi je rentre deux minutes dans la<br \/>\n<strong>maison<\/strong> et qu\u2019on vous <strong>remplace<\/strong><br \/>\ntous les trois, je <strong>continuerais la conversation comme si de<br \/>\nrien n\u2019\u00e9tait<\/strong>.\u201d explique-t-elle avec humour tout en<br \/>\nmesurant <strong>l\u2019impact<\/strong> concret que cela peut avoir. Ce<br \/>\ntrouble, appel\u00e9 prosopagnosie, toucherait environ <strong>3 % de la<br \/>\npopulation<\/strong>. Les personnes concern\u00e9es utilisent souvent<br \/>\nd\u2019autres <strong>rep\u00e8res<\/strong> : la <strong>voix<\/strong>, la<br \/>\n<strong>d\u00e9marche<\/strong>, <strong>l\u2019habillement<\/strong>\u2026 faute de<br \/>\npouvoir compter sur la <strong>reconnaissance<br \/>\nvisuelle.<\/strong><\/p>\n<p>L\u2019humoriste de <a href=\"https:\/\/www.closermag.fr\/people\/questions-du-jour\/question-du-jour-mask-singer-revient-lemission-de-tf1-a-t-elle-encore-vraiment-un-interet-3578924\" target=\"_blank\" rel=\"noopener\"><br \/>\nMask Singer<\/a> a d\u2019ailleurs d\u00e9j\u00e0 commis quelques<br \/>\n<strong>gaffes m\u00e9morables<\/strong>. Elle racontait notamment dans<br \/>\nVivement Dimanche sur France 3 avoir <strong>confondu<br \/>\nCatherine Lara avec une technicienne<\/strong> et lui avoir demand\u00e9\u2026<br \/>\nde <strong>repasser son col<\/strong> ! Une anecdote qu\u2019elle relate<br \/>\ntoujours avec <strong>tendresse<\/strong> et<br \/>\n<strong>autod\u00e9rision<\/strong>. Une belle preuve que la com\u00e9dienne a<br \/>\nchoisi de <strong>rire de son handicap<\/strong> tout en<br \/>\n<strong>sensibilisant<\/strong> sur une r\u00e9alit\u00e9 parfois<br \/>\n<strong>d\u00e9licate<\/strong> \u00e0 vivre au quotidien. \u201cJe fais des<br \/>\n<strong>bourdes toutes les 17 minutes<\/strong>. Mais au bout d\u2019un<br \/>\nmoment, <strong>je n\u2019y peux rien<\/strong>.\u201d<\/p>\n<p>Un trouble qu\u2019elle partage avec\u2026Brad<br \/>\nPitt<\/p>\n<p>La <strong>prosopagnosie<\/strong> n\u2019\u00e9pargne personne :<br \/>\n<strong>acteurs, humoristes, journalistes<\/strong>\u2026 Parmi les<br \/>\npersonnalit\u00e9s atteintes figure notamment <a href=\"https:\/\/www.closermag.fr\/people\/brad-pitt-qu-est-ce-que-la-prosopagnosie-la-maladie-dont-il-souffre-1455819\" target=\"_blank\" rel=\"noopener\"><br \/>\nBrad Pitt qui souffre de prosopagnosie<\/a>. Dans une interview<br \/>\naccord\u00e9e \u00e0 Esquire en 2013, l\u2019acteur am\u00e9ricain expliquait<br \/>\navoir longtemps <strong>souffert<\/strong> de l\u2019image qu\u2019on lui<br \/>\nattribuait. \u201cJe ne peux <strong>pas retenir un visage<\/strong>\u2026<br \/>\nTellement de gens pensent que je suis<br \/>\n<strong>pr\u00e9tentieux<\/strong>.\u201d En France, le <a href=\"https:\/\/www.closermag.fr\/people\/thierry-lhermitte-retablit-la-verite-cette-maladie-qu-on-lui-a-attribuee-a-tort-1513851\" target=\"_blank\" rel=\"noopener\"><br \/>\ncom\u00e9dien Thierry Lhermitte a d\u00e9menti souffrir de cette maladie<\/a>.<br \/>\nMais d\u2019autres c\u00e9l\u00e9brit\u00e9s ont ce <strong>trouble<\/strong> comme le<br \/>\njournaliste <strong>Philippe Vandel.<\/strong><\/p>\n<p>S\u2019il n\u2019existe <strong>pas de traitement<\/strong>, les patients<br \/>\napprennent \u00e0 d\u00e9velopper des <strong>strat\u00e9gies<\/strong>. \u00c9lodie<br \/>\nPoux ne fait pas exception : elle compense par son<br \/>\n<strong>intuition<\/strong>, son <strong>sens de<br \/>\nl\u2019observation<\/strong> et une <strong>m\u00e9moire auditive<\/strong><br \/>\ntr\u00e8s fine. Un <strong>atout<\/strong> pr\u00e9cieux dans Mask<br \/>\nSinger o\u00f9 la <strong>voix<\/strong> et les<br \/>\n<strong>indices<\/strong> comptent parfois davantage que<br \/>\n<strong>l\u2019apparence<\/strong>.<\/p>\n","protected":false},"excerpt":{"rendered":"Encore peu connue du grand public il y a quelques ann\u00e9es, \u00c9lodie Poux, qui a chang\u00e9 physiquement, s\u2019est&hellip;\n","protected":false},"author":2,"featured_media":624687,"comment_status":"","ping_status":"","sticky":false,"template":"","format":"standard","meta":{"footnotes":""},"categories":[1359],"tags":[21303,58,59,1011,27,70202,973,65861],"class_list":{"0":"post-624686","1":"post","2":"type-post","3":"status-publish","4":"format-standard","5":"has-post-thumbnail","7":"category-people","8":"tag-buzz_nonli","9":"tag-divertissement","10":"tag-entertainment","11":"tag-fr","12":"tag-france","13":"tag-marfeel_connexes","14":"tag-people","15":"tag-trend"},"share_on_mastodon":{"url":"https:\/\/pubeurope.com\/@fr\/115789989395514640","error":""},"_links":{"self":[{"href":"https:\/\/www.europesays.com\/fr\/wp-json\/wp\/v2\/posts\/624686","targetHints":{"allow":["GET"]}}],"collection":[{"href":"https:\/\/www.europesays.com\/fr\/wp-json\/wp\/v2\/posts"}],"about":[{"href":"https:\/\/www.europesays.com\/fr\/wp-json\/wp\/v2\/types\/post"}],"author":[{"embeddable":true,"href":"https:\/\/www.europesays.com\/fr\/wp-json\/wp\/v2\/users\/2"}],"replies":[{"embeddable":true,"href":"https:\/\/www.europesays.com\/fr\/wp-json\/wp\/v2\/comments?post=624686"}],"version-history":[{"count":0,"href":"https:\/\/www.europesays.com\/fr\/wp-json\/wp\/v2\/posts\/624686\/revisions"}],"wp:featuredmedia":[{"embeddable":true,"href":"https:\/\/www.europesays.com\/fr\/wp-json\/wp\/v2\/media\/624687"}],"wp:attachment":[{"href":"https:\/\/www.europesays.com\/fr\/wp-json\/wp\/v2\/media?parent=624686"}],"wp:term":[{"taxonomy":"category","embeddable":true,"href":"https:\/\/www.europesays.com\/fr\/wp-json\/wp\/v2\/categories?post=624686"},{"taxonomy":"post_tag","embeddable":true,"href":"https:\/\/www.europesays.com\/fr\/wp-json\/wp\/v2\/tags?post=624686"}],"curies":[{"name":"wp","href":"https:\/\/api.w.org\/{rel}","templated":true}]}}