{"id":624688,"date":"2025-12-27T05:56:30","date_gmt":"2025-12-27T05:56:30","guid":{"rendered":"https:\/\/www.europesays.com\/fr\/624688\/"},"modified":"2025-12-27T05:56:30","modified_gmt":"2025-12-27T05:56:30","slug":"une-nouvelle-galerie-dart-ouvre-ses-portes-a-marans","status":"publish","type":"post","link":"https:\/\/www.europesays.com\/fr\/624688\/","title":{"rendered":"Une nouvelle galerie d\u2019art ouvre ses portes \u00e0 Marans"},"content":{"rendered":"<p>Il annonce que \u00ab\u00a0la galerie Degriff\u2019Arts s\u2019inscrit dans la continuit\u00e9 de l\u2019esprit des galeries PromenArts\u00a0\u00bb dont il est le directeur. \u00ab\u00a0Elles sont pr\u00e9sentes \u00e0 Saint-Martin-de-R\u00e9, avec bient\u00f4t une deuxi\u00e8me galerie, La Baule (44) et L\u2019Isle-sur-la-Sorgue (84)\u00a0\u00bb, poursuit-il.<\/p>\n<p>\u00ab\u00a0J\u2019avais besoin d\u2019un lieu pour stocker des \u0153uvres diverses, pour me d\u00e9barrasser d\u2019un d\u00e9p\u00f4t de 2\u00a0000\u00a0m\u00b2 \u00e0 Laleu. J\u2019ai trouv\u00e9 ce b\u00e2timent qui me pla\u00eet et que j\u2019ai d\u00e9cid\u00e9 de mettre en avant, raconte Patrick Poireau. Ma galerie de L\u2019Isle-sur-la-Sorgue est voisine d\u2019un antiquaire qui est venu me dire\u00a0: \u00ab\u00a0Vous achetez mon b\u00e2timent \u00e0 Marans\u00a0\u00bb. C\u2019\u00e9tait Thierry Belhadj (l\u2019ancien maire, NDLR).\u00a0\u00bb<\/p>\n<p>Art accessible<\/p>\n<p>\u00ab\u00a0Notre ambition est d\u2019offrir au public de Marans et de ses alentours un espace o\u00f9 l\u2019art est \u00e0 la fois accessible, vivant et inspirant, pas le style des galeries \u00e0 la parisienne. Nous voulons que cette galerie soit libre, pour accueillir des artistes locaux pour exposer. On y croit\u00a0\u00bb, d\u00e9clare-t-il.<\/p>\n<p>La galerie propose des peintures d\u2019artistes locaux et autres, comme les \u0153uvres de Jean-Louis Foulquier, des meubles, des sculptures et divers objets d\u2019art. Le rez-de-chauss\u00e9e pr\u00e9sente des \u0153uvres \u00e0 acheter. L\u2019\u00e9tage, am\u00e9nag\u00e9 en salon, est plut\u00f4t un lieu pour se poser et \u00e9changer.<\/p>\n","protected":false},"excerpt":{"rendered":"Il annonce que \u00ab\u00a0la galerie Degriff\u2019Arts s\u2019inscrit dans la continuit\u00e9 de l\u2019esprit des galeries PromenArts\u00a0\u00bb dont il est&hellip;\n","protected":false},"author":2,"featured_media":624689,"comment_status":"","ping_status":"","sticky":false,"template":"","format":"standard","meta":{"footnotes":""},"categories":[1358],"tags":[1348,1384,1385,1386,58,59,1011,27],"class_list":{"0":"post-624688","1":"post","2":"type-post","3":"status-publish","4":"format-standard","5":"has-post-thumbnail","7":"category-arts-et-design","8":"tag-arts","9":"tag-arts-and-design","10":"tag-arts-et-design","11":"tag-design","12":"tag-divertissement","13":"tag-entertainment","14":"tag-fr","15":"tag-france"},"share_on_mastodon":{"url":"https:\/\/pubeurope.com\/@fr\/115789993271354915","error":""},"_links":{"self":[{"href":"https:\/\/www.europesays.com\/fr\/wp-json\/wp\/v2\/posts\/624688","targetHints":{"allow":["GET"]}}],"collection":[{"href":"https:\/\/www.europesays.com\/fr\/wp-json\/wp\/v2\/posts"}],"about":[{"href":"https:\/\/www.europesays.com\/fr\/wp-json\/wp\/v2\/types\/post"}],"author":[{"embeddable":true,"href":"https:\/\/www.europesays.com\/fr\/wp-json\/wp\/v2\/users\/2"}],"replies":[{"embeddable":true,"href":"https:\/\/www.europesays.com\/fr\/wp-json\/wp\/v2\/comments?post=624688"}],"version-history":[{"count":0,"href":"https:\/\/www.europesays.com\/fr\/wp-json\/wp\/v2\/posts\/624688\/revisions"}],"wp:featuredmedia":[{"embeddable":true,"href":"https:\/\/www.europesays.com\/fr\/wp-json\/wp\/v2\/media\/624689"}],"wp:attachment":[{"href":"https:\/\/www.europesays.com\/fr\/wp-json\/wp\/v2\/media?parent=624688"}],"wp:term":[{"taxonomy":"category","embeddable":true,"href":"https:\/\/www.europesays.com\/fr\/wp-json\/wp\/v2\/categories?post=624688"},{"taxonomy":"post_tag","embeddable":true,"href":"https:\/\/www.europesays.com\/fr\/wp-json\/wp\/v2\/tags?post=624688"}],"curies":[{"name":"wp","href":"https:\/\/api.w.org\/{rel}","templated":true}]}}