{"id":624690,"date":"2025-12-27T05:58:47","date_gmt":"2025-12-27T05:58:47","guid":{"rendered":"https:\/\/www.europesays.com\/fr\/624690\/"},"modified":"2025-12-27T05:58:47","modified_gmt":"2025-12-27T05:58:47","slug":"demain-nous-appartient-spoiler-cest-la-guerre-chez-soizic","status":"publish","type":"post","link":"https:\/\/www.europesays.com\/fr\/624690\/","title":{"rendered":"Demain nous appartient (spoiler)\u00a0: c\u2019est la guerre chez Soizic\u00a0!"},"content":{"rendered":"<p>\n\t\t\t\t\t\tPubli\u00e9 le 26\/12\/2025 \u00e0 19:00<\/p>\n<p>Soizic a un nouveau r\u00e9sident dans son appartement dans la suite de la s\u00e9rie <strong>Demain nous appartient<\/strong>. Dans le courant du mois de janvier 2026 sur TF1, la v\u00e9rit\u00e9 va finir par \u00e9clater.<\/p>\n<p>Dans les prochains \u00e9pisodes de la s\u00e9rie <a href=\"https:\/\/toutelatele.ouest-france.fr\/demain-nous-appartient-1374\" target=\"_blank\" rel=\"noopener\"><strong> Demain nous appartient<\/strong> <\/a>, Alain est sous le choc en revoyant l\u2019un de ses fils, Pedro.<\/p>\n<p>Ce dernier fait son retour lors du d\u00eener de No\u00ebl. D\u2019ici la fin de l\u2019ann\u00e9e 2025 sur l\u2019antenne de <a href=\"https:\/\/toutelatele.ouest-france.fr\/tf1-010\" target=\"_blank\" rel=\"noopener\"><strong>TF1<\/strong><\/a>, le cadet fait un aveu qui suscite le d\u00e9bat\u00a0: il a eu beaucoup de mal \u00e0 accepter que son p\u00e8re ait un autre fils lorsque Fran\u00e7ois l\u2019a contact\u00e9.<\/p>\n<p> Demain nous appartient\u00a0: Pedro fait une annonce choc<\/p>\n<p>Soizic (<strong>Charlie Nune<\/strong>) est persuad\u00e9e que s\u2019il a fait tout ce chemin, c\u2019est parce qu\u2019il souhaite \u00eatre aux c\u00f4t\u00e9s de son p\u00e8re et partager quelques bons moments avec lui. En revanche, Pedro semble particuli\u00e8rement int\u00e9ress\u00e9 par le petit Orso. Il tend l\u2019oreille lorsque Soizic et Alain (<strong>Christian Vadim<\/strong>) parlent du b\u00e9b\u00e9 et du fait qu\u2019il soit tr\u00e8s malade, touch\u00e9 par une infection pulmonaire. Et si sa venue n\u2019\u00e9tait pas le fruit du hasard\u00a0?<\/p>\n<p>Quelques jours plus t\u00f4t, William a en effet \u00e9t\u00e9 pist\u00e9 par une voiture dont le conducteur reste inconnu. Sofia a aper\u00e7u un visage, mais William (<strong>Kamel Belghazi<\/strong>) ne l\u2019a pas reconnu, car l\u2019homme portait une casquette. Et si Pedro \u00e9tait venu pour enlever Orso\u00a0? Cette hypoth\u00e8se semble de plus en plus cr\u00e9dible au vu du comportement du fils d\u2019Alain ces derniers jours. Quoi qu\u2019il en soit, la v\u00e9rit\u00e9 \u00e9clatera d\u00e8s le 1er janvier 2026.<\/p>\n<p> Demain nous appartient\u00a0: Alain a-t-il un lien avec Orso\u00a0?<\/p>\n<p>Alain va bient\u00f4t d\u00e9couvrir les v\u00e9ritables raisons de la pr\u00e9sence de Pedro dans la ville de S\u00e8te. Le comportement du jeune homme commence \u00e0 cr\u00e9er de vives tensions au sein de la famille Lehaut. Au cours du mois de janvier 2026 sur TF1, Adam (<strong>Alain le Bars<\/strong>) va s\u2019en prendre tr\u00e8s violemment au fils d\u2019Alain. Que lui reproche-t-il exactement\u00a0? Une chose est s\u00fbre\u00a0: c\u2019est la guerre chez Soizic\u00a0!<\/p>\n<p>C\u00f4t\u00e9 audiences, la s\u00e9rie quotidienne de la Une a r\u00e9uni en moyenne 2,19 millions de t\u00e9l\u00e9spectateurs entre le 1er septembre 2025 et le 19 d\u00e9cembre 2025, soit 14,2\u00a0% de part de march\u00e9 aupr\u00e8s des quatre ans et plus. Le feuilleton accuse ainsi une baisse de 0,9 point de part d\u2019audience sur un an en lin\u00e9aire.<\/p>\n<p>La s\u00e9rie Demain nous appartient est \u00e0 retrouver du lundi au vendredi \u00e0 19h15 sur TF1.<\/p>\n","protected":false},"excerpt":{"rendered":"Publi\u00e9 le 26\/12\/2025 \u00e0 19:00 Soizic a un nouveau r\u00e9sident dans son appartement dans la suite de la&hellip;\n","protected":false},"author":2,"featured_media":624691,"comment_status":"","ping_status":"","sticky":false,"template":"","format":"standard","meta":{"footnotes":""},"categories":[1356],"tags":[58,59,1011,27,252,1364],"class_list":{"0":"post-624690","1":"post","2":"type-post","3":"status-publish","4":"format-standard","5":"has-post-thumbnail","7":"category-television","8":"tag-divertissement","9":"tag-entertainment","10":"tag-fr","11":"tag-france","12":"tag-television","13":"tag-tv"},"share_on_mastodon":{"url":"https:\/\/pubeurope.com\/@fr\/115790001295736450","error":""},"_links":{"self":[{"href":"https:\/\/www.europesays.com\/fr\/wp-json\/wp\/v2\/posts\/624690","targetHints":{"allow":["GET"]}}],"collection":[{"href":"https:\/\/www.europesays.com\/fr\/wp-json\/wp\/v2\/posts"}],"about":[{"href":"https:\/\/www.europesays.com\/fr\/wp-json\/wp\/v2\/types\/post"}],"author":[{"embeddable":true,"href":"https:\/\/www.europesays.com\/fr\/wp-json\/wp\/v2\/users\/2"}],"replies":[{"embeddable":true,"href":"https:\/\/www.europesays.com\/fr\/wp-json\/wp\/v2\/comments?post=624690"}],"version-history":[{"count":0,"href":"https:\/\/www.europesays.com\/fr\/wp-json\/wp\/v2\/posts\/624690\/revisions"}],"wp:featuredmedia":[{"embeddable":true,"href":"https:\/\/www.europesays.com\/fr\/wp-json\/wp\/v2\/media\/624691"}],"wp:attachment":[{"href":"https:\/\/www.europesays.com\/fr\/wp-json\/wp\/v2\/media?parent=624690"}],"wp:term":[{"taxonomy":"category","embeddable":true,"href":"https:\/\/www.europesays.com\/fr\/wp-json\/wp\/v2\/categories?post=624690"},{"taxonomy":"post_tag","embeddable":true,"href":"https:\/\/www.europesays.com\/fr\/wp-json\/wp\/v2\/tags?post=624690"}],"curies":[{"name":"wp","href":"https:\/\/api.w.org\/{rel}","templated":true}]}}