{"id":624692,"date":"2025-12-27T05:59:15","date_gmt":"2025-12-27T05:59:15","guid":{"rendered":"https:\/\/www.europesays.com\/fr\/624692\/"},"modified":"2025-12-27T05:59:15","modified_gmt":"2025-12-27T05:59:15","slug":"francis-cabrel-sa-mort-annoncee-par-michel-polnareff-lheure-des-excuses-a-sonne","status":"publish","type":"post","link":"https:\/\/www.europesays.com\/fr\/624692\/","title":{"rendered":"Francis Cabrel : sa mort annonc\u00e9e par Michel Polnareff, l\u2019heure des excuses a sonn\u00e9"},"content":{"rendered":"<p>      R\u00e9sum\u00e9<\/p>\n<p>Michel Polnareff a pr\u00e9sent\u00e9 ses excuses apr\u00e8s avoir relay\u00e9 par erreur une fausse annonce de d\u00e9c\u00e8s de Francis Cabrel, r\u00e9cemment class\u00e9 troisi\u00e8me personnalit\u00e9 pr\u00e9f\u00e9r\u00e9e des Fran\u00e7ais.<\/p>\n<p>        Sommaire<\/p>\n<p>A l&rsquo;heure de l&rsquo;intelligence artificielle et des photos-montages, la prudence est essentielle. Mais elle a malheureusement manqu\u00e9 \u00e0 Michel Polnareff, qui, en milieu de semaine, <strong>a cru bon de rendre hommage \u00e0 son ami Francis Cabrel<\/strong>. Annonc\u00e9 mort, \u00e0 tort, dans une photo-montage que l&rsquo;Amiral a relay\u00e9e, le chanteur va tr\u00e8s bien. Il vient ce vendredi d&rsquo;\u00eatre sacr\u00e9 troisi\u00e8me personnalit\u00e9 pr\u00e9f\u00e9r\u00e9e des Fran\u00e7ais, <a href=\"https:\/\/www.public.fr\/jean-jacques-goldman-et-florent-pagny-la-guerre-est-declaree\" target=\"_blank\" rel=\"noopener\">juste derri\u00e8re Florent Pagny et Jean-Jacques Goldman<\/a>, dans le classement annuel de l&rsquo;Ifop pour TF1-LCI.<\/p>\n<p>Bien que r\u00e9parant <strong>rapidement son erreur en supprimant son tweet<\/strong>, Michel Polnareff n&rsquo;est pas pass\u00e9 inaper\u00e7u. Sur X, depuis quarante-huit heures, l&rsquo;interpr\u00e8te de Lettre \u00e0 France tente de faire oublier son erreur. A un internaute qui l&rsquo;a relay\u00e9e et s&rsquo;en est ouvertement moqu\u00e9,<strong> il demande de supprimer<\/strong> : \u00ab\u00a0Il me semble (m&rsquo;\u00eatre) expliqu\u00e9 \u00e0 ce sujet. Mersea de supprimer ce post\u00a0\u00bb.<\/p>\n<p>Effectivement, Michel Polnareff a tr\u00e8s vite r\u00e9agi. Dans un tweet publi\u00e9 quelques minutes plus tard, <a href=\"https:\/\/vsd.fr\/92268-michel-polnareff-une-photo-nue-du-chanteur-proposee-aux-encheres\/\" target=\"_blank\" rel=\"noopener\">le chanteur de 80 ans<\/a> pr\u00e9sente ses plus plates excuses \u00e0 Francis Cabrel : \u00ab\u00a0J\u2019aime beaucoup Francis Cabrel qui est un mec \u00e9patant et talentueux. <strong>Sous le coup de l\u2019\u00e9motion j\u2019ai r\u00e9agi trop vite \u00e0 ce fake qui heureusement en est un<\/strong>. J\u2019ai eu moi-m\u00eame droit \u00e0 ce genre de fausse information. Longue vie \u00e0 Francis\u00a0\u00bb. <\/p>\n<p>Michel Polnareff est d\u00e9j\u00e0 pass\u00e9 \u00e0 autre chose<\/p>\n<p>Les deux hommes, <strong>tous deux natifs du Lot-et-Garonne<\/strong>, se connaissent bien. S&rsquo;ils n&rsquo;ont jamais collabor\u00e9 ensemble, ils se sont toutefois rencontr\u00e9s \u00e0 plusieurs reprises. Ils ne sont pas amis, mais se respectent. Francis Cabrel a d&rsquo;ailleurs assist\u00e9 il y a quelques ann\u00e9es \u00e0 un Z\u00e9nith de son coll\u00e8gue \u00e0 Toulouse. Un respect mutuel et immuable, que cette erreur n&rsquo;annihilera pas.<\/p>\n<p>En attendant, Michel Polnareff profite de <a href=\"https:\/\/www.public.fr\/michel-polnareff-a-mis-son-fils-louka-au-monde-dans-des-circonstances-incroyables-la-sage-femme-dormait\" target=\"_blank\" rel=\"noopener\">son fils Louka<\/a>, qui, en ce dimanche 28 d\u00e9cembre, <strong>c\u00e9l\u00e8brera son 15e anniversaire<\/strong>. Il a d&rsquo;ailleurs tourn\u00e9 une vid\u00e9o de ce dernier, qu&rsquo;il partagera sur ses r\u00e9seaux \u00e0 l&rsquo;occasion. L&rsquo;adolescent appara\u00eet dans une baignoire remplie de mousse, dans un look similaire \u00e0 celui de son tr\u00e8s cher papa. La rel\u00e8ve est d\u00e9j\u00e0 l\u00e0 !<\/p>\n<p>\n          Hits &amp; People en continu\n        <\/p>\n<p>\n          Public Radio\n        <\/p>\n<p>      Mentionn\u00e9s dans cet article<\/p>\n<p>      Sur le m\u00eame sujet<\/p>\n","protected":false},"excerpt":{"rendered":"R\u00e9sum\u00e9 Michel Polnareff a pr\u00e9sent\u00e9 ses excuses apr\u00e8s avoir relay\u00e9 par erreur une fausse annonce de d\u00e9c\u00e8s de&hellip;\n","protected":false},"author":2,"featured_media":624693,"comment_status":"","ping_status":"","sticky":false,"template":"","format":"standard","meta":{"footnotes":""},"categories":[1355],"tags":[58,59,842,1011,27,49086,1743,18,1361,873],"class_list":{"0":"post-624692","1":"post","2":"type-post","3":"status-publish","4":"format-standard","5":"has-post-thumbnail","7":"category-musique","8":"tag-divertissement","9":"tag-entertainment","10":"tag-fake-news","11":"tag-fr","12":"tag-france","13":"tag-francis-cabrel","14":"tag-michel-polnareff","15":"tag-mort","16":"tag-music","17":"tag-musique"},"share_on_mastodon":{"url":"https:\/\/pubeurope.com\/@fr\/115790005315500115","error":""},"_links":{"self":[{"href":"https:\/\/www.europesays.com\/fr\/wp-json\/wp\/v2\/posts\/624692","targetHints":{"allow":["GET"]}}],"collection":[{"href":"https:\/\/www.europesays.com\/fr\/wp-json\/wp\/v2\/posts"}],"about":[{"href":"https:\/\/www.europesays.com\/fr\/wp-json\/wp\/v2\/types\/post"}],"author":[{"embeddable":true,"href":"https:\/\/www.europesays.com\/fr\/wp-json\/wp\/v2\/users\/2"}],"replies":[{"embeddable":true,"href":"https:\/\/www.europesays.com\/fr\/wp-json\/wp\/v2\/comments?post=624692"}],"version-history":[{"count":0,"href":"https:\/\/www.europesays.com\/fr\/wp-json\/wp\/v2\/posts\/624692\/revisions"}],"wp:featuredmedia":[{"embeddable":true,"href":"https:\/\/www.europesays.com\/fr\/wp-json\/wp\/v2\/media\/624693"}],"wp:attachment":[{"href":"https:\/\/www.europesays.com\/fr\/wp-json\/wp\/v2\/media?parent=624692"}],"wp:term":[{"taxonomy":"category","embeddable":true,"href":"https:\/\/www.europesays.com\/fr\/wp-json\/wp\/v2\/categories?post=624692"},{"taxonomy":"post_tag","embeddable":true,"href":"https:\/\/www.europesays.com\/fr\/wp-json\/wp\/v2\/tags?post=624692"}],"curies":[{"name":"wp","href":"https:\/\/api.w.org\/{rel}","templated":true}]}}