{"id":62470,"date":"2025-04-29T18:44:17","date_gmt":"2025-04-29T18:44:17","guid":{"rendered":"https:\/\/www.europesays.com\/fr\/62470\/"},"modified":"2025-04-29T18:44:17","modified_gmt":"2025-04-29T18:44:17","slug":"alain-fabien-delon-est-papa-et-a-donne-un-prenom-tres-symbolique-a-son-premier-enfant","status":"publish","type":"post","link":"https:\/\/www.europesays.com\/fr\/62470\/","title":{"rendered":"Alain-Fabien Delon est papa et a donn\u00e9 un pr\u00e9nom tr\u00e8s symbolique \u00e0 son premier enfant"},"content":{"rendered":"<p>        <img decoding=\"async\" loading=\"lazy\" src=\"https:\/\/www.europesays.com\/fr\/wp-content\/uploads\/2025\/04\/c03591b_sirius-fs-upload-1-vpbyx3yvzlpy-1738849183811-gettyimages-1336877292.jpg\"  width=\"728\" height=\"409\" alt=\"Alain-Fabien Delon, ici au mois d\u2019ao\u00fbt 2021, \u00e0 Angoul\u00eame.\"\/>  <\/p>\n<p>Stephane Cardinale &#8211; Corbis \/ Corbis via Getty Images<\/p>\n<p>Alain-Fabien Delon, ici au mois d\u2019ao\u00fbt 2021, \u00e0 Angoul\u00eame.<\/p>\n<p class=\"asset asset-text\">CARNET ROSE &#8211; Alain-Fabien Delon est papa. <a href=\"https:\/\/www.huffingtonpost.fr\/people\/article\/alain-fabien-delon-le-fils-cadet-d-alain-delon-va-etre-papa-j-aurais-tant-aime-que-mon-pere-le-sache_245863.html\" rel=\"nofollow noopener\" target=\"_blank\">Le plus jeune des fils<\/a> d\u2019<a href=\"https:\/\/www.huffingtonpost.fr\/people\/article\/le-proces-qui-oppose-les-enfants-d-alain-delon-est-reporte-pour-des-raisons-tenues-secretes_248669.html\" rel=\"nofollow noopener\" target=\"_blank\">Alain Delon<\/a> a partag\u00e9 la nouvelle sur Instagram, ce mardi 29\u00a0avril, donnant par l\u00e0 m\u00eame le pr\u00e9nom tr\u00e8s symbolique de ce premier enfant qu\u2019il vient d\u2019accueillir avec sa compagne Laura Bensadoun\u00a0: une petite fille pr\u00e9nomm\u00e9 Romy.<\/p>\n<p class=\"asset asset-text\">S\u2019agit-il d\u2019un clin d\u2019\u0153il \u00e0 <a href=\"https:\/\/www.huffingtonpost.fr\/people\/article\/le-discret-et-tres-bel-hommage-d-alain-delon-en-souvenir-de-romy-schneider_131563.html\" rel=\"nofollow noopener\" target=\"_blank\">Romy Schneider<\/a>, c\u00e9l\u00e8bre com\u00e9dienne que son p\u00e8re d\u00e9c\u00e9d\u00e9 a tant aim\u00e9\u00a0? Pas un mot dessus. \u00ab\u00a0Ce matin, Romy Delon est n\u00e9e. Une petite fleur qui ne nous apportera que du bonheur\u00a0\u00bb, a-t-il tout simplement \u00e9crit en story sur un fond noir, avant de partager une photo montrant sa petite main dans la sienne.<\/p>\n<p class=\"asset asset-text\">Ce dernier avait annonc\u00e9 dans le courant du mois de f\u00e9vrier que lui et sa partenaire allaient \u00eatre parents. Une annonce faite \u00e0 la presse depuis la maison de Douchy-Montcorbon, vaste propri\u00e9t\u00e9 dans le Loiret dans laquelle Alain Delon a pass\u00e9 ses derniers jours. \u00ab\u00a0J\u2019aurais tant aim\u00e9 que mon p\u00e8re le sache, avait-il d\u00e9clar\u00e9 \u00e0 Paris Match. Ici, \u00e0 Douchy, au moment o\u00f9 une vie partait, une autre se concevait. Presque en temps r\u00e9el, comme un signe.\u00a0\u00bb<\/p>\n<p>         <img decoding=\"async\" loading=\"lazy\" src=\"https:\/\/www.europesays.com\/fr\/wp-content\/uploads\/2025\/04\/80dc4c0_sirius-fs-upload-1-zucb6oxvtsir-1745935954266-img-7678.png\"  width=\"728\" height=\"1295\" alt=\"Alain-Fabien Delon annonce la naissance de sa fille, Romy.\"\/>  <\/p>\n<p>Instagram @alainfabiendelon<\/p>\n<p>Alain-Fabien Delon annonce la naissance de sa fille, Romy.<\/p>\n<p class=\"asset asset-text\">Laura Bensadoun, avec qui il est en couple depuis un peu plus d\u2019un an, a pour sa part document\u00e9 avec enthousiasme l\u2019\u00e9volution de sa grossesse au fil des mois sur son profil Instagram, comme dans le clich\u00e9 ci-dessous du d\u00e9but du mois l\u00e9gend\u00e9 \u00ab\u00a0patiemment en train d\u2019attendre\u00a0\u00bb.<\/p>\n<p> La lecture de ce contenu est susceptible d\u2019entra\u00eener un d\u00e9p\u00f4t de cookies de la part de l\u2019op\u00e9rateur tiers qui l\u2019h\u00e9berge. Compte-tenu des choix que vous avez exprim\u00e9s en mati\u00e8re de d\u00e9p\u00f4t de cookies, nous avons bloqu\u00e9 l\u2019affichage de ce contenu. Si vous souhaitez y acc\u00e9der, vous devez accepter la cat\u00e9gorie de cookies \u201cContenus tiers\u201d en cliquant sur le bouton ci-dessous. <\/p>\n<p> Lire la Vid\u00e9o        <\/p>\n<p class=\"asset asset-text\">Il y a toutefois peu de chance pour que cette derni\u00e8re et Alain-Fabien Delon \u00e9l\u00e8vent leur enfant \u00e0 Douchy. \u00ab\u00a0Je crois qu\u2019il va me falloir du temps pour effacer [les mauvais souvenirs] et imaginer mon gosse courir ici, m\u00eame si je sais qu\u2019on reviendra toujours parce qu\u2019il a \u00e9t\u00e9 con\u00e7u \u00e0 Douchy et que c\u2019est l\u00e0 que papa repose\u00a0\u00bb, a-t-il d\u00e9clar\u00e9, toujours \u00e0 Paris Match. Son p\u00e8re est d\u00e9c\u00e9d\u00e9 au mois d\u2019ao\u00fbt dernier, apr\u00e8s plusieurs ann\u00e9es pass\u00e9es \u00e0 vivre loin des projecteurs et des tapis rouges, suite \u00e0 un\u00a0grave AVC survenu en 2019.<\/p>\n<p class=\"asset asset-text\"><strong>\u00c0 voir \u00e9galement sur Le HuffPost\u00a0:<\/strong><\/p>\n<p> La lecture de ce contenu est susceptible d\u2019entra\u00eener un d\u00e9p\u00f4t de cookies de la part de l\u2019op\u00e9rateur tiers qui l\u2019h\u00e9berge. Compte-tenu des choix que vous avez exprim\u00e9s en mati\u00e8re de d\u00e9p\u00f4t de cookies, nous avons bloqu\u00e9 l\u2019affichage de ce contenu. Si vous souhaitez y acc\u00e9der, vous devez accepter la cat\u00e9gorie de cookies \u201cContenus tiers\u201d en cliquant sur le bouton ci-dessous. <\/p>\n<p> Lire la Vid\u00e9o                <\/p>\n","protected":false},"excerpt":{"rendered":"Stephane Cardinale &#8211; Corbis \/ Corbis via Getty Images Alain-Fabien Delon, ici au mois d\u2019ao\u00fbt 2021, \u00e0 Angoul\u00eame.&hellip;\n","protected":false},"author":2,"featured_media":62471,"comment_status":"","ping_status":"","sticky":false,"template":"","format":"standard","meta":{"footnotes":""},"categories":[1359],"tags":[5960,58,59,1011,27,973],"class_list":{"0":"post-62470","1":"post","2":"type-post","3":"status-publish","4":"format-standard","5":"has-post-thumbnail","7":"category-people","8":"tag-alain-delon","9":"tag-divertissement","10":"tag-entertainment","11":"tag-fr","12":"tag-france","13":"tag-people"},"share_on_mastodon":{"url":"https:\/\/pubeurope.com\/@fr\/114422734139556055","error":""},"_links":{"self":[{"href":"https:\/\/www.europesays.com\/fr\/wp-json\/wp\/v2\/posts\/62470","targetHints":{"allow":["GET"]}}],"collection":[{"href":"https:\/\/www.europesays.com\/fr\/wp-json\/wp\/v2\/posts"}],"about":[{"href":"https:\/\/www.europesays.com\/fr\/wp-json\/wp\/v2\/types\/post"}],"author":[{"embeddable":true,"href":"https:\/\/www.europesays.com\/fr\/wp-json\/wp\/v2\/users\/2"}],"replies":[{"embeddable":true,"href":"https:\/\/www.europesays.com\/fr\/wp-json\/wp\/v2\/comments?post=62470"}],"version-history":[{"count":0,"href":"https:\/\/www.europesays.com\/fr\/wp-json\/wp\/v2\/posts\/62470\/revisions"}],"wp:featuredmedia":[{"embeddable":true,"href":"https:\/\/www.europesays.com\/fr\/wp-json\/wp\/v2\/media\/62471"}],"wp:attachment":[{"href":"https:\/\/www.europesays.com\/fr\/wp-json\/wp\/v2\/media?parent=62470"}],"wp:term":[{"taxonomy":"category","embeddable":true,"href":"https:\/\/www.europesays.com\/fr\/wp-json\/wp\/v2\/categories?post=62470"},{"taxonomy":"post_tag","embeddable":true,"href":"https:\/\/www.europesays.com\/fr\/wp-json\/wp\/v2\/tags?post=62470"}],"curies":[{"name":"wp","href":"https:\/\/api.w.org\/{rel}","templated":true}]}}