{"id":624712,"date":"2025-12-27T06:13:20","date_gmt":"2025-12-27T06:13:20","guid":{"rendered":"https:\/\/www.europesays.com\/fr\/624712\/"},"modified":"2025-12-27T06:13:20","modified_gmt":"2025-12-27T06:13:20","slug":"la-direction-dhabitat-et-metropole-prend-de-la-hauteur-dans-ses-nouveaux-locaux","status":"publish","type":"post","link":"https:\/\/www.europesays.com\/fr\/624712\/","title":{"rendered":"la direction d\u2019Habitat et M\u00e9tropole prend de la hauteur dans ses nouveaux locaux"},"content":{"rendered":"<p>Il y a un peu plus d\u2019un mois, une partie des collaboratrices et collaborateurs d\u2019Habitat et M\u00e9tropole du 19 rue Honor\u00e9-de-Balzac \u00e0 Saint-Etienne, d\u00e9m\u00e9nageaient leurs cartons. Ces personnels du p\u00f4le de la direction g\u00e9n\u00e9rale du bailleur social public ont pris de la hauteur en emm\u00e9nageant dans leurs nouveaux locaux fra\u00eechement r\u00e9nov\u00e9s de l\u2019ancienne S\u00e9curit\u00e9 sociale de l\u2019avenue \u00c9mile-Loubet.<\/p>\n<p>Apr\u00e8s des ann\u00e9es (les travaux ont d\u00e9marr\u00e9 en septembre\u00a02020) d\u2019un chantier impressionnant, qui devrait se terminer dans le courant de l\u2019ann\u00e9e pour principalement des finitions, le r\u00e9sultat l\u2019est tout autant. Et c\u2019est avec un large sourire que la directrice g\u00e9n\u00e9rale d\u2019Habitat &amp; m\u00e9tropole, Marie-Laure Vuittenez, nous accueille \u00e0 l\u2019avant-dernier \u00e9tage&#8230;<\/p>\n","protected":false},"excerpt":{"rendered":"Il y a un peu plus d\u2019un mois, une partie des collaboratrices et collaborateurs d\u2019Habitat et M\u00e9tropole du&hellip;\n","protected":false},"author":2,"featured_media":624713,"comment_status":"","ping_status":"","sticky":false,"template":"","format":"standard","meta":{"footnotes":""},"categories":[9653],"tags":[1111,11,2430,33,7539,1777,674,1011,27,1116,1908,12,25,4001,7538,801,104],"class_list":{"0":"post-624712","1":"post","2":"type-post","3":"status-publish","4":"format-standard","5":"has-post-thumbnail","7":"category-saint-etienne","8":"tag-actu","9":"tag-actualites","10":"tag-auvergne-rhone-alpes","11":"tag-economie","12":"tag-edition-loire-sud","13":"tag-eu","14":"tag-europe","15":"tag-fr","16":"tag-france","17":"tag-immobilier","18":"tag-logement","19":"tag-news","20":"tag-republique-francaise","21":"tag-saint-etienne","22":"tag-saint-etienne-ville","23":"tag-social","24":"tag-societe"},"share_on_mastodon":{"url":"https:\/\/pubeurope.com\/@fr\/115790060224813030","error":""},"_links":{"self":[{"href":"https:\/\/www.europesays.com\/fr\/wp-json\/wp\/v2\/posts\/624712","targetHints":{"allow":["GET"]}}],"collection":[{"href":"https:\/\/www.europesays.com\/fr\/wp-json\/wp\/v2\/posts"}],"about":[{"href":"https:\/\/www.europesays.com\/fr\/wp-json\/wp\/v2\/types\/post"}],"author":[{"embeddable":true,"href":"https:\/\/www.europesays.com\/fr\/wp-json\/wp\/v2\/users\/2"}],"replies":[{"embeddable":true,"href":"https:\/\/www.europesays.com\/fr\/wp-json\/wp\/v2\/comments?post=624712"}],"version-history":[{"count":0,"href":"https:\/\/www.europesays.com\/fr\/wp-json\/wp\/v2\/posts\/624712\/revisions"}],"wp:featuredmedia":[{"embeddable":true,"href":"https:\/\/www.europesays.com\/fr\/wp-json\/wp\/v2\/media\/624713"}],"wp:attachment":[{"href":"https:\/\/www.europesays.com\/fr\/wp-json\/wp\/v2\/media?parent=624712"}],"wp:term":[{"taxonomy":"category","embeddable":true,"href":"https:\/\/www.europesays.com\/fr\/wp-json\/wp\/v2\/categories?post=624712"},{"taxonomy":"post_tag","embeddable":true,"href":"https:\/\/www.europesays.com\/fr\/wp-json\/wp\/v2\/tags?post=624712"}],"curies":[{"name":"wp","href":"https:\/\/api.w.org\/{rel}","templated":true}]}}