{"id":624714,"date":"2025-12-27T06:14:23","date_gmt":"2025-12-27T06:14:23","guid":{"rendered":"https:\/\/www.europesays.com\/fr\/624714\/"},"modified":"2025-12-27T06:14:23","modified_gmt":"2025-12-27T06:14:23","slug":"podcast-gael-perdriau-toujours-maire-de-saint-etienne-ecoutez-politiquement-incorrect","status":"publish","type":"post","link":"https:\/\/www.europesays.com\/fr\/624714\/","title":{"rendered":"Podcast. Ga\u00ebl Perdriau toujours maire de Saint-\u00c9tienne : \u00e9coutez \u00ab Politiquement incorrect\u00a0\u00bb"},"content":{"rendered":"<p>Pour ces f\u00eates de fin d\u2019ann\u00e9e, les acteurs politiques de la Loire alimentent toujours l\u2019actu et les r\u00e9seaux sociaux.<\/p>\n<p>On a cherch\u00e9 pour vous, on a trouv\u00e9\u00a0: <a href=\"https:\/\/www.leprogres.fr\/p\/gael-perdriau\" target=\"_blank\" rel=\"noopener\">Ga\u00ebl Perdriau<\/a> est toujours maire de Saint-Etienne\u2026 sur Facebook.<\/p>\n<p>Sandra Creuzet-Taite se prend pour Montaigne, Lionel Boucher est devenu sarkozyste et les \u00ab\u00a0D\u00e9gag\u00e9s\u00a0\u00bb de Saint-Etienne se revoient\u2026<\/p>\n<p>Pour connaitre la suite, cliquez sur le module audio ci-dessous.<\/p>\n<p>Avec notre podcast Politiquement incorrect, on fait le tour de l\u2019actualit\u00e9 lig\u00e9rienne de ces derni\u00e8res semaines. Il y a la politique, bien lisse, des professions de foi. Il y a aussi la politique des strat\u00e9gies et des alliances, des \u00ab\u00a0amis de 20 ans\u00a0\u00bb et des ennemis de ce matin\u2026<\/p>\n<p class=\"note\">Jingle\u00a0: Salut l\u2019orage.<\/p>\n","protected":false},"excerpt":{"rendered":"Pour ces f\u00eates de fin d\u2019ann\u00e9e, les acteurs politiques de la Loire alimentent toujours l\u2019actu et les r\u00e9seaux&hellip;\n","protected":false},"author":2,"featured_media":624715,"comment_status":"","ping_status":"","sticky":false,"template":"","format":"standard","meta":{"footnotes":""},"categories":[9653],"tags":[1111,11,2430,7539,4188,1777,674,107,1011,27,3367,12,3725,316,25,4001,273],"class_list":{"0":"post-624714","1":"post","2":"type-post","3":"status-publish","4":"format-standard","5":"has-post-thumbnail","7":"category-saint-etienne","8":"tag-actu","9":"tag-actualites","10":"tag-auvergne-rhone-alpes","11":"tag-edition-loire-sud","12":"tag-elections-municipales","13":"tag-eu","14":"tag-europe","15":"tag-fil-info","16":"tag-fr","17":"tag-france","18":"tag-loire","19":"tag-news","20":"tag-podcast","21":"tag-politique","22":"tag-republique-francaise","23":"tag-saint-etienne","24":"tag-selection-de-la-redaction"},"share_on_mastodon":{"url":"https:\/\/pubeurope.com\/@fr\/115790064171879352","error":""},"_links":{"self":[{"href":"https:\/\/www.europesays.com\/fr\/wp-json\/wp\/v2\/posts\/624714","targetHints":{"allow":["GET"]}}],"collection":[{"href":"https:\/\/www.europesays.com\/fr\/wp-json\/wp\/v2\/posts"}],"about":[{"href":"https:\/\/www.europesays.com\/fr\/wp-json\/wp\/v2\/types\/post"}],"author":[{"embeddable":true,"href":"https:\/\/www.europesays.com\/fr\/wp-json\/wp\/v2\/users\/2"}],"replies":[{"embeddable":true,"href":"https:\/\/www.europesays.com\/fr\/wp-json\/wp\/v2\/comments?post=624714"}],"version-history":[{"count":0,"href":"https:\/\/www.europesays.com\/fr\/wp-json\/wp\/v2\/posts\/624714\/revisions"}],"wp:featuredmedia":[{"embeddable":true,"href":"https:\/\/www.europesays.com\/fr\/wp-json\/wp\/v2\/media\/624715"}],"wp:attachment":[{"href":"https:\/\/www.europesays.com\/fr\/wp-json\/wp\/v2\/media?parent=624714"}],"wp:term":[{"taxonomy":"category","embeddable":true,"href":"https:\/\/www.europesays.com\/fr\/wp-json\/wp\/v2\/categories?post=624714"},{"taxonomy":"post_tag","embeddable":true,"href":"https:\/\/www.europesays.com\/fr\/wp-json\/wp\/v2\/tags?post=624714"}],"curies":[{"name":"wp","href":"https:\/\/api.w.org\/{rel}","templated":true}]}}