{"id":624720,"date":"2025-12-27T06:32:22","date_gmt":"2025-12-27T06:32:22","guid":{"rendered":"https:\/\/www.europesays.com\/fr\/624720\/"},"modified":"2025-12-27T06:32:22","modified_gmt":"2025-12-27T06:32:22","slug":"des-paroles-dune-extreme-vulgarite-un-kine-osteo-condamne-pour-propos-sexuels-et-sexistes-envers-deux-patientes-pres-de-montpellier","status":"publish","type":"post","link":"https:\/\/www.europesays.com\/fr\/624720\/","title":{"rendered":"Des paroles d\u2019une extr\u00eame vulgarit\u00e9\u00a0: un kin\u00e9-ost\u00e9o condamn\u00e9 pour propos sexuels et sexistes envers deux patientes pr\u00e8s de Montpellier"},"content":{"rendered":"<p>\n                                                                Deux de ses patientes l\u2019ont poursuivi pour des faits remontant \u00e0 octobre\u00a02023 pour la premi\u00e8re et mai\u00a02024 pour la seconde, au sein de son cabinet, implant\u00e9 dans un village situ\u00e9 \u00e0 l\u2019ouest de Montpellier. Il a \u00e9t\u00e9 reconnu coupable.\n                            <\/p>\n<p>Les propos sexistes et sexuels polluent malheureusement trop souvent le quotidien de nombreuses femmes. Mais ils prennent une dimension autrement plus grave lorsqu\u2019ils sont prononc\u00e9s par un professionnel de sant\u00e9, cens\u00e9 soigner, \u00e9couter et prot\u00e9ger. Tout simplement parce que la relation entre un patient et son soignant doit reposer sur la confiance et le respect.<\/p>\n<p>\u00c0 l\u2019audience du tribunal judiciaire de Montpellier, c\u2019est pr\u00e9cis\u00e9ment cette fronti\u00e8re que les magistrats ont estim\u00e9e franchie par un kin\u00e9sith\u00e9rapeute ost\u00e9opathe, reconnu coupable de paroles d\u2019une extr\u00eame vulgarit\u00e9 adress\u00e9es \u00e0 deux patientes lors de s\u00e9ances \u00e0 son cabinet, en octobre\u00a02023 puis en mai\u00a02024. Autant avertir que les propos rapport\u00e9s \u00e0 la barre ont sid\u00e9r\u00e9 le tribunal dans son enti\u00e8ret\u00e9.<\/p>\n<blockquote>\n<p>Encore baisable\u00a0!<\/p>\n<\/blockquote>\n<p>L\u2019affaire \u00e9clate \u00e0 la suite d\u2019une plainte d\u00e9pos\u00e9e par une trentenaire envoy\u00e9e par son m\u00e9decin traitant dans ce cabinet, implant\u00e9 dans un village situ\u00e9 \u00e0 l\u2019ouest de Montpellier. \u00ab\u00a0Je suis habitu\u00e9e \u00e0 consulter des ost\u00e9os, mais l\u00e0 la s\u00e9ance a d\u00e9pass\u00e9 tout entendement\u00a0\u00bb, a expliqu\u00e9 \u00e0 la barre cette H\u00e9raultaise \u00e2g\u00e9e de 39 ans. \u00ab\u00a0D\u2019entr\u00e9e, quand je suis arriv\u00e9e, il avait un produit sur les mains et il m\u2019a dit\u00a0: \u201cavec ce produit dans les mains, j\u2019ai perdu tout mon sex-appeal\u201d\u00a0\u00bb. Le ton \u00e9tait donn\u00e9.<\/p>\n<p>\u00ab\u00a0Puis il a encha\u00een\u00e9 la s\u00e9ance avec un vocabulaire ordurier, des propos graveleux. Il m\u2019a trait\u00e9 de \u201cpatiente poubelle\u201d. M\u2019a dit que j\u2019\u00e9tais encore \u201cbaisable\u201d. Puis il s\u2019est attard\u00e9 sur mon ventre. Selon lui mon nombril penchait \u00e0 gauche. \u201c\u00c7a vient du c\u00f4t\u00e9 droit de la foune, \u00e7a me donne envie\u201d, m\u2019a-t-il dit. Il a encha\u00een\u00e9 en l\u00e2chant\u00a0: \u201cc\u2019est excitant\u201d. Puis il a conclu en m\u2019invitant \u00e0 reprendre un rendez-vous entre le 13e et le 16e jour de mon cycle pour qu\u2019il y \u201cmette les doigts\u201d. Il a r\u00e9p\u00e9t\u00e9 cela trois fois.\u00a0\u00bb<\/p>\n<p>Un outil de posture \u00e9motionnelle<\/p>\n<p>Interrog\u00e9 \u00e0 son tour, le pr\u00e9venu, directeur de m\u00e9moire depuis quatre ans et kin\u00e9sith\u00e9rapeute ost\u00e9opathe depuis trente ans, mari\u00e9 et p\u00e8re de trois enfants, a reconnu une partie de ces propos d\u00e9plac\u00e9s mais assur\u00e9 qu\u2019ils n\u2019avaient pas de vis\u00e9e sexuelle. \u00ab\u00a0C\u2019\u00e9tait un outil de posture \u00e9motionnelle que j\u2019utilisais \u00e0 l\u2019\u00e9poque, pour combattre des troubles psychosomatiques. C\u2019est pour pousser les patients dans leurs retranchements. Voir comment ils r\u00e9agissent. Mais je n\u2019utilise plus cette m\u00e9thode\u00a0\u00bb, a confi\u00e9 ce quinquag\u00e9naire.<\/p>\n<p>Avant de rench\u00e9rir\u00a0: \u00ab\u00a0\u201cPatient poubelle\u201d, on le dit entre professionnels quand on se refile les patients qu\u2019on n\u2019arrive pas \u00e0 soigner. \u201cBaisable\u201d, j\u2019ai d\u00fb le dire car je suis outr\u00e9 que la S\u00e9curit\u00e9 sociale ne rembourse pas les PMA (Ndlr, procr\u00e9ation m\u00e9dicalement assist\u00e9e) au-del\u00e0 de 42 ans et demi. \u201cExcitant\u201d ou \u201cJe vais y mettre les doigts\u201d, c\u2019est ce qu\u2019elle d\u00e9clare mais je ne l\u2019ai pas dit. D\u2019ailleurs, pour couper court, je n\u2019ai jamais eu de rapports sexuels au cabinet.\u00a0\u00bb<\/p>\n<p>Et la pr\u00e9sidente du tribunal, Ilana Lachkar de lui r\u00e9torquer\u00a0: \u201cMais vous n\u2019\u00eates pas jug\u00e9 pour \u00e7a. Ni sur vos comp\u00e9tences professionnelles. Mais sur des propos sexistes et sexuels \u00e0 l\u2019encontre de vos patientes.\u00a0\u00bb<\/p>\n<p>Un mouvement d\u2019humeur<\/p>\n<p>Et que dire alors des propos on ne peut plus grivois adress\u00e9s \u00e0 la seconde plaignante, \u00e2g\u00e9e elle de 29 ans, lorsqu\u2019elle s\u2019est adress\u00e9e \u00e0 lui, ordonnance \u00e0 la main, pour un probl\u00e8me de colon. \u00ab\u00a0Et qu\u2019est-ce que vous voulez que je fasse\u00a0? Que je vous prenne par le cul et que j\u2019\u00e9jacule dedans pour vous d\u00e9boucher le colon\u00a0?\u00a0\u00bb, lui aurait-il lanc\u00e9.<\/p>\n<p>\u00ab\u00a0C\u2019est un mouvement d\u2019humeur\u00a0\u00bb, a expliqu\u00e9 son avocat Ma\u00eetre Micka\u00ebl Poilpr\u00e9. \u00ab\u00a0Il venait de perdre son p\u00e8re, c\u2019\u00e9tait une p\u00e9riode douloureuse. Il n\u2019a pas appr\u00e9ci\u00e9 qu\u2019elle lui coupe la parole alors qu\u2019il \u00e9tait avec une autre patiente. Il regrette. Mais au-del\u00e0 de \u00e7a, c\u2019est un professionnel de grand talent. Une sorte de \u201cDocteur House\u201d.\u00a0\u00bb<\/p>\n<p>De leur c\u00f4t\u00e9, Ma\u00eetres Fanny Dissac et Asm\u00e2a Taleb ont regrett\u00e9 une \u00ab\u00a0enqu\u00eate b\u00e2cl\u00e9e, \u00e9tay\u00e9e sur trop peu de patientes\u00a0\u00bb. Et de rappeler que \u00ab\u00a0les ost\u00e9os n\u2019ont pas le droit de faire de toucher pelvien contrairement aux kin\u00e9s, mais uniquement sur prescription m\u00e9dicale\u00a0\u00bb. Avant de confier, en apart\u00e9\u00a0: \u00ab\u00a0On va saisir le conseil de l\u2019ordre. On se pose la question de savoir s\u2019il n\u2019y a pas d\u2019autres victimes.\u00a0\u00bb<\/p>\n<p>    Condamn\u00e9 \u00e0 une amende de 2\u00a0000\u00a0euros<\/p>\n<p>Reconnu coupable de propos sexistes et sexuels aggrav\u00e9s (car prof\u00e9r\u00e9s par une personne abusant de l\u2019autorit\u00e9 que lui conf\u00e8rent ses fonctions), le pr\u00e9venu a \u00e9t\u00e9 condamn\u00e9 \u00e0 2\u00a0000\u00a0euros\u00a0d\u2019amende dont 1\u00a0000\u00a0euros\u00a0assortis d\u2019un sursis.<\/p>\n<p>Il devra aussi se soumettre \u00e0 un stage de pr\u00e9vention sur les violences sexistes. Enfin, le tribunal a prononc\u00e9 \u00e0 son encontre des dommages et int\u00e9r\u00eats pour chacune des victimes \u00e0 hauteur de 500\u00a0euros\u00a0pour leur pr\u00e9judice moral et 800\u00a0euros\u00a0au titre de l\u2019article\u00a0475-1 du code de proc\u00e9dure p\u00e9nale.<\/p>\n","protected":false},"excerpt":{"rendered":"Deux de ses patientes l\u2019ont poursuivi pour des faits remontant \u00e0 octobre\u00a02023 pour la premi\u00e8re et mai\u00a02024 pour&hellip;\n","protected":false},"author":2,"featured_media":624721,"comment_status":"","ping_status":"","sticky":false,"template":"","format":"standard","meta":{"footnotes":""},"categories":[9599],"tags":[1111,11,1777,674,1011,27,7089,303,2208,12,2680,25],"class_list":{"0":"post-624720","1":"post","2":"type-post","3":"status-publish","4":"format-standard","5":"has-post-thumbnail","7":"category-montpellier","8":"tag-actu","9":"tag-actualites","10":"tag-eu","11":"tag-europe","12":"tag-fr","13":"tag-france","14":"tag-herault","15":"tag-justice","16":"tag-montpellier","17":"tag-news","18":"tag-occitanie","19":"tag-republique-francaise"},"share_on_mastodon":{"url":"https:\/\/pubeurope.com\/@fr\/115790134866448584","error":""},"_links":{"self":[{"href":"https:\/\/www.europesays.com\/fr\/wp-json\/wp\/v2\/posts\/624720","targetHints":{"allow":["GET"]}}],"collection":[{"href":"https:\/\/www.europesays.com\/fr\/wp-json\/wp\/v2\/posts"}],"about":[{"href":"https:\/\/www.europesays.com\/fr\/wp-json\/wp\/v2\/types\/post"}],"author":[{"embeddable":true,"href":"https:\/\/www.europesays.com\/fr\/wp-json\/wp\/v2\/users\/2"}],"replies":[{"embeddable":true,"href":"https:\/\/www.europesays.com\/fr\/wp-json\/wp\/v2\/comments?post=624720"}],"version-history":[{"count":0,"href":"https:\/\/www.europesays.com\/fr\/wp-json\/wp\/v2\/posts\/624720\/revisions"}],"wp:featuredmedia":[{"embeddable":true,"href":"https:\/\/www.europesays.com\/fr\/wp-json\/wp\/v2\/media\/624721"}],"wp:attachment":[{"href":"https:\/\/www.europesays.com\/fr\/wp-json\/wp\/v2\/media?parent=624720"}],"wp:term":[{"taxonomy":"category","embeddable":true,"href":"https:\/\/www.europesays.com\/fr\/wp-json\/wp\/v2\/categories?post=624720"},{"taxonomy":"post_tag","embeddable":true,"href":"https:\/\/www.europesays.com\/fr\/wp-json\/wp\/v2\/tags?post=624720"}],"curies":[{"name":"wp","href":"https:\/\/api.w.org\/{rel}","templated":true}]}}