{"id":624730,"date":"2025-12-27T06:42:34","date_gmt":"2025-12-27T06:42:34","guid":{"rendered":"https:\/\/www.europesays.com\/fr\/624730\/"},"modified":"2025-12-27T06:42:34","modified_gmt":"2025-12-27T06:42:34","slug":"rennes-les-pepites-des-autres-mondes-des-badges-pour-changer-de-regard-sur-le-handicap","status":"publish","type":"post","link":"https:\/\/www.europesays.com\/fr\/624730\/","title":{"rendered":"Rennes. Les P\u00e9pites des Autres Mondes, des badges pour changer de regard sur le handicap"},"content":{"rendered":"<p>            <a href=\"https:\/\/unidivers.fr\/wp-content\/uploads\/2025\/12\/pepites-des-autres-mondes.jpeg\" data-caption=\"\" target=\"_blank\" rel=\"noopener\"><img loading=\"lazy\" decoding=\"async\" width=\"696\" height=\"522\" class=\"entry-thumb td-modal-image\" src=\"https:\/\/www.europesays.com\/fr\/wp-content\/uploads\/2025\/12\/pepites-des-autres-mondes-696x522.jpeg\"   alt=\"P\u00e9pites des Autres Mondes\" title=\"Pe\u0301pites des Autres Mondes\" data-eio=\"p\"\/><\/a><\/p>\n<p><strong>\u00ab Chut, je respire des oreilles \u00bb. \u00ab La lumi\u00e8re, elle fait trop de bruit \u00bb. \u00ab Tu sens bon la sueur \u00bb. Ces phrases ont la nettet\u00e9 des \u00e9vidences enfantines, elles ne cherchent pas l\u2019effet, elles le produisent. Et si elles font sourire, ce n\u2019est pas pour r\u00e9duire l\u2019exp\u00e9rience du handicap \u00e0 une anecdote attendrissante, mais au contraire pour la r\u00e9inscrire dans ce qu\u2019elle a de plus universel : l\u2019imaginaire, la perception singuli\u00e8re, la puissance de dire le monde autrement.<\/strong><\/p>\n<p>Au point de d\u00e9part, il y a <strong>Loisirs Pluriel Rennes<\/strong>, structure associative qui accueille, au sein de ses deux centres de loisirs rennais, des enfants et des adolescents du bassin rennais, <strong>porteurs de handicap ou valides<\/strong>, dans une d\u00e9marche d\u2019<strong>inclusion par le loisir<\/strong>. Ici, l\u2019inclusion n\u2019est pas un slogan, elle se construit dans des gestes, des rythmes, des rencontres, des jeux partag\u00e9s \u2014 et dans ce que cela apporte aussi aux familles, souvent \u00e0 la recherche de solutions de r\u00e9pit, de socialisation et d\u2019\u00e9panouissement.<\/p>\n<p>De cette vie quotidienne est n\u00e9 un d\u00e9sir simple qui est <strong>rendre visible<\/strong> cette richesse humaine, et d\u00e9placer le regard sur le handicap par une voie rarement emprunt\u00e9e dans la communication institutionnelle \u2014 <strong>l\u2019humour<\/strong>, la <strong>po\u00e9sie<\/strong>, la d\u00e9licatesse du trait.<\/p>\n<p><img fetchpriority=\"high\" decoding=\"async\" width=\"1080\" height=\"1440\" src=\"https:\/\/www.europesays.com\/fr\/wp-content\/uploads\/2025\/12\/pepites-des-autres-mondes-handicap.jpg\" alt=\"P\u00e9pites des Autres Mondes\" class=\"wp-image-3546894\"   data-eio=\"p\"\/><\/p>\n<p>Le projet <strong>\u00ab Les P\u00e9pites des Autres Mondes \u00bb<\/strong> prend la forme d\u2019une collection de <strong>badges illustr\u00e9s<\/strong>, qui reprennent des expressions prononc\u00e9es par les enfants accompagn\u00e9s. Loin de figer ces paroles, l\u2019illustration vient en amplifier la charge : elle prolonge le comique, souligne l\u2019\u00e9tranget\u00e9, r\u00e9v\u00e8le une tendresse, fait exister une pens\u00e9e sensorielle. Le badge devient un petit manifeste portatif. On l\u2019accroche \u00e0 une veste, \u00e0 un sac, et l\u2019on porte avec soi \u2014 discr\u00e8tement \u2014 une mani\u00e8re d\u2019ouvrir le monde.<\/p>\n<p>\u00c0 travers ces objets, le projet poursuit plusieurs objectifs, notamment <strong>mettre en lumi\u00e8re l\u2019imaginaire<\/strong> d\u2019enfants porteurs de handicap, <strong>changer le regard<\/strong> en abordant le sujet par une esth\u00e9tique accessible et vive, et <strong>soutenir<\/strong> concr\u00e8tement l\u2019action de Loisirs Pluriel, engag\u00e9e au quotidien.<\/p>\n<p><img loading=\"lazy\" decoding=\"async\" width=\"1440\" height=\"1080\" src=\"https:\/\/www.europesays.com\/fr\/wp-content\/uploads\/2025\/12\/handicap-badge.jpeg\" alt=\"handicap badge\" class=\"wp-image-3546919\"   data-eio=\"p\"\/><\/p>\n<p>Le bouche-\u00e0-oreille a fait son \u0153uvre. Les \u00ab P\u00e9pites \u00bb sont aujourd\u2019hui <strong>vendues en ligne<\/strong> et dans plusieurs <strong>boutiques partenaires<\/strong> (Rennes et alentours, Chantepie, Acign\u00e9, Mordelles, Pl\u00e9lan-le-Grand\u2026). Signe que l\u2019initiative touche au-del\u00e0 du cercle militant, des acteurs culturels s\u2019y int\u00e9ressent. Une reconnaissance qui confirme que ces badges ne rel\u00e8vent pas seulement de la bonne cause, ils proposent aussi un <strong>univers artistique<\/strong> \u2014 une \u00e9criture du r\u00e9el, miniature et percutante.<\/p>\n<p><strong>Les P\u00e9pites des Autres Mondes<\/strong> \u2014 badges illustr\u00e9s (projet solidaire au b\u00e9n\u00e9fice de Loisirs Pluriel Rennes).<br \/>Instagram : <a href=\"https:\/\/www.instagram.com\/les_pepites_des_autres_mondes\/\" target=\"_blank\" rel=\"noopener\">https:\/\/www.instagram.com\/les_pepites_des_autres_mondes\/<\/a><br \/>Loisirs Pluriel Rennes : <a href=\"https:\/\/www.loisirspluriel.com\/rennes\" target=\"_blank\" rel=\"noopener\">https:\/\/www.loisirspluriel.com\/rennes<\/a><\/p>\n<p><img loading=\"lazy\" decoding=\"async\" width=\"1080\" height=\"1440\" src=\"https:\/\/www.europesays.com\/fr\/wp-content\/uploads\/2025\/12\/pascal-kerboeuf-quartier-fransisco-ferrer.jpg\" alt=\"Pascal Kerboeuf\" class=\"wp-image-3546893\"   data-eio=\"p\"\/>Pascal Kerboeuf et sa fille Juliette lors de march\u00e9 de No\u00ebl de la maison de quartier Fransisco Ferrer<\/p>\n<p>Entretien avec Pascal Kerboeuf, repr\u00e9sentant local Loisirs Pluriel Rennes<\/p>\n<p>Unidivers \u2014 <strong>\u00c0 l\u2019origine, qu\u2019est-ce qui vous a donn\u00e9 envie de transformer ces \u201cphrases d\u2019enfants\u201d en badges ?<\/strong> Est-ce qu\u2019il y a eu une phrase d\u00e9clencheuse, un d\u00e9clic ?<\/p>\n<p>Pascal Kerboeuf \u2014 Ma fille Juliette, autiste, est \u00e0 l\u2019origine du projet : elle dit ce qu\u2019elle ressent de mani\u00e8re tr\u00e8s spontan\u00e9e et avec les mots qu\u2019elle \u201cintercepte\u201d dans son quotidien, quel que soit leur contexte initial (par exemple, elle m\u2019a dit r\u00e9cemment : \u00ab tu es mon r\u00e9chauffement climatique \u00bb).<\/p>\n<p>Un jour o\u00f9 elle a besoin de calme, elle m\u2019avertit par un \u00ab Chut ! Je respire des oreilles \u00bb. Je trouve l\u2019expression parfaite pour illustrer la sensation d\u2019\u00e9touffement qu\u2019elle ressent dans un environnement trop bruyant.<\/p>\n<p>C\u2019est \u00e0 ce moment-l\u00e0 que na\u00eet l\u2019id\u00e9e de mettre en lumi\u00e8re ces phrases d\u2019enfants et d\u2019adolescents : pour moi, ce sont des po\u00e8tes impertinents, avec une vision singuli\u00e8re, dont les paroles m\u00e9ritent d\u2019\u00eatre valoris\u00e9es.<\/p>\n<p>L\u2019\u00e9quipe des centres de loisirs de Loisirs Pluriel Rennes adh\u00e8re tout de suite. Initialement, notre intention \u00e9tait de ne faire que des stickers. L\u2019id\u00e9e de faire des badges vient d\u2019Amandine, la g\u00e9rante de la boutique de cr\u00e9ations artisanales <strong>Chouette !<\/strong> \u00e0 Rennes, qui a \u00e9t\u00e9 notre premier soutien.<\/p>\n<p><img loading=\"lazy\" decoding=\"async\" width=\"1080\" height=\"1440\" src=\"https:\/\/www.europesays.com\/fr\/wp-content\/uploads\/2025\/12\/juliette-kerboeuf.jpg\" alt=\"Juliette Kerboeuf\" class=\"wp-image-3546913\"   data-eio=\"p\"\/>Juliette Kerboeuf<\/p>\n<p>U \u2014 <strong>Comment choisissez-vous les \u201cp\u00e9pites\u201d ?<\/strong> Est-ce un travail de collecte au quotidien, une s\u00e9lection collective avec l\u2019\u00e9quipe, un tri selon l\u2019impact humoristique, po\u00e9tique, sensoriel ?<\/p>\n<p>Pascal Kerboeuf \u2014 Je re\u00e7ois des propositions de p\u00e9pites de la part des directrices des centres Loisirs Pluriel \u00e0 Rennes, des parents, et forc\u00e9ment de ma fille. Il n\u2019y a pas de processus de s\u00e9lection \u00e9tabli : cela se fait de fa\u00e7on organique. Certains vont m\u2019envoyer des p\u00e9pites pour leur caract\u00e8re humoristique (parfois de simples jeux de mots), d\u2019autres pour le c\u00f4t\u00e9 impertinent, voire irr\u00e9v\u00e9rencieux. Quant \u00e0 moi, j\u2019aime beaucoup les p\u00e9pites po\u00e9tiques et surr\u00e9alistes.<\/p>\n<p>Tous les enfants ont droit \u00e0 la parole, donc l\u2019id\u00e9al est de ne pas s\u00e9lectionner.<\/p>\n<p><img loading=\"lazy\" decoding=\"async\" width=\"1080\" height=\"1440\" src=\"https:\/\/www.europesays.com\/fr\/wp-content\/uploads\/2025\/12\/boutique-chouette-rennes.jpg\" alt=\"boutique chouette rennes\" class=\"wp-image-3546915\"   data-eio=\"p\"\/><\/p>\n<p>U \u2014 <strong>Quel est votre parti pris graphique ?<\/strong> Comment l\u2019illustration \u201caccompagne\u201d la phrase sans l\u2019\u00e9craser, et comment gardez-vous un ton juste (ni mi\u00e8vre, ni moqueur) ?<\/p>\n<p>Pascal Kerboeuf \u2014  C\u2019est important en effet que le dessin serve la phrase. En g\u00e9n\u00e9ral, je cherche \u00e0 en conna\u00eetre le moins possible sur le contexte dans lequel elle a \u00e9t\u00e9 prononc\u00e9e, pour laisser libre cours \u00e0 l\u2019imagination.<\/p>\n<p>Ensuite le dessin vient renforcer le message, le contrebalancer pour cr\u00e9er un d\u00e9calage humoristique, ou l\u2019orienter dans une direction po\u00e9tique.<\/p>\n<p><img loading=\"lazy\" decoding=\"async\" width=\"810\" height=\"1440\" src=\"https:\/\/www.europesays.com\/fr\/wp-content\/uploads\/2025\/12\/epicerie-porche-acigne.jpg\" alt=\"epicerie porche acigne\" class=\"wp-image-3546916\"   data-eio=\"p\"\/><\/p>\n<p>U \u2014 <strong>Concr\u00e8tement, \u00e0 quoi servent les recettes revers\u00e9es \u00e0 Loisirs Pluriel Rennes ?<\/strong><\/p>\n<p>Pascal Kerboeuf \u2014 Cela d\u00e9pendra des recettes, mais nous ne manquons pas d\u2019id\u00e9es, et nos besoins sont constants.<\/p>\n<p>Nous avons des besoins en mat\u00e9riel, comme par exemple acqu\u00e9rir une <strong>table de change ergonomique<\/strong> adapt\u00e9e \u00e0 des personnes de toute taille. C\u2019est le type d\u2019\u00e9quipement co\u00fbteux mais indispensable pour pr\u00e9server la sant\u00e9 des salari\u00e9s et le bien-\u00eatre des enfants.<\/p>\n<p>Nous pouvons aussi choisir de l\u2019investir dans l\u2019organisation d\u2019un <strong>s\u00e9jour au bord de la mer<\/strong> l\u2019\u00e9t\u00e9 : organiser un tel s\u00e9jour n\u00e9cessite un encadrement important et beaucoup de pr\u00e9paration. Pour beaucoup d\u2019enfants et d\u2019adolescents de Loisirs Pluriel, ce sera la premi\u00e8re fois qu\u2019ils ne dormiront pas au domicile familial.<\/p>\n<p>Enfin, l\u2019argent collect\u00e9 pourra aussi servir \u00e0 organiser d\u2019autres activit\u00e9s qualitatives, comme un <strong>atelier de cirque adapt\u00e9<\/strong> avec une association locale.<\/p>\n<p><a href=\"https:\/\/www.europesays.com\/fr\/wp-content\/uploads\/2025\/12\/pepites-autres-mondes.jpg\" class=\"td-modal-image\"><img loading=\"lazy\" decoding=\"async\" width=\"1080\" height=\"1440\" src=\"https:\/\/www.europesays.com\/fr\/wp-content\/uploads\/2025\/12\/pepites-autres-mondes.jpg\" alt=\"pepites autres mondes\" class=\"wp-image-3546914\"   data-eio=\"p\"\/><\/a><\/p>\n<p>U \u2014 <strong>Pour la suite, vous r\u00eavez de quoi pour \u201cLes P\u00e9pites des Autres Mondes\u201d en 2026 ? <\/strong><\/p>\n<p>Pascal Kerboeuf \u2014  En 2026, je souhaite \u00e9tendre la collection, notamment en invitant des artistes \u00e0 r\u00e9aliser des p\u00e9pites \u2014 je pense par exemple \u00e0 des dessinateurs de bande dessin\u00e9e.<\/p>\n<p>Je souhaite aussi que d\u2019autres boutiques deviennent partenaires en Bretagne, et m\u00eame ailleurs. De plus, des centres Loisirs Pluriel existent dans d\u2019autres villes en France et je re\u00e7ois parfois des p\u00e9pites d\u2019autres r\u00e9gions.<\/p>\n<p>Nous sommes ouverts \u00e0 toute proposition \u00e9v\u00e9nementielle \u00e9galement.<\/p>\n<p>Enfin, ce que je cherche dans l\u2019id\u00e9al, c\u2019est d\u00e9passer le cadre de l\u2019achat solidaire : que ces badges soient port\u00e9s parce que les personnes se retrouvent dans la p\u00e9pite qu\u2019elles ont choisie.<\/p>\n<p>O\u00f9 acheter \u201cLes P\u00e9pites des Autres Mondes\u201d autour de Rennes ?<\/p>\n<p><strong>Rennes<\/strong><\/p>\n<ul class=\"wp-block-list\">\n<li><strong>Chouette ! Ta boutique de cr\u00e9ateurs<\/strong> \u2014 4 rue du Chapitre, 35000 Rennes \u2014 <a href=\"https:\/\/www.boutiquechouette.fr\" target=\"_blank\" rel=\"noopener\">boutiquechouette.fr<\/a><\/li>\n<li><strong>Ty Bull Tome 2<\/strong> (librairie BD) \u2014 13 rue Saint-H\u00e9lier, 35000 Rennes \u2014 <a href=\"https:\/\/tybulltome2.com\" target=\"_blank\" rel=\"noopener\">tybulltome2.com<\/a><\/li>\n<\/ul>\n<p><strong>Chantepie<\/strong><\/p>\n<ul class=\"wp-block-list\">\n<li><strong>La Cave de C\u00e9lestine<\/strong> \u2014 Place des Marelles, 35135 Chantepie \u2014 <a href=\"https:\/\/www.facebook.com\/LacavedeCelestine\" target=\"_blank\" rel=\"noopener\">Facebook<\/a><\/li>\n<\/ul>\n<p><strong>Acign\u00e9<\/strong><\/p>\n<p><strong>Mordelles<\/strong><\/p>\n<p><strong>Pl\u00e9lan-le-Grand<\/strong><\/p>\n<p><strong>Le Vast<\/strong> (Manche, Normandie)<\/p>\n<ul class=\"wp-block-list\">\n<li><strong>La Friperie du Vast<\/strong> \u2014 20 route de Valcanville, 50630 Le Vast \u2014 <a href=\"https:\/\/www.facebook.com\/61564947004689\/\" target=\"_blank\" rel=\"noopener\">Facebook<\/a><\/li>\n<\/ul>\n<p>        <script async src=\"\/\/www.instagram.com\/embed.js\"><\/script><\/p>\n","protected":false},"excerpt":{"rendered":"\u00ab Chut, je respire des oreilles \u00bb. \u00ab La lumi\u00e8re, elle fait trop de bruit \u00bb. \u00ab Tu&hellip;\n","protected":false},"author":2,"featured_media":624731,"comment_status":"","ping_status":"","sticky":false,"template":"","format":"standard","meta":{"footnotes":""},"categories":[2821],"tags":[1111,11,829,1777,674,1011,27,12,584,25],"class_list":{"0":"post-624730","1":"post","2":"type-post","3":"status-publish","4":"format-standard","5":"has-post-thumbnail","7":"category-rennes","8":"tag-actu","9":"tag-actualites","10":"tag-bretagne","11":"tag-eu","12":"tag-europe","13":"tag-fr","14":"tag-france","15":"tag-news","16":"tag-rennes","17":"tag-republique-francaise"},"share_on_mastodon":{"url":"https:\/\/pubeurope.com\/@fr\/115790176151107634","error":""},"_links":{"self":[{"href":"https:\/\/www.europesays.com\/fr\/wp-json\/wp\/v2\/posts\/624730","targetHints":{"allow":["GET"]}}],"collection":[{"href":"https:\/\/www.europesays.com\/fr\/wp-json\/wp\/v2\/posts"}],"about":[{"href":"https:\/\/www.europesays.com\/fr\/wp-json\/wp\/v2\/types\/post"}],"author":[{"embeddable":true,"href":"https:\/\/www.europesays.com\/fr\/wp-json\/wp\/v2\/users\/2"}],"replies":[{"embeddable":true,"href":"https:\/\/www.europesays.com\/fr\/wp-json\/wp\/v2\/comments?post=624730"}],"version-history":[{"count":0,"href":"https:\/\/www.europesays.com\/fr\/wp-json\/wp\/v2\/posts\/624730\/revisions"}],"wp:featuredmedia":[{"embeddable":true,"href":"https:\/\/www.europesays.com\/fr\/wp-json\/wp\/v2\/media\/624731"}],"wp:attachment":[{"href":"https:\/\/www.europesays.com\/fr\/wp-json\/wp\/v2\/media?parent=624730"}],"wp:term":[{"taxonomy":"category","embeddable":true,"href":"https:\/\/www.europesays.com\/fr\/wp-json\/wp\/v2\/categories?post=624730"},{"taxonomy":"post_tag","embeddable":true,"href":"https:\/\/www.europesays.com\/fr\/wp-json\/wp\/v2\/tags?post=624730"}],"curies":[{"name":"wp","href":"https:\/\/api.w.org\/{rel}","templated":true}]}}