{"id":624736,"date":"2025-12-27T06:45:21","date_gmt":"2025-12-27T06:45:21","guid":{"rendered":"https:\/\/www.europesays.com\/fr\/624736\/"},"modified":"2025-12-27T06:45:21","modified_gmt":"2025-12-27T06:45:21","slug":"apres-dix-ans-dattente-cette-place-devient-un-veritable-lieu-de-vie-a-carros","status":"publish","type":"post","link":"https:\/\/www.europesays.com\/fr\/624736\/","title":{"rendered":"apr\u00e8s dix ans d\u2019attente, cette place devient un v\u00e9ritable lieu de vie \u00e0 Carros"},"content":{"rendered":"<p class=\"fs-5 \">Apr\u00e8s dix ans de d\u00e9p\u00f4ts sauvages, de stationnement anarchique et de ras-le-bol chez les riverains, la place Saint-Pierre rena\u00eet enfin et devient un v\u00e9ritable lieu de vie au c\u0153ur de Carros. Samedi 20 d\u00e9cembre elle a \u00e9t\u00e9 officiellement inaugur\u00e9e par le maire Yannick Bernard, en pr\u00e9sence d\u2019\u00e9lus, d\u2019entreprises locales et de nombreux habitants.<\/p>\n<p class=\"fs-5 \">Cette place de 1.346 m\u00b2 \u2014 dont 656 m\u00b2 am\u00e9nag\u00e9s en jardin \u00ab quatre saisons \u00bb ombrag\u00e9 \u2014 montre enfin un nouveau visage.<\/p>\n<p>                                                                                Tables de jeux, bo\u00eetes \u00e0 livres<\/p>\n<p class=\"fs-5 \">Ici, depuis 2015, les riverains et commer\u00e7ants d\u00e9non\u00e7aient le manque de civisme, les d\u00e9chets abandonn\u00e9s et les voitures mal gar\u00e9es. Malgr\u00e9 leurs plaintes, la police municipale ne pouvait pas intervenir, le site \u00e9tant priv\u00e9. Apr\u00e8s de longues n\u00e9gociations, c\u2019est en janvier que le maire avait annonc\u00e9 la signature de l\u2019acte de r\u00e9trocession et la promesse de <a href=\"https:\/\/www.nicematin.com\/societe\/vie-locale\/la-place-saint-pierre-a-carros-enfin-reprise-par-la-ville-967304\" target=\"_blank\" rel=\"noopener\">transformer ce lieu <\/a>avant la fin de son mandat.<\/p>\n<p class=\"fs-5 \">Et, le projet n\u2019a pas \u00e9t\u00e9 simple \u00e0 mener. Avant le d\u00e9but des travaux, lanc\u00e9s en ao\u00fbt, les commer\u00e7ants \u00e9taient inquiets : m\u00eame si le stationnement \u00e9tait d\u00e9sordonn\u00e9, leurs clients acc\u00e9daient, malgr\u00e9 tout, \u00e0 leurs boutiques. Aujourd\u2019hui, ils sont unanimes et sont ravis du r\u00e9sultat. La r\u00e9organisation des 54 places en zone bleue, favorisant la rotation, ainsi que la cr\u00e9ation d\u2019un parking de 26 places \u00e0 proximit\u00e9, a lev\u00e9 leurs craintes.<\/p>\n<p>        <img src=\"https:\/\/www.europesays.com\/fr\/wp-content\/uploads\/2025\/11\/1763502859_959_866ef50_upload-from-url-1-dviyw4wgpwgw-data-art-16569010.jpg\"   loading=\"lazy\" decoding=\"async\" alt=\"Un toboggan adapt\u00e9 aux enfants en situation d\u2019handicap, dans le jardin des Lucioles \u00e0 Carros, le 29\u00a0octobre 2025.\" class=\"img-fluid position-absolute w-100 object-fit-cover rounded-2\" width=\"600\" height=\"400\"\/><\/p>\n<p class=\"fs-5 \">Camille, la kin\u00e9sith\u00e9rapeute, et Doriana, la coiffeuse, ne regrettent pas cette \u00ab transformation r\u00e9ussie \u00bb. Micka\u00ebl, le caviste, et C\u00e9line, de la r\u00f4tisserie, \u00ab restent optimistes pour la suite \u00bb.<\/p>\n<p class=\"fs-5 \">La place propose d\u00e9sormais des tables de jeux, une bo\u00eete \u00e0 livres \u2014 qui r\u00e9jouit Jean-Luc, un habitant, pr\u00e9sent lors de l\u2019inauguration et amateur de lecture \u2014 et un jardin d\u2019enfants. Ce lieu se veut s\u00e9curis\u00e9 gr\u00e2ce \u00e0 la vid\u00e9oprotection, aux passages r\u00e9guliers de la police municipale et \u00e0 la fermeture du site le soir.<\/p>\n","protected":false},"excerpt":{"rendered":"Apr\u00e8s dix ans de d\u00e9p\u00f4ts sauvages, de stationnement anarchique et de ras-le-bol chez les riverains, la place Saint-Pierre&hellip;\n","protected":false},"author":2,"featured_media":624737,"comment_status":"","ping_status":"","sticky":false,"template":"","format":"standard","meta":{"footnotes":""},"categories":[2819],"tags":[1111,11,1777,674,1011,27,12,2401,882,25],"class_list":{"0":"post-624736","1":"post","2":"type-post","3":"status-publish","4":"format-standard","5":"has-post-thumbnail","7":"category-nice","8":"tag-actu","9":"tag-actualites","10":"tag-eu","11":"tag-europe","12":"tag-fr","13":"tag-france","14":"tag-news","15":"tag-nice","16":"tag-provence-alpes-cote-dazur","17":"tag-republique-francaise"},"share_on_mastodon":{"url":"https:\/\/pubeurope.com\/@fr\/115790187207374464","error":""},"_links":{"self":[{"href":"https:\/\/www.europesays.com\/fr\/wp-json\/wp\/v2\/posts\/624736","targetHints":{"allow":["GET"]}}],"collection":[{"href":"https:\/\/www.europesays.com\/fr\/wp-json\/wp\/v2\/posts"}],"about":[{"href":"https:\/\/www.europesays.com\/fr\/wp-json\/wp\/v2\/types\/post"}],"author":[{"embeddable":true,"href":"https:\/\/www.europesays.com\/fr\/wp-json\/wp\/v2\/users\/2"}],"replies":[{"embeddable":true,"href":"https:\/\/www.europesays.com\/fr\/wp-json\/wp\/v2\/comments?post=624736"}],"version-history":[{"count":0,"href":"https:\/\/www.europesays.com\/fr\/wp-json\/wp\/v2\/posts\/624736\/revisions"}],"wp:featuredmedia":[{"embeddable":true,"href":"https:\/\/www.europesays.com\/fr\/wp-json\/wp\/v2\/media\/624737"}],"wp:attachment":[{"href":"https:\/\/www.europesays.com\/fr\/wp-json\/wp\/v2\/media?parent=624736"}],"wp:term":[{"taxonomy":"category","embeddable":true,"href":"https:\/\/www.europesays.com\/fr\/wp-json\/wp\/v2\/categories?post=624736"},{"taxonomy":"post_tag","embeddable":true,"href":"https:\/\/www.europesays.com\/fr\/wp-json\/wp\/v2\/tags?post=624736"}],"curies":[{"name":"wp","href":"https:\/\/api.w.org\/{rel}","templated":true}]}}