{"id":624748,"date":"2025-12-27T06:52:14","date_gmt":"2025-12-27T06:52:14","guid":{"rendered":"https:\/\/www.europesays.com\/fr\/624748\/"},"modified":"2025-12-27T06:52:14","modified_gmt":"2025-12-27T06:52:14","slug":"metro-de-toulouse-ou-sont-les-tunneliers-qui-creusent-la-3e-ligne","status":"publish","type":"post","link":"https:\/\/www.europesays.com\/fr\/624748\/","title":{"rendered":"M\u00e9tro de Toulouse\u00a0: o\u00f9 sont les tunneliers qui creusent la 3e ligne\u00a0?"},"content":{"rendered":"<p>\n                                                                    l&rsquo;essentiel<br \/>\n                                                                En avance c\u00f4t\u00e9 Montaudran mais en retard \u00e0 Colomiers, le creusement du tunnel de la 3e ligne de m\u00e9tro de Toulouse, d\u00e9but\u00e9 en ao\u00fbt\u00a02024, se poursuit. Voici o\u00f9 se trouvent les quatre tunneliers encore en fonction dans le sous-sol.\n                            <\/p>\n<p>Il y a un an, en d\u00e9cembre\u00a02024, le cinqui\u00e8me et dernier tunnelier de la 3e ligne de m\u00e9tro de Toulouse \u00e9tait mis en fonction aux Ponts-Jumeaux. Objectif pour ces machines\u00a0: creuser les 22 kilom\u00e8tres souterrains de la ligne C qui reliera Colomiers \u00e0 Lab\u00e8ge sur 27\u00a0km (avec cinq de viaduc dans la partie Est). Les trois tunneliers des tron\u00e7ons nord et ouest avancent au ralenti en raison d\u2019un probl\u00e8me d\u2019extraction de la terre. Ce qui fait planer la menace d\u2019un retard pour la mise en service programm\u00e9e fin 2028. Voici o\u00f9 se trouvent aujourd\u2019hui tous ces engins dans le sous-sol toulousain.<\/p>\n<p>Le tunnel Est<\/p>\n<p>\u00c0 l\u2019Est, entre Montaudran et le puits Saint-Sauveur, le tunnelier Marguerite de Catellan, de Bouygues, parti le premier en ao\u00fbt\u00a02024, a fini sa course le 14\u00a0octobre au puits Saint-Sauveur apr\u00e8s avoir for\u00e9 sous la C\u00f4te-Pav\u00e9e. C\u2019est une bonne nouvelle pour Tiss\u00e9o car il a m\u00eame achev\u00e9 sa t\u00e2che avec un mois d\u2019avance. Tout n\u2019est pas fini pour autant\u00a0: le tunnelier est en cours de d\u00e9montage. Et il faut pr\u00e9parer le tunnel pour installer les rails. Une tr\u00eave est observ\u00e9e pour les f\u00eates avec une reprise de chantier programm\u00e9e le 5\u00a0janvier.<\/p>\n<p>Le tunnel Centre<\/p>\n<p>Le tunnelier Marie-Th\u00e9r\u00e8se de Villeneuve-Arifat, parti du Raisin en septembre\u00a02024 (groupement Demathieu-Bard-Implenia), a fait des d\u00e9g\u00e2ts en passant sous Bonnefoy en juin. Le plancher d\u2019une maison s\u2019est effondr\u00e9 rue Mass\u00e9 et plusieurs habitants n\u2019ont toujours pas pu regagner leur foyer. Le tunnelier est aujourd\u2019hui sous la rue Riquet \u00e0 l\u2019angle de la rue Gabriel-P\u00e9ri, juste avant le puits de secours Saint-Aubin. Apr\u00e8s la gare Matabiau, il est pass\u00e9 sous les voies ferr\u00e9es, le canal du Midi et la ligne A. Il est attendu \u00e0 Fran\u00e7ois-Verdier d\u00e9but 2026 et aura termin\u00e9 son creusement mi-2026.<\/p>\n<p>        <img decoding=\"async\" class=\"std-img__img responsive-img\" src=\"https:\/\/www.europesays.com\/fr\/wp-content\/uploads\/2025\/12\/1766818334_948_image.jpg\" alt=\"La position actuelle des tunneliers.\"\/><\/p>\n<p>                La position actuelle des tunneliers.<\/p>\n<p>Le tunnel Nord<\/p>\n<p>En novembre\u00a02024, le tunnelier Berthe-de-Puybusque d\u2019Eiffage est parti de La Vache. Il a franchi l\u2019avenue des \u00c9tats-Unis puis la station Fondeyre le 29\u00a0septembre. Il a repris en direction des Ponts-Jumeaux o\u00f9 il doit arriver d\u00e9but 2026. Particularit\u00e9\u00a0: il sera d\u00e9mont\u00e9 pour revenir \u00e0 La Vache et repartir vers Le Raisin pour un second tron\u00e7on. Ce tunnelier et les deux suivants, \u00e9galement op\u00e9r\u00e9s par Eiffage, avancent au ralenti en raison d\u2019un probl\u00e8me d\u2019extraction de la terre. Du Nord \u00e0 l\u2019Ouest, les trois tron\u00e7ons concern\u00e9s sont donc en retard sur le planning. Un retard que les entreprises esp\u00e8rent rattraper. Il n\u2019y a pas de tr\u00eave des confiseurs sur ces trois chantiers.<\/p>\n<p>Le tunnel du Stade Toulousain<\/p>\n<p>Lise-Enjalbert, partie fin 2024, est aujourd\u2019hui dans la station Sept-Deniers-Stade Toulousain o\u00f9 elle est arriv\u00e9e le 26\u00a0novembre. Une station qui sera connect\u00e9e avec le garage atelier. Le tunnelier repartira d\u00e9but 2026 vers la station Blagnac. Et devra passer sous la Garonne.<\/p>\n<p>Le tunnel Ouest<\/p>\n<p>Le tunnelier Jeanne-Marvig a d\u00e9marr\u00e9 le deuxi\u00e8me de Colomiers Gare en septembre\u00a02024 apr\u00e8s celui de Montaudran. C\u2019est pourtant aujourd\u2019hui celui qui a creus\u00e9 le moins (0,7 sur 4\u00a0km, <a href=\"https:\/\/projetsmetro-tunnels-viaducs-tisseo.fr\/\" target=\"_self\" rel=\"noopener\">selon la carte en temps r\u00e9el de Tiss\u00e9o<\/a>). Il est m\u00eame \u00e0 l\u2019arr\u00eat en ce moment en vue d\u2019une reprise en d\u00e9but d\u2019ann\u00e9e. Il est actuellement en maintenance, pr\u00e9cise Tiss\u00e9o Ing\u00e9nierie. Ici aussi, c\u2019est le syst\u00e8me d\u2019acheminement des d\u00e9blais vers la surface qui pose probl\u00e8me.<\/p>\n<p>    La 4\u00a0G\/5\u00a0G en pr\u00e9paration sur la ligne C<\/p>\n<p>Comme sur les deux lignes de m\u00e9tro actuelles, les usagers de la future ligne C pourront acc\u00e9der \u00e0 internet depuis les rames et les stations. Tiss\u00e9o Collectivit\u00e9s vient de s\u00e9lectionner l\u2019op\u00e9rateur TDF pour assurer le d\u00e9ploiement, l\u2019exploitation et la maintenance de l\u2019infrastructure de r\u00e9seau mobile de la 3e ligne. TDF sera aussi charg\u00e9 de commercialiser ce r\u00e9seau aupr\u00e8s des op\u00e9rateurs de t\u00e9l\u00e9phonie. Lors de leur assembl\u00e9e le 17\u00a0d\u00e9cembre, les \u00e9lus de l\u2019autorit\u00e9 organisatrice des transports en commun ont approuv\u00e9 des conventions entre les diff\u00e9rentes parties prenantes de cette installation. En novembre\u00a02017, le m\u00e9tro toulousain a \u00e9t\u00e9 le premier de l\u2019Hexagone \u00e0 proposer la 4\u00a0G \u00e0 ses passagers. Une premi\u00e8re qui a co\u00fbt\u00e9 10\u00a0M\u20ac, une somme partag\u00e9e entre les quatre op\u00e9rateurs (Orange, Bouygues Telecom, SFR et Free) et Toulouse M\u00e9tropole.<\/p>\n","protected":false},"excerpt":{"rendered":"l&rsquo;essentiel En avance c\u00f4t\u00e9 Montaudran mais en retard \u00e0 Colomiers, le creusement du tunnel de la 3e ligne&hellip;\n","protected":false},"author":2,"featured_media":624749,"comment_status":"","ping_status":"","sticky":false,"template":"","format":"standard","meta":{"footnotes":""},"categories":[2816],"tags":[1111,11,7048,68902,1777,674,1011,27,329,2722,12,2680,25,69497,2312,2221,69498],"class_list":{"0":"post-624748","1":"post","2":"type-post","3":"status-publish","4":"format-standard","5":"has-post-thumbnail","7":"category-toulouse","8":"tag-actu","9":"tag-actualites","10":"tag-bus","11":"tag-circulation-du00e9placements","12":"tag-eu","13":"tag-europe","14":"tag-fr","15":"tag-france","16":"tag-france-monde","17":"tag-haute-garonne","18":"tag-news","19":"tag-occitanie","20":"tag-republique-francaise","21":"tag-tissu00e9o-mu00e9tro","22":"tag-toulouse","23":"tag-tram","24":"tag-transport-u00e0-toulouse"},"share_on_mastodon":{"url":"https:\/\/pubeurope.com\/@fr\/115790214697464565","error":""},"_links":{"self":[{"href":"https:\/\/www.europesays.com\/fr\/wp-json\/wp\/v2\/posts\/624748","targetHints":{"allow":["GET"]}}],"collection":[{"href":"https:\/\/www.europesays.com\/fr\/wp-json\/wp\/v2\/posts"}],"about":[{"href":"https:\/\/www.europesays.com\/fr\/wp-json\/wp\/v2\/types\/post"}],"author":[{"embeddable":true,"href":"https:\/\/www.europesays.com\/fr\/wp-json\/wp\/v2\/users\/2"}],"replies":[{"embeddable":true,"href":"https:\/\/www.europesays.com\/fr\/wp-json\/wp\/v2\/comments?post=624748"}],"version-history":[{"count":0,"href":"https:\/\/www.europesays.com\/fr\/wp-json\/wp\/v2\/posts\/624748\/revisions"}],"wp:featuredmedia":[{"embeddable":true,"href":"https:\/\/www.europesays.com\/fr\/wp-json\/wp\/v2\/media\/624749"}],"wp:attachment":[{"href":"https:\/\/www.europesays.com\/fr\/wp-json\/wp\/v2\/media?parent=624748"}],"wp:term":[{"taxonomy":"category","embeddable":true,"href":"https:\/\/www.europesays.com\/fr\/wp-json\/wp\/v2\/categories?post=624748"},{"taxonomy":"post_tag","embeddable":true,"href":"https:\/\/www.europesays.com\/fr\/wp-json\/wp\/v2\/tags?post=624748"}],"curies":[{"name":"wp","href":"https:\/\/api.w.org\/{rel}","templated":true}]}}