{"id":624754,"date":"2025-12-27T06:55:11","date_gmt":"2025-12-27T06:55:11","guid":{"rendered":"https:\/\/www.europesays.com\/fr\/624754\/"},"modified":"2025-12-27T06:55:11","modified_gmt":"2025-12-27T06:55:11","slug":"lille-previsions-meteo-du-samedi-27-decembre-2025","status":"publish","type":"post","link":"https:\/\/www.europesays.com\/fr\/624754\/","title":{"rendered":"Lille : pr\u00e9visions m\u00e9t\u00e9o du samedi 27 d\u00e9cembre 2025"},"content":{"rendered":"<p>\u00c0 Lille, la journ\u00e9e du samedi 27 d\u00e9cembre 2025 sera fra\u00eeche avec un ciel couvert dans l\u2019ensemble, ponctu\u00e9 d\u2019\u00e9claircies le matin. Le vent de nord-est accentue la sensation de froid, sans risque de pr\u00e9cipitations.<\/p>\n<p>    Alerte en cours<\/p>\n<p>Le d\u00e9partement du Nord, incluant Lille, est plac\u00e9 en vigilance <b>jaune Grand froid<\/b> depuis minuit. Les temp\u00e9ratures restent basses et un vent de Nord-Est accentue la sensation de froid. Les autorit\u00e9s rappellent que des situations localement dangereuses peuvent survenir.<\/p>\n<ul>\n<li>Limitez les sorties prolong\u00e9es, surtout pour les personnes fragiles.<\/li>\n<li>Privil\u00e9giez plusieurs couches de v\u00eatements et prot\u00e9gez les extr\u00e9mit\u00e9s.<\/li>\n<li>Surveillez les voisins isol\u00e9s ainsi que les animaux domestiques.<\/li>\n<\/ul>\n<p>Les \u00e9coles demeurent ouvertes, mais certaines activit\u00e9s sportives en ext\u00e9rieur pourraient \u00eatre adapt\u00e9es afin d\u2019\u00e9viter l\u2019hypothermie des \u00e9l\u00e8ves.<\/p>\n<p>Retrouvez la carte de vigilance actualis\u00e9e sur notre <a href=\"https:\/\/www.meteocity.com\/france\/alertes\" target=\"_blank\" rel=\"noopener\">page d\u00e9di\u00e9e aux alertes m\u00e9t\u00e9orologiques<\/a>.<\/p>\n<p>Matin : \u00e9claircies glaciales et lever du soleil<\/p>\n<p>\u00c0 9 h, le ciel s\u2019annonce d\u00e9gag\u00e9 sur Lille. Le thermom\u00e8tre affiche <b>-3 \u00b0C<\/b>, tandis que le ressenti chute \u00e0 <b>-7 \u00b0C<\/b>. L\u2019humidit\u00e9 atteint 90 %, signe d\u2019un air tr\u00e8s satur\u00e9.<\/p>\n<p>Un flux de Nord-Est souffle \u00e0 15 km\/h, renfor\u00e7ant la sensation de froid. Aucune pr\u00e9cipitation n\u2019est attendue, la pression \u00e9lev\u00e9e de <b>1032 hPa<\/b> stabilise l\u2019atmosph\u00e8re.<\/p>\n<p>Le soleil s\u2019est lev\u00e9 \u00e0 08 h 48, apportant une lumi\u00e8re rasante id\u00e9ale pour les march\u00e9s de fin d\u2019ann\u00e9e. Prenez cependant garde aux trottoirs glissants lors de vos d\u00e9placements matinaux.<\/p>\n<p>Des plaques de givre peuvent se former sur les pare-brise et les pistes cyclables. Pr\u00e9voyez cinq minutes suppl\u00e9mentaires pour le d\u00e9givrage et vos trajets urbains.<\/p>\n<p>La qualit\u00e9 de l\u2019air est annonc\u00e9e ind\u00e9finie. Le brassage par le vent limite g\u00e9n\u00e9ralement les particules, mais les personnes souffrant d\u2019asthme devront surveiller leurs sensations respiratoires.<\/p>\n<p>Apr\u00e8s-midi : grisaille persistante<\/p>\n<p>Dans l\u2019apr\u00e8s-midi, le ciel se couvre nettement, avec une couverture tr\u00e8s nuageuse signal\u00e9e \u00e0 15 h. Le mercure remonte doucement \u00e0 <b>2 \u00b0C<\/b>, pour un ressenti de <b>-3 \u00b0C<\/b> sous un vent de Nord-Est stable \u00e0 18 km\/h.<\/p>\n<p>L\u2019absence de pluie permet de profiter des animations hivernales sans parapluie. Toutefois, la combinaison d\u2019une forte humidit\u00e9 et de temp\u00e9ratures proches de z\u00e9ro peut favoriser le verglas sur les routes secondaires.<\/p>\n<p>Le contraste entre l\u2019air froid et les surfaces r\u00e9chauff\u00e9es par les d\u00e9corations lumineuses cr\u00e9e parfois un l\u00e9ger brouillard urbain, sans pour autant r\u00e9duire sensiblement la visibilit\u00e9.<\/p>\n<p>Soir : nuages compacts et coucher pr\u00e9coce<\/p>\n<p>En soir\u00e9e, la couverture nuageuse reste dense. \u00c0 21 h, on rel\u00e8ve <b>3 \u00b0C<\/b> pour un ressenti de <b>-1 \u00b0C<\/b>. L\u2019humidit\u00e9 grimpe \u00e0 97 %, garantissant une ambiance froide et humide.<\/p>\n<p>Le vent s\u2019oriente l\u00e9g\u00e8rement Est-Nord-Est \u00e0 16 km\/h. La pression atteint 1034 hPa, signe d\u2019un anticyclone qui bloque toujours les perturbations. Aucune pr\u00e9cipitation n\u2019est pr\u00e9vue.<\/p>\n<p>Le soleil se couchera \u00e0 16 h 48, rendant la fin d\u2019apr\u00e8s-midi rapidement sombre. Pensez \u00e0 anticiper vos trajets de retour et \u00e0 v\u00e9rifier l\u2019\u00e9clairage de vos v\u00e9los ou trottinettes.<\/p>\n<p>Avant de sortir admirer les illuminations, pensez \u00e0 glisser des semelles isolantes ; la conduction thermique du pav\u00e9 lillois acc\u00e9l\u00e8re la perte de chaleur des pieds.<\/p>\n<p>La demande \u00e9nerg\u00e9tique s\u2019annonce forte ; Enedis encourage \u00e0 d\u00e9caler l\u2019usage des appareils gourmands apr\u00e8s 22 h afin de soulager le r\u00e9seau en p\u00e9riode de pointe hivernale.<\/p>\n<p>Tendance g\u00e9n\u00e9rale pour le lendemain<\/p>\n<p>Dimanche 28 d\u00e9cembre poursuivra cette s\u00e9quence hivernale. Les temp\u00e9ratures oscilleront entre <b>-1 \u00b0C<\/b> et <b>6 \u00b0C<\/b>. Le ciel restera tr\u00e8s nuageux sous un flux de Nord-Est, 16 km\/h en moyenne.<\/p>\n<p>Le ressenti ne d\u00e9passera pas 2 \u00b0C, malgr\u00e9 l\u2019absence de pr\u00e9cipitations. Il faudra donc conserver gants et bonnet \u00e0 port\u00e9e de main.<\/p>\n<p>Pour plus de d\u00e9tails, consultez <a href=\"https:\/\/www.meteocity.com\/france\/lille-v2998324\" target=\"_blank\" rel=\"noopener\">notre bulletin du jour<\/a> mis \u00e0 jour en continu.<\/p>\n<p>Selon les climatologues, le Nord conna\u00eet des hivers globalement plus doux, mais ces s\u00e9quences br\u00e8ves de froid persistent gr\u00e2ce aux dorsales anticycloniques continentales.<\/p>\n<p>La haute pression restera pr\u00e9sente, maintenant l\u2019ass\u00e8chement de l\u2019atmosph\u00e8re. Les mod\u00e8les n\u2019envisagent toujours aucun \u00e9pisode neigeux ni pluie significative dans les 72 heures.<\/p>\n","protected":false},"excerpt":{"rendered":"\u00c0 Lille, la journ\u00e9e du samedi 27 d\u00e9cembre 2025 sera fra\u00eeche avec un ciel couvert dans l\u2019ensemble, ponctu\u00e9&hellip;\n","protected":false},"author":2,"featured_media":624755,"comment_status":"","ping_status":"","sticky":false,"template":"","format":"standard","meta":{"footnotes":""},"categories":[2815],"tags":[1111,11,1777,674,1011,27,811,1307,12,25],"class_list":{"0":"post-624754","1":"post","2":"type-post","3":"status-publish","4":"format-standard","5":"has-post-thumbnail","7":"category-lille","8":"tag-actu","9":"tag-actualites","10":"tag-eu","11":"tag-europe","12":"tag-fr","13":"tag-france","14":"tag-hauts-de-france","15":"tag-lille","16":"tag-news","17":"tag-republique-francaise"},"share_on_mastodon":{"url":"https:\/\/pubeurope.com\/@fr\/115790225307891247","error":""},"_links":{"self":[{"href":"https:\/\/www.europesays.com\/fr\/wp-json\/wp\/v2\/posts\/624754","targetHints":{"allow":["GET"]}}],"collection":[{"href":"https:\/\/www.europesays.com\/fr\/wp-json\/wp\/v2\/posts"}],"about":[{"href":"https:\/\/www.europesays.com\/fr\/wp-json\/wp\/v2\/types\/post"}],"author":[{"embeddable":true,"href":"https:\/\/www.europesays.com\/fr\/wp-json\/wp\/v2\/users\/2"}],"replies":[{"embeddable":true,"href":"https:\/\/www.europesays.com\/fr\/wp-json\/wp\/v2\/comments?post=624754"}],"version-history":[{"count":0,"href":"https:\/\/www.europesays.com\/fr\/wp-json\/wp\/v2\/posts\/624754\/revisions"}],"wp:featuredmedia":[{"embeddable":true,"href":"https:\/\/www.europesays.com\/fr\/wp-json\/wp\/v2\/media\/624755"}],"wp:attachment":[{"href":"https:\/\/www.europesays.com\/fr\/wp-json\/wp\/v2\/media?parent=624754"}],"wp:term":[{"taxonomy":"category","embeddable":true,"href":"https:\/\/www.europesays.com\/fr\/wp-json\/wp\/v2\/categories?post=624754"},{"taxonomy":"post_tag","embeddable":true,"href":"https:\/\/www.europesays.com\/fr\/wp-json\/wp\/v2\/tags?post=624754"}],"curies":[{"name":"wp","href":"https:\/\/api.w.org\/{rel}","templated":true}]}}