{"id":624756,"date":"2025-12-27T06:57:12","date_gmt":"2025-12-27T06:57:12","guid":{"rendered":"https:\/\/www.europesays.com\/fr\/624756\/"},"modified":"2025-12-27T06:57:12","modified_gmt":"2025-12-27T06:57:12","slug":"marseille-ce-projet-xxl-va-t-il-voir-le-jour-a-la-gare-saint-charles-la-reponse-de-la-sncf","status":"publish","type":"post","link":"https:\/\/www.europesays.com\/fr\/624756\/","title":{"rendered":"Marseille. Ce projet XXL va-t-il voir le jour \u00e0 la gare Saint-Charles ? La r\u00e9ponse de la SNCF"},"content":{"rendered":"<p>                    Par<br \/>\n        <strong><br \/>\n            <a href=\"https:\/\/actu.fr\/auteur\/thibault-nadal-actu-fr\" title=\"Consulter tous les articles de Thibault Nadal\" target=\"_blank\" rel=\"noopener\">Thibault Nadal<\/a><br \/>\n                    <\/strong><\/p>\n<p>        Publi\u00e9 le<\/p>\n<p>            27 d\u00e9c. 2025 \u00e0 7h04        <\/p>\n<p><a href=\"https:\/\/actu.fr\/tag\/emmanuel-macron\" target=\"_blank\" rel=\"noopener\">Emmanuel Macron<\/a> est venu en personne superviser l\u2019avanc\u00e9e de ce chantier titanesque, estim\u00e9 \u00e0 un peu moins de <strong>quatre milliards d\u2019euros<\/strong>. D\u00e9but octobre, <a href=\"https:\/\/actu.fr\/provence-alpes-cote-d-azur\/marseille_13055\/marseille-la-gare-saint-charles-devoile-son-futur-visage-dans-une-video-en-3d_61986922.html\" target=\"_blank\" rel=\"noopener\">les travaux de transformation de la gare Saint-Charles <\/a>\u00e0 <a href=\"https:\/\/actu.fr\/marseille\/\" target=\"_blank\" rel=\"noopener\">Marseille<\/a> ont d\u00e9but\u00e9. Livraison estim\u00e9e\u2009: 2035 avec l\u2019objectif de multiplier par six le nombre de passagers. Certains ont profit\u00e9 de cette occasion pour d\u00e9terrer un vieux projet du placard.<\/p>\n<p>Un projet datant des ann\u00e9es 2000<\/p>\n<p class=\" wall-content\">Ces derni\u00e8res semaines, <a href=\"https:\/\/www.change.org\/p\/cr%C3%A9ation-d-un-vitrail-de-375m2-sur-le-fronton-de-la-gare-saint-charles-%C3%A0-marseille?source_location=search\" target=\"_blank\" rel=\"noopener\">une p\u00e9tition<\/a> est discr\u00e8tement apparue sur Internet. En cette fin du mois de d\u00e9cembre, elle totalise <strong>plus de 500 signatures<\/strong>.<\/p>\n<p class=\" wall-content\">Ces auteurs r\u00e9clament <strong>la cr\u00e9ation d\u2019un immense vitrail de 375\u00a0m2 sur le fronton<\/strong> de <a href=\"https:\/\/actu.fr\/tag\/gare-saint-charles\" target=\"_blank\" rel=\"noopener\">la gare Saint-Charles<\/a>. Il s\u2019agit en r\u00e9alit\u00e9 d\u2019un vieux projet qui avait \u00e9t\u00e9 imagin\u00e9 \u00e0 la fin des ann\u00e9es 2000 et abandonn\u00e9 en 2011.<\/p>\n<p class=\" wall-content\">\u00c0 l\u2019\u00e9poque, deux artistes marseillais, le peintre, Georges Briata, Dominique Imbert, artisan verrier, avaient esquiss\u00e9 une \u00e9bauche de vitrail, <strong>repr\u00e9sentant (une partie) de l\u2019histoire de Marseille et de ses symboles<\/strong>. On pouvait notamment y voir l\u2019arriv\u00e9e des Grecs dans la cit\u00e9 phoc\u00e9enne, la \u00ab\u2009Bonne M\u00e8re\u2009\u00bb, un port, l\u2019abbaye Saint-Victor ou encore les calanques, relatait <a href=\"https:\/\/www.laprovence.com\/article\/loisirs\/510700\/marseille-le-plus-grand-vitrail-deurope-sur-le-fronton-de-la-gare.html\" target=\"_blank\" rel=\"noopener\">La Provence<\/a> \u00e0 l\u2019\u00e9poque.<\/p>\n<p class=\" wall-content\">S\u2019il avait \u00e9t\u00e9 au bout, ce vitrail aurait \u00e9t\u00e9 <strong>le plus grand d\u2019Europe<\/strong> juste devant celui de la gare de Bilbao en Espagne avec ses 245\u00a0m2. Il devait \u00eatre livr\u00e9 en 2013 dans le cadre de Marseille Provence.<\/p>\n<p>Un nouvel architecte mandat\u00e9<\/p>\n<p class=\" wall-content\">Mais il avait \u00e9t\u00e9 abandonn\u00e9 d\u00e8s 2011, en raison \u00ab\u2009d\u2019un probl\u00e8me structurel du projet\u2009\u00bb, \u00e9crivait <a href=\"https:\/\/www.20minutes.fr\/marseille\/819414-20111108-marseille-grand-vitrail-gare-saint-charles-reste-quai\" target=\"_blank\" rel=\"noopener\">20\u00a0Minutes<\/a>.<\/p>\n<p class=\" wall-content\">Les auteurs de la p\u00e9tition souhaitent donc relancer cette cr\u00e9ation et esp\u00e8rent rassembler de nombreuses personnes. Ils assurent <strong>qu\u2019un nouvel architecte \u00ab\u2009a \u00e9t\u00e9 mandat\u00e9<\/strong>, fin 2025, pour l\u2019analyse et le suivi de la cr\u00e9ation du projet\u2009\u00bb. Il s\u2019agit de Rudy Riccioti, une personnalit\u00e9 bien connue \u00e0 Marseille.<\/p>\n<p>Votre r\u00e9gion, votre actu !<\/p>\n<p>Recevez chaque jour les infos qui comptent pour vous.<\/p>\n<p>\t<a href=\"https:\/\/actu.fr\/newsletter\" class=\"ac-btn ac-btn--corner ac-btn--medium ac-btn--blue800\" target=\"_blank\" rel=\"noopener\">S&rsquo;incrire<\/a><\/p>\n<blockquote class=\"ac-article-quote wall-content\">\n<p>Afin de soutenir cette magistrale cr\u00e9ation aupr\u00e8s des personnalit\u00e9s politiques, et acqu\u00e9rir de grands partenaires et m\u00e9c\u00e8nes, il serait tr\u00e8s important d\u2019obtenir un maximum de signatures.<\/p>\n<p>    <strong>Auteurs de la p\u00e9tition<\/strong><br \/>\n        Favorables \u00e0 la cr\u00e9ation d&rsquo;un vitrail sur la gare Saint-Charles    <\/p><\/blockquote>\n<p class=\" wall-content\">Et que des demandes d\u2019autorisations ont \u00e9t\u00e9 envoy\u00e9es au pr\u00e9sident de la R\u00e9publique, Emmanuel Macron, ainsi qu\u2019au PDG de la <a href=\"https:\/\/actu.fr\/tag\/sncf\" target=\"_blank\" rel=\"noopener\">SNCF<\/a>, <a href=\"https:\/\/actu.fr\/tag\/jean-castex\" target=\"_blank\" rel=\"noopener\">Jean Castex<\/a>.<\/p>\n<p>La SNCF toujours oppos\u00e9e<\/p>\n<p class=\" wall-content\">Mais du c\u00f4t\u00e9 de l\u2019entreprise ferroviaire, la position de 2011 n\u2019a pas \u00e9volu\u00e9. Contact\u00e9e par actu Marseille, elle explique ne pas \u00eatre favorable \u00e0 cette r\u00e9alisation.<\/p>\n<p class=\" wall-content\">\u00ab\u2009Au vu des contraintes techniques inh\u00e9rentes \u00e0 la mise en place d\u2019un vitrail de cette ampleur et <strong>au co\u00fbt particuli\u00e8rement \u00e9lev\u00e9<\/strong> que cela repr\u00e9senterait en termes d\u2019\u00e9tudes, de conception et de r\u00e9alisation, nous ne sommes pas en capacit\u00e9 d\u2019envisager un tel projet\u2009\u00bb, nous fait-elle savoir.<\/p>\n<p class=\" wall-content\">\u00c0 peine sortie des cartons, ce projet est d\u00e9j\u00e0 enterr\u00e9.<\/p>\n<p class=\" wall-content\">Personnalisez votre actualit\u00e9 en ajoutant vos villes et m\u00e9dias en favori avec <a href=\"https:\/\/moncompte.actu.fr\" title=\"D\u00e9couvez Mon Actu\" rel=\"nofollow noopener\" data-trk=\"{&quot;cta&quot;:{&quot;action&quot;:&quot;https:\\\/\\\/moncompte.actu.fr&quot;,&quot;category&quot;:&quot;mon compte&quot;,&quot;from&quot;:&quot;article footer&quot;,&quot;name&quot;:&quot;Mon actu&quot;,&quot;type&quot;:&quot;cta&quot;}}\" target=\"_blank\">Mon Actu<\/a>.<\/p>\n","protected":false},"excerpt":{"rendered":"Par Thibault Nadal Publi\u00e9 le 27 d\u00e9c. 2025 \u00e0 7h04 Emmanuel Macron est venu en personne superviser l\u2019avanc\u00e9e&hellip;\n","protected":false},"author":2,"featured_media":624757,"comment_status":"","ping_status":"","sticky":false,"template":"","format":"standard","meta":{"footnotes":""},"categories":[2814],"tags":[1111,11,1777,674,1011,27,6305,884,12,882,25,2215,104,2086],"class_list":{"0":"post-624756","1":"post","2":"type-post","3":"status-publish","4":"format-standard","5":"has-post-thumbnail","7":"category-marseille","8":"tag-actu","9":"tag-actualites","10":"tag-eu","11":"tag-europe","12":"tag-fr","13":"tag-france","14":"tag-gare-saint-charles","15":"tag-marseille","16":"tag-news","17":"tag-provence-alpes-cote-dazur","18":"tag-republique-francaise","19":"tag-sncf","20":"tag-societe","21":"tag-travaux"},"share_on_mastodon":{"url":"https:\/\/pubeurope.com\/@fr\/115790233299820111","error":""},"_links":{"self":[{"href":"https:\/\/www.europesays.com\/fr\/wp-json\/wp\/v2\/posts\/624756","targetHints":{"allow":["GET"]}}],"collection":[{"href":"https:\/\/www.europesays.com\/fr\/wp-json\/wp\/v2\/posts"}],"about":[{"href":"https:\/\/www.europesays.com\/fr\/wp-json\/wp\/v2\/types\/post"}],"author":[{"embeddable":true,"href":"https:\/\/www.europesays.com\/fr\/wp-json\/wp\/v2\/users\/2"}],"replies":[{"embeddable":true,"href":"https:\/\/www.europesays.com\/fr\/wp-json\/wp\/v2\/comments?post=624756"}],"version-history":[{"count":0,"href":"https:\/\/www.europesays.com\/fr\/wp-json\/wp\/v2\/posts\/624756\/revisions"}],"wp:featuredmedia":[{"embeddable":true,"href":"https:\/\/www.europesays.com\/fr\/wp-json\/wp\/v2\/media\/624757"}],"wp:attachment":[{"href":"https:\/\/www.europesays.com\/fr\/wp-json\/wp\/v2\/media?parent=624756"}],"wp:term":[{"taxonomy":"category","embeddable":true,"href":"https:\/\/www.europesays.com\/fr\/wp-json\/wp\/v2\/categories?post=624756"},{"taxonomy":"post_tag","embeddable":true,"href":"https:\/\/www.europesays.com\/fr\/wp-json\/wp\/v2\/tags?post=624756"}],"curies":[{"name":"wp","href":"https:\/\/api.w.org\/{rel}","templated":true}]}}