{"id":624758,"date":"2025-12-27T06:58:13","date_gmt":"2025-12-27T06:58:13","guid":{"rendered":"https:\/\/www.europesays.com\/fr\/624758\/"},"modified":"2025-12-27T06:58:13","modified_gmt":"2025-12-27T06:58:13","slug":"lyon-tcl-adapte-son-reseau-pour-le-31-decembre-et-le-nouvel-an-ce-qui-change","status":"publish","type":"post","link":"https:\/\/www.europesays.com\/fr\/624758\/","title":{"rendered":"Lyon. TCL adapte son r\u00e9seau pour le 31 d\u00e9cembre et le Nouvel An, ce qui change"},"content":{"rendered":"<p>                    Par<br \/>\n        <strong><br \/>\n            <a href=\"https:\/\/actu.fr\/auteur\/emma-ressegaire\" title=\"Consulter tous les articles de Emma Ressegaire\" target=\"_blank\" rel=\"noopener\">Emma Ressegaire<\/a><br \/>\n                    <\/strong><\/p>\n<p>        Publi\u00e9 le<\/p>\n<p>            27 d\u00e9c. 2025 \u00e0 7h38        <\/p>\n<p>Comme chaque ann\u00e9e, <a href=\"https:\/\/actu.fr\/auvergne-rhone-alpes\/lyon_69123\/lyon-les-bateaux-navigone-des-tcl-sont-desormais-100-electriques-ce-que-ca-change_63595180.html\" target=\"_blank\" rel=\"noopener\">TCL<\/a> a d\u00e9voil\u00e9 <strong>son dispositif pour la nuit du 31 d\u00e9cembre au 1er janvier<\/strong>. Pour bien accompagner les festivit\u00e9s de la Saint-Sylvestre, le r\u00e9seau de transport en commun lyonnais s\u2019adapte avec une offre de ses services renforc\u00e9e.<\/p>\n<p class=\" wall-content\">Les quatre lignes de m\u00e9tro A, B, C et D<strong> circuleront toute la nuit<\/strong> avec des fr\u00e9quences de passages diff\u00e9rentes. Il y aura un m\u00e9tro toutes les 9 \u00e0 10 minutes pour le m\u00e9tro A ; toutes les 5 minutes pour le m\u00e9tro B ; toutes les 12 minutes pour le m\u00e9tro C et toutes les 5 minutes 30 pour le m\u00e9tro D.\u00a0<\/p>\n<p>Des bus et les funiculaires jusqu\u2019\u00e0 tard dans la nuit<\/p>\n<p class=\" wall-content\">Ce dispositif exceptionnel concerne \u00e9galement les <strong>deux funiculaires de la ville lyonnaise<\/strong>. Le F1 circulera jusqu\u2019\u00e0 4 heures du matin toutes les 12 minutes et le F2 circulera jusqu\u2019\u00e0 5 heures du matin toutes les 10 minutes.<\/p>\n<p class=\" wall-content\">Les<strong> lignes de bus Pleine Lune<\/strong> font \u00e9galement parties du dispositif. Elles circuleront toutes les 35 minutes entre 00h45 et 5 heures du matin. <br \/>\u2013 Bus PL 1 : de 00h47 \u00e0 5h ;<br \/>\u2013 Bus PL 2 : de 1h \u00e0 5h ;<br \/>\u2013 Bus PL 3 : de 00h42 \u00e0 5h ;<br \/>\u2013 Bus PL 4 : de 00h46 \u00e0 5h.<\/p>\n<p>Des parcs relais ouverts toute la nuit<\/p>\n<p class=\" wall-content\">De plus, <strong>si vous avez pr\u00e9vu d\u2019utiliser votre voiture<\/strong>, plusieurs parcs relais resteront ouverts toute la nuit : celui de Vaulx-en-Velin La Soie, de Mermoz Pinel, de Vaise 1 et de Saint-Genis-Laval H\u00f4pital Lyon Sud.<\/p>\n<p class=\" wall-content\">Les autres parcs relais fermeront aux horaires habituels : \u00e0 1h pour ceux en lien avec les tramways et \u00e0 3h pour ceux en lien avec les m\u00e9tros.<\/p>\n<p class=\" wall-content\">Personnalisez votre actualit\u00e9 en ajoutant vos villes et m\u00e9dias en favori avec <a href=\"https:\/\/moncompte.actu.fr\" title=\"D\u00e9couvez Mon Actu\" rel=\"nofollow noopener\" data-trk=\"{&quot;cta&quot;:{&quot;action&quot;:&quot;https:\\\/\\\/moncompte.actu.fr&quot;,&quot;category&quot;:&quot;mon compte&quot;,&quot;from&quot;:&quot;article footer&quot;,&quot;name&quot;:&quot;Mon actu&quot;,&quot;type&quot;:&quot;cta&quot;}}\" target=\"_blank\">Mon Actu<\/a>.<\/p>\n","protected":false},"excerpt":{"rendered":"Par Emma Ressegaire Publi\u00e9 le 27 d\u00e9c. 2025 \u00e0 7h38 Comme chaque ann\u00e9e, TCL a d\u00e9voil\u00e9 son dispositif&hellip;\n","protected":false},"author":2,"featured_media":127530,"comment_status":"","ping_status":"","sticky":false,"template":"","format":"standard","meta":{"footnotes":""},"categories":[1889],"tags":[1111,11,2430,1777,674,1011,27,2428,4047,12,25,104,5787],"class_list":{"0":"post-624758","1":"post","2":"type-post","3":"status-publish","4":"format-standard","5":"has-post-thumbnail","7":"category-lyon","8":"tag-actu","9":"tag-actualites","10":"tag-auvergne-rhone-alpes","11":"tag-eu","12":"tag-europe","13":"tag-fr","14":"tag-france","15":"tag-lyon","16":"tag-metro","17":"tag-news","18":"tag-republique-francaise","19":"tag-societe","20":"tag-transports-en-commun-lyonnais-tcl"},"share_on_mastodon":{"url":"https:\/\/pubeurope.com\/@fr\/115790237181869514","error":""},"_links":{"self":[{"href":"https:\/\/www.europesays.com\/fr\/wp-json\/wp\/v2\/posts\/624758","targetHints":{"allow":["GET"]}}],"collection":[{"href":"https:\/\/www.europesays.com\/fr\/wp-json\/wp\/v2\/posts"}],"about":[{"href":"https:\/\/www.europesays.com\/fr\/wp-json\/wp\/v2\/types\/post"}],"author":[{"embeddable":true,"href":"https:\/\/www.europesays.com\/fr\/wp-json\/wp\/v2\/users\/2"}],"replies":[{"embeddable":true,"href":"https:\/\/www.europesays.com\/fr\/wp-json\/wp\/v2\/comments?post=624758"}],"version-history":[{"count":0,"href":"https:\/\/www.europesays.com\/fr\/wp-json\/wp\/v2\/posts\/624758\/revisions"}],"wp:featuredmedia":[{"embeddable":true,"href":"https:\/\/www.europesays.com\/fr\/wp-json\/wp\/v2\/media\/127530"}],"wp:attachment":[{"href":"https:\/\/www.europesays.com\/fr\/wp-json\/wp\/v2\/media?parent=624758"}],"wp:term":[{"taxonomy":"category","embeddable":true,"href":"https:\/\/www.europesays.com\/fr\/wp-json\/wp\/v2\/categories?post=624758"},{"taxonomy":"post_tag","embeddable":true,"href":"https:\/\/www.europesays.com\/fr\/wp-json\/wp\/v2\/tags?post=624758"}],"curies":[{"name":"wp","href":"https:\/\/api.w.org\/{rel}","templated":true}]}}