{"id":62476,"date":"2025-04-29T18:47:23","date_gmt":"2025-04-29T18:47:23","guid":{"rendered":"https:\/\/www.europesays.com\/fr\/62476\/"},"modified":"2025-04-29T18:47:23","modified_gmt":"2025-04-29T18:47:23","slug":"nordine-est-sauve-lizzie-retrouve-jimmy-le-resume-de-lepisode-1933-du-mercredi-30-avril-2025","status":"publish","type":"post","link":"https:\/\/www.europesays.com\/fr\/62476\/","title":{"rendered":"Nordine est sauv\u00e9, Lizzie retrouve Jimmy&#8230; Le r\u00e9sum\u00e9 de l\u2019\u00e9pisode 1933 du mercredi 30 avril 2025"},"content":{"rendered":"<p>Dans Demain nous appartient, Nordine va beaucoup mieux. Il n&rsquo;a plus de fi\u00e8vre et mange \u00e0 nouveau. De son c\u00f4t\u00e9, Lizzie conna\u00eet Jimmy qui est \u00e0 la fac avec elle. <\/p>\n<p><b>Mercredi 30\u00a0avril 2025 dans <\/b><a href=\"https:\/\/www.programme-tv.net\/programme\/series-tv\/r1549293395-demain-nous-appartient\/\" target=\"_blank\" rel=\"noopener\"><b>Demain nous appartient<\/b><\/a>, qu&rsquo;<a href=\"https:\/\/www.programme-tv.net\/news\/series-tv\/377288-demain-nous-appartient-joseph-va-t-il-revenir-dans-la-serie-son-interprete-cyril-aubin-nous-repond\/\" data-api-deeplink=\"teleloisirs:\/\/news\/377288\" target=\"_blank\" rel=\"noopener\">a d\u00e9j\u00e0 quitt\u00e9 Cyril Aubin (Joseph)<\/a> et qui <a href=\"https:\/\/www.programme-tv.net\/news\/series-tv\/373928-exclu-demain-nous-appartient-paul-belmondo-rejoint-le-feuilleton-de-tf1-decouvrez-les-premieres-infos-sur-son-personnage\/\" data-api-deeplink=\"teleloisirs:\/\/news\/373928\" target=\"_blank\" rel=\"noopener\">va accueillir Paul Belmondo<\/a>&#8230; Au commissariat, Micha\u00ebl Feray pr\u00e9vient Martin que les diamants sur le bateau de Victor Brunet \u00e9taient cach\u00e9s derri\u00e8re une plaque en m\u00e9tal. Les travaux ont bien \u00e9t\u00e9 effectu\u00e9s par la soci\u00e9t\u00e9 de Nick, cinq jours avant que le bateau ne quitte Singapour. Un associ\u00e9 ou un ami aurait pu faire le coup. Cette personne aurait embauch\u00e9 <a href=\"https:\/\/www.programme-tv.net\/news\/series-tv\/377362-demain-nous-appartient-en-avance-apres-l-injection-de-william-aurore-est-stabilisee-dorian-et-luna-sont-de-retour-a-sete-le-resume-de-lepisode-1929-du-jeudi-24-avril-2025\/\" data-api-deeplink=\"teleloisirs:\/\/news\/377362\" target=\"_blank\" rel=\"noopener\">Dorian et Luna.<\/a><\/p>\n<p><b>Demain nous appartient<\/b><b> en avance\u00a0: Nordine est sauv\u00e9 !<\/b><\/p>\n<p>\u00c0 l&rsquo;h\u00f4pital, finalement sauv\u00e9, Nordine a des douleurs musculaires et a encore de la fi\u00e8vre. Aaron pense \u00e0 la tuberculose. William est \u00e9puis\u00e9, il n&rsquo;a pas dormi. Le docteur Leclerc veut leur prescrire un nouvel antibiotique. Plus tard, Alex, venu apporter \u00e0 manger \u00e0 Chlo\u00e9, \u00e9voque avec Aaron son op\u00e9ration. Il a finalement chang\u00e9 d&rsquo;avis. <br \/>Dans les couloirs, Dorian est cach\u00e9 derri\u00e8re son masque chirurgical. Dans l&rsquo;ascenseur, il se retrouve nez \u00e0 nez avec un policier qui ne le reconna\u00eet pas. Apr\u00e8s des mois sans le moindre contact, Manon se retrouve face \u00e0 son cousin. Elle lui donne des nouvelles de Luna et souhaite qu&rsquo;il se soigne aussi. Dorian refuse et la menace de lui donner sa maladie si elle ne la laisse pas passer. Elle est contrainte de le laisser partir. De son c\u00f4t\u00e9, Nordine est en pleine forme tandis qu&rsquo;Aurore a encore un peu de fi\u00e8vre. Samuel apprend que ce n&rsquo;est pas la tuberculose. Il conseille \u00e0 Aaron de rentrer chez lui se reposer. Il n&rsquo;a pas dormi depuis 20h. Dans sa cache, Dorian appelle sa m\u00e8re pour lui dire qu&rsquo;ils sont arriv\u00e9s \u00e0 Malte. Puis c&rsquo;est William qui l&rsquo;appelle. Il essaie de le faire parler pour que la police le localise. Dorian comprend que son oncle l&rsquo;a pi\u00e9g\u00e9.<\/p>\n<p>                        <b>Demain nous appartient<\/b><b> en avance : Lizzie retrouve Jimmy<\/b><\/p>\n<p>Chez les Roussel, Jack stalke Jimmy sur les r\u00e9seaux sociaux. Il pense qu&rsquo;il est \u00ab\u00a0100% h\u00e9t\u00e9ro\u00a0\u00bb tandis que Rayane l&rsquo;imagine gay. Damien retrouve la photo de Jimmy dans l&rsquo;une des poches des affaires de Jack et Rayane. C&rsquo;est alors que Lizzie le reconna\u00eet : il est \u00e0 la fac avec elle ! Elle ne lui a jamais parl\u00e9 mais leur donne son nom. Ils l&rsquo;interrogent alors sur sa sexualit\u00e9. Lizzie r\u00e9cup\u00e8re la bague pour la lui rendre. Plus tard, Jimmy lui confirme avoir donn\u00e9 des v\u00eatements mais n&rsquo;est jamais all\u00e9 au pressing de sa vie et ne porte pas de bague. Il est amus\u00e9 par la situation. Lizzie raconte sa rencontre avec Jimmy \u00e0 Jack et Rayane. Elle a r\u00e9cup\u00e9r\u00e9 son num\u00e9ro. Elle finit par leur donner.<\/p>\n<p><b>Demain nous appartient<\/b><b> en avance : Alain rencontre Martial <\/b><\/p>\n<p>Chez les Lehaut, Alain s&rsquo;inqui\u00e8te pour Marianne. Fran\u00e7ois et Soizic lui parlent de Martial qui vient d\u00e9jeuner chez eux. L&rsquo;ami de Fran\u00e7ois est \u00e9mu de voir Fran\u00e7ois qui a retrouv\u00e9 son p\u00e8re. Alain trouve Martial tr\u00e8s sympa et qu&rsquo;il ressemble de caract\u00e8re \u00e0 Soizic. Au Spoon, Adam pr\u00e9vient Martial qu&rsquo;Alain l&rsquo;adore. Il lui parle d&rsquo;une appli de rencontre sur lequel il s&rsquo;est inscrit.<\/p>\n","protected":false},"excerpt":{"rendered":"Dans Demain nous appartient, Nordine va beaucoup mieux. Il n&rsquo;a plus de fi\u00e8vre et mange \u00e0 nouveau. De&hellip;\n","protected":false},"author":2,"featured_media":62477,"comment_status":"","ping_status":"","sticky":false,"template":"","format":"standard","meta":{"footnotes":""},"categories":[1356],"tags":[244,3598,5247,58,59,1011,27,5250,5249,5248,5246,5252,252,199,5251,1364],"class_list":{"0":"post-62476","1":"post","2":"type-post","3":"status-publish","4":"format-standard","5":"has-post-thumbnail","7":"category-television","8":"tag-commentaire","9":"tag-demain-nous-appartient","10":"tag-demain-nous-appartient-en-avance","11":"tag-divertissement","12":"tag-entertainment","13":"tag-fr","14":"tag-france","15":"tag-lorie","16":"tag-mytf1-max","17":"tag-ru00e9sumu00e9-demain-nous-appartient","18":"tag-ru00e9sumu00e9-en-avance-demain-nous-appartient","19":"tag-su00e9ries-mania","20":"tag-television","21":"tag-tf1","22":"tag-tu00e9lu00e9-loisirs","23":"tag-tv"},"share_on_mastodon":{"url":"https:\/\/pubeurope.com\/@fr\/114422746193037072","error":""},"_links":{"self":[{"href":"https:\/\/www.europesays.com\/fr\/wp-json\/wp\/v2\/posts\/62476","targetHints":{"allow":["GET"]}}],"collection":[{"href":"https:\/\/www.europesays.com\/fr\/wp-json\/wp\/v2\/posts"}],"about":[{"href":"https:\/\/www.europesays.com\/fr\/wp-json\/wp\/v2\/types\/post"}],"author":[{"embeddable":true,"href":"https:\/\/www.europesays.com\/fr\/wp-json\/wp\/v2\/users\/2"}],"replies":[{"embeddable":true,"href":"https:\/\/www.europesays.com\/fr\/wp-json\/wp\/v2\/comments?post=62476"}],"version-history":[{"count":0,"href":"https:\/\/www.europesays.com\/fr\/wp-json\/wp\/v2\/posts\/62476\/revisions"}],"wp:featuredmedia":[{"embeddable":true,"href":"https:\/\/www.europesays.com\/fr\/wp-json\/wp\/v2\/media\/62477"}],"wp:attachment":[{"href":"https:\/\/www.europesays.com\/fr\/wp-json\/wp\/v2\/media?parent=62476"}],"wp:term":[{"taxonomy":"category","embeddable":true,"href":"https:\/\/www.europesays.com\/fr\/wp-json\/wp\/v2\/categories?post=62476"},{"taxonomy":"post_tag","embeddable":true,"href":"https:\/\/www.europesays.com\/fr\/wp-json\/wp\/v2\/tags?post=62476"}],"curies":[{"name":"wp","href":"https:\/\/api.w.org\/{rel}","templated":true}]}}