{"id":624763,"date":"2025-12-27T07:02:13","date_gmt":"2025-12-27T07:02:13","guid":{"rendered":"https:\/\/www.europesays.com\/fr\/624763\/"},"modified":"2025-12-27T07:02:13","modified_gmt":"2025-12-27T07:02:13","slug":"cest-quoi-cette-epicerie-us-cachee-et-ultrasecurisee-en-plein-coeur-du-8e-arrondissement","status":"publish","type":"post","link":"https:\/\/www.europesays.com\/fr\/624763\/","title":{"rendered":"c&rsquo;est quoi cette \u00e9picerie US cach\u00e9e et ultras\u00e9curis\u00e9e en plein c\u0153ur du 8e arrondissement\u00a0?"},"content":{"rendered":"<p>                    Par<br \/>\n        <strong><br \/>\n            <a href=\"https:\/\/actu.fr\/auteur\/julie-bossart-actu-fr\" title=\"Consulter tous les articles de Julie Bossart\" target=\"_blank\" rel=\"noopener\">Julie Bossart<\/a><br \/>\n                    <\/strong><\/p>\n<p>        Publi\u00e9 le<\/p>\n<p>            27 d\u00e9c. 2025 \u00e0 7h10        <\/p>\n<p>\u00c0 chacun sa madeleine de Proust. Pour Emily Cooper, ce sont semble-t-il les Pop Tarts. Apr\u00e8s une escapade pleine de d\u00e9boires \u00e0 Rome, l\u2019h\u00e9ro\u00efne de la s\u00e9rie <a href=\"https:\/\/actu.fr\/ile-de-france\/paris_75056\/netflix-emmanuel-macron-veut-se-battre-pour-que-la-serie-emily-in-paris-reste-dans-la-capitale_61727545.html\" target=\"_blank\" rel=\"noopener\">Emily in Paris<\/a>, disponible depuis le 18\u00a0d\u00e9cembre 2025 sur <a href=\"https:\/\/actu.fr\/tag\/netflix\" target=\"_blank\" rel=\"noopener\">Netflix<\/a>, remet dans le 5e \u00e9pisode les talons dans la<a href=\"https:\/\/actu.fr\/paris\/\" target=\"_blank\" rel=\"noopener\"> capitale<\/a> avec l\u2019enthousiasme qu\u2019on lui conna\u00eet. Mais quelques embrouilles plus tard avec sa BFF Mindy Chen, la jeune femme passe en mode tristoune.<\/p>\n<p>\u00ab Pour les envies de malbouffe am\u00e9ricaine \u00bb<\/p>\n<p class=\" wall-content\">Son vague \u00e0 l\u2019\u00e2me la m\u00e8ne un soir jusqu\u2019\u00e0 un American Pub (fictif) dans lequel elle rencontre un compatriote, Jake (acteur connu de la s\u00e9rie Les Fr\u00e8res Scott soit dit en passant), et des amis de ce dernier, avec lesquels elle remporte un quiz sur Friends. Partageant avec la brunette le m\u00eame mal du pays, et tomb\u00e9 sous son charme, Jake lui propose de passer le 4-Juillet, jour de F\u00eate nationale aux \u00c9tats-Unis, \u00e0 l\u2019ambassade am\u00e9ricaine, o\u00f9 il travaille.<\/p>\n<p class=\" wall-content\">Apr\u00e8s quelques tergiversations, Emily accepte et remet les pieds en territoire US avec d\u00e9lices. Les hot-dogs et la bi\u00e8re \u00e0 l\u2019eau ont le go\u00fbt de la maison, mais la vraie surprise demeure la pi\u00e8ce secr\u00e8te que Jake lui fait d\u00e9couvrir\u2026 Cach\u00e9e dans le sous-sol de l\u2019ambassade se trouve une \u00e9picerie ne proposant que des produits am\u00e9ricains. \u00ab\u2009Une cantine priv\u00e9e pour les envies de malbouffe am\u00e9ricaine\u2009\u00bb, lance Jake.<\/p>\n<p class=\" wall-content\">Aux anges, Emily parcourt les rayons bien garnis en Pop Tarts (biscuits fourr\u00e9s et glac\u00e9s), Mac and Cheese (macaronis), Reese\u2019s Puffs (ma\u00efs souffl\u00e9 au chocolat et beurre de cacahu\u00e8te), mais aussi en cornichon en sachet, baked beans, dinde\u2026 L\u2019endroit est une vraie caverne d\u2019Ali Baba et\u2026. il existe bel et bien, a confirm\u00e9 l\u2019\u00e9quipe du tournage de la s\u00e9rie \u00e0 <a href=\"https:\/\/www.bustle.com\/entertainment\/emily-in-paris-season-5-american-embassy-grocery-store\" target=\"_blank\" rel=\"noopener\">Bustel <\/a>au moment de la sortie de la saison 5. Comme une source proche de l\u2019ambassade a confirm\u00e9 \u00ab la pr\u00e9sence d\u2019une sup\u00e9rette pour les employ\u00e9s sur place \u00bb.<\/p>\n<p class=\" wall-content\">Ce passage de la s\u00e9rie n\u2019a pas \u00e9t\u00e9 tourn\u00e9 au sein de l\u2019US Embassy, mais \u00e0 l\u2019H\u00f4tel de Noirmoutier, lieu de travail et r\u00e9sidence de fonction du pr\u00e9fet de la r\u00e9gion \u00cele-de-France, avenue de Grenelle (7e), ont fi\u00e8rement indiqu\u00e9 les services de l\u2019\u00c9tat sur X\u2009:<\/p>\n<p class=\" wall-content\">\n<p class=\" wall-content\">Il n\u2019emp\u00eache, la v\u00e9ritable ambassade, avenue Gabriel, dans le 8e, \u00e0 un jet de pierre de l\u2019\u00c9lys\u00e9e, poss\u00e8de bien en ses sous-sols une \u00e9picerie remplie de produits am\u00e9ricains. Et pas qu\u2019alimentaires. Selon cette influenceuse am\u00e9ricaine, il est m\u00eame possible d\u2019y trouver des tampons ou encore de l\u2019Advil ayant travers\u00e9 l\u2019Atlantique.<\/p>\n<blockquote class=\"tiktok-embed\" cite=\"https:\/\/www.tiktok.com\/@maddie_m_clark\/video\/7587173988846079287\" data-video-id=\"7587173988846079287\" data-embed-from=\"oembed\" style=\"max-width:605px; min-width:325px;\"><p>\n<a target=\"_blank\" title=\"@maddie_m_clark\" href=\"https:\/\/www.tiktok.com\/@maddie_m_clark?refer=embed\" rel=\"noopener\">@maddie_m_clark<\/a> <\/p>\n<p>I\u2019ve been to the US Embassy\u2019s secret grocery store, and attended several events where I got to meet the Ambassador to France \ud83e\udd2f\ud83c\uddeb\ud83c\uddf7 so this episode from season 5 of Emily in Paris was one of my favorites to watch!!  As an American living abroad, working in marketing + as a content creator in Paris, this show can actually be very realistic for me sometimes \ud83d\ude09\ud83d\udcbb\ud83d\udc8b  @Emily in Paris @Netflix @NetflixFR <a title=\"EmilyinParis\" target=\"_blank\" href=\"https:\/\/www.tiktok.com\/tag\/EmilyinParis?refer=embed\" rel=\"noopener\">#emilyinparis<\/a> <a title=\"moveabroad\" target=\"_blank\" href=\"https:\/\/www.tiktok.com\/tag\/moveabroad?refer=embed\" rel=\"noopener\">#moveabroad<\/a> <a title=\"americaninparis\" target=\"_blank\" href=\"https:\/\/www.tiktok.com\/tag\/americaninparis?refer=embed\" rel=\"noopener\">#americaninparis<\/a> <a title=\"expat\" target=\"_blank\" href=\"https:\/\/www.tiktok.com\/tag\/expat?refer=embed\" rel=\"noopener\">#expat<\/a> <a title=\"french\" target=\"_blank\" href=\"https:\/\/www.tiktok.com\/tag\/french?refer=embed\" rel=\"noopener\">#french<\/a> <\/p>\n<p> <a target=\"_blank\" title=\"\u266c Mon Soleil (from\" href=\"https:\/\/www.tiktok.com\/music\/Mon-Soleil-from-Emily-in-Paris-Soundtrack-7041754791864698881?refer=embed\" rel=\"noopener\">\u266c Mon Soleil (from \u00ab\u00a0Emily in Paris\u00a0\u00bb Soundtrack) \u2013 Ashley Park<\/a> <\/p>\n<\/blockquote>\n<p>Votre r\u00e9gion, votre actu !<\/p>\n<p>Recevez chaque jour les infos qui comptent pour vous.<\/p>\n<p>\t<a href=\"https:\/\/actu.fr\/newsletter\" class=\"ac-btn ac-btn--corner ac-btn--medium ac-btn--blue800\" target=\"_blank\" rel=\"noopener\">S&rsquo;incrire<\/a><\/p>\n<p class=\" wall-content\">B\u00e2timent gouvernemental s\u00e9curis\u00e9 oblige, le commun des mortels n\u2019y a pas acc\u00e8s. Mais Le Guide Ultime semble avoir r\u00e9ussi l\u2019exploit d\u2019y p\u00e9n\u00e9trer.<\/p>\n<blockquote class=\"tiktok-embed\" cite=\"https:\/\/www.tiktok.com\/@leguideultime\/video\/7385920437672217889\" data-video-id=\"7385920437672217889\" data-embed-from=\"oembed\" style=\"max-width:605px; min-width:325px;\"><p>\n<a target=\"_blank\" title=\"@leguideultime\" href=\"https:\/\/www.tiktok.com\/@leguideultime?refer=embed\" rel=\"noopener\">@leguideultime<\/a> <\/p>\n<p>Les US en plein dans Paris. <a title=\"guidetoparis\" target=\"_blank\" href=\"https:\/\/www.tiktok.com\/tag\/guidetoparis?refer=embed\" rel=\"noopener\">#guidetoparis<\/a> <\/p>\n<p> <a target=\"_blank\" title=\"\u266c son original - Le Guide Ultime\" href=\"https:\/\/www.tiktok.com\/music\/son-original-7385920481256213281?refer=embed\" rel=\"noopener\">\u266c son original \u2013 Le Guide Ultime<\/a> <\/p>\n<\/blockquote>\n<p class=\" wall-content\">Que nos cousins d\u2019Am\u00e9rique install\u00e9s \u00e0 Paris se rassurent toutefois. Lorsqu\u2019Emily d\u00e9clare en arrivant dans le minisupermarch\u00e9 qu\u2019on \u00ab\u2009ne trouve rien de tout ceci ici\u2009\u00bb, ce n\u2019est pas enti\u00e8rement vrai. Pour actu, cette jeune Am\u00e9ricaine install\u00e9e dans la capitale depuis deux ans et demi consent \u00e0 nous d\u00e9voiler une de ses adresses favorites lorsqu\u2019elle est en manque de munchies\u2009: le Sweet Escape, nich\u00e9 rue de Rivoli, dans le 1er arrondissement.\u00a0<\/p>\n<p class=\" wall-content\">Personnalisez votre actualit\u00e9 en ajoutant vos villes et m\u00e9dias en favori avec <a href=\"https:\/\/moncompte.actu.fr\" title=\"D\u00e9couvez Mon Actu\" rel=\"nofollow noopener\" data-trk=\"{&quot;cta&quot;:{&quot;action&quot;:&quot;https:\\\/\\\/moncompte.actu.fr&quot;,&quot;category&quot;:&quot;mon compte&quot;,&quot;from&quot;:&quot;article footer&quot;,&quot;name&quot;:&quot;Mon actu&quot;,&quot;type&quot;:&quot;cta&quot;}}\" target=\"_blank\">Mon Actu<\/a>.<\/p>\n<p>                    <script async src=\"\/\/www.tiktok.com\/embed.js\"><\/script><\/p>\n","protected":false},"excerpt":{"rendered":"Par Julie Bossart Publi\u00e9 le 27 d\u00e9c. 2025 \u00e0 7h10 \u00c0 chacun sa madeleine de Proust. Pour Emily&hellip;\n","protected":false},"author":2,"featured_media":624764,"comment_status":"","ping_status":"","sticky":false,"template":"","format":"standard","meta":{"footnotes":""},"categories":[1888],"tags":[1111,1928,11,1927,258,73,1777,674,1011,27,1757,12,1926,626,1925,25,1314],"class_list":{"0":"post-624763","1":"post","2":"type-post","3":"status-publish","4":"format-standard","5":"has-post-thumbnail","7":"category-paris","8":"tag-actu","9":"tag-actu-paris","10":"tag-actualites","11":"tag-actualites-paris","12":"tag-alimentation","13":"tag-etats-unis","14":"tag-eu","15":"tag-europe","16":"tag-fr","17":"tag-france","18":"tag-insolite","19":"tag-news","20":"tag-news-paris","21":"tag-paris","22":"tag-paris-news","23":"tag-republique-francaise","24":"tag-series"},"share_on_mastodon":{"url":"https:\/\/pubeurope.com\/@fr\/115790252908603255","error":""},"_links":{"self":[{"href":"https:\/\/www.europesays.com\/fr\/wp-json\/wp\/v2\/posts\/624763","targetHints":{"allow":["GET"]}}],"collection":[{"href":"https:\/\/www.europesays.com\/fr\/wp-json\/wp\/v2\/posts"}],"about":[{"href":"https:\/\/www.europesays.com\/fr\/wp-json\/wp\/v2\/types\/post"}],"author":[{"embeddable":true,"href":"https:\/\/www.europesays.com\/fr\/wp-json\/wp\/v2\/users\/2"}],"replies":[{"embeddable":true,"href":"https:\/\/www.europesays.com\/fr\/wp-json\/wp\/v2\/comments?post=624763"}],"version-history":[{"count":0,"href":"https:\/\/www.europesays.com\/fr\/wp-json\/wp\/v2\/posts\/624763\/revisions"}],"wp:featuredmedia":[{"embeddable":true,"href":"https:\/\/www.europesays.com\/fr\/wp-json\/wp\/v2\/media\/624764"}],"wp:attachment":[{"href":"https:\/\/www.europesays.com\/fr\/wp-json\/wp\/v2\/media?parent=624763"}],"wp:term":[{"taxonomy":"category","embeddable":true,"href":"https:\/\/www.europesays.com\/fr\/wp-json\/wp\/v2\/categories?post=624763"},{"taxonomy":"post_tag","embeddable":true,"href":"https:\/\/www.europesays.com\/fr\/wp-json\/wp\/v2\/tags?post=624763"}],"curies":[{"name":"wp","href":"https:\/\/api.w.org\/{rel}","templated":true}]}}