{"id":624765,"date":"2025-12-27T07:03:16","date_gmt":"2025-12-27T07:03:16","guid":{"rendered":"https:\/\/www.europesays.com\/fr\/624765\/"},"modified":"2025-12-27T07:03:16","modified_gmt":"2025-12-27T07:03:16","slug":"quest-ce-que-ce-dispositif-declenche-dans-plusieurs-departements-et-reclame-par-paris","status":"publish","type":"post","link":"https:\/\/www.europesays.com\/fr\/624765\/","title":{"rendered":"qu\u2019est-ce que ce dispositif, d\u00e9clench\u00e9 dans plusieurs d\u00e9partements et r\u00e9clam\u00e9 par Paris\u00a0?"},"content":{"rendered":"<p>      <img fetchpriority=\"high\" decoding=\"async\" class=\"mx-auto\" src=\"data:image\/svg+xml,%3Csvg%20xmlns%3D%27http%3A%2F%2Fwww.w3.org%2F2000%2Fsvg%27%20fill%3D%22%23e4e4e4%22%20viewBox%3D%270%200%20510%20340%27%20width%3D%22510%22%20height%3D%22340%22%3E%3Cpath%20d%3D%27M0%200h510v340H0z%27%2F%3E%3C%2Fsvg%3E\"  loading=\"eager\" width=\"510\" height=\"340\" data-oncrawl-image-size=\"510x340\" alt=\"Une tente couverte de neige \u00e0 Montmartre \u00e0 Paris, le 21\u00a0novembre 2024.\"\/>      <\/p>\n<p class=\"latino-100m text-grey-600\">\n            Une tente couverte de neige \u00e0 Montmartre \u00e0 Paris, le 21\u00a0novembre 2024.\u00a0ERIC BRONCARD \/ HANS LUCAS VIA AFP        <\/p>\n<p>        Lire\u00a0plus\u00a0tard      <\/p>\n<p><a aria-label=\"Nous suivre sur Google News\" href=\"https:\/\/news.google.com\/publications\/CAAqBwgKMJe4nQkw3dFs?hl=fr&amp;gl=FR&amp;ceid=FR%3Afr\" target=\"_blank\" data-piano=\"Page_Article,Sous_date_publi,Nous_suivre_sur_google_news,1er_clic,action\" class=\"btn btn--small btn--tertiary btn--icon-only\" rel=\"noopener\"><\/p>\n<p>      Google Actualit\u00e9s<br \/>\n  <\/a><\/p>\n<p>  Partager<\/p>\n<p>        Facebook<\/p>\n<p>        Bluesky<\/p>\n<p>        E-mail<\/p>\n<p>        Copier le lien<\/p>\n<p>      Envoyer<\/p>\n<p>      S\u2019abonner    <\/p>\n<p class=\"node__paragraphe antonia-750r text-grey-800 pb-24 pb-md-32\">\nFace au froid qui s\u2019installe en France, plusieurs pr\u00e9fectures ont d\u00e9cid\u00e9 de d\u00e9clencher le plan grand froid. Ce dispositif d\u2019h\u00e9bergement d\u2019urgence, qui rel\u00e8ve des comp\u00e9tences de l\u2019Etat, doit permettre de mieux prot\u00e9ger face aux vagues de froid. La mairie de Paris a appel\u00e9 la pr\u00e9fecture d\u2019Ile-de-France \u00e0 le d\u00e9clencher \u00ab\u00a0sans attendre\u00a0\u00bb ce vendredi 26\u00a0d\u00e9cembre, face \u00e0 la situation \u00ab\u00a0dramatique\u00a0\u00bb des plusieurs milliers de sans-abri de la capitale.<\/p>\n<p class=\"node__paragraphe antonia-750r text-grey-800 pb-24 pb-md-32\">\nCe dispositif d\u2019urgence est habituellement d\u00e9clench\u00e9 lors des \u00e9pisodes m\u00e9t\u00e9orologiques de froid intense. Selon M\u00e9t\u00e9o France, un grand froid est un \u00ab\u00a0\u00e9pisode de temps froid caract\u00e9ris\u00e9 par sa persistance, son intensit\u00e9 et son \u00e9tendue g\u00e9ographique\u00a0\u00bb.<\/p>\n<p class=\"node__paragraphe antonia-750r text-grey-800 pb-24 pb-md-32\">\nLe but\u00a0: prot\u00e9ger les populations les plus vuln\u00e9rables, notamment les personnes sans-abri et les foyers les plus pr\u00e9caires, face aux dangers sanitaires mais aussi sociaux importants que peuvent engendrer ces temp\u00e9ratures tr\u00e8s basses, surtout lorsqu\u2019elles sont prolong\u00e9es. Comme la canicule, le grand froid peut en effet avoir des cons\u00e9quences dramatique sur le corps\u00a0: il peut conduire \u00e0 une hypothermie ou provoquer des engelures, voire des gelures. Il peut \u00e9galement causer la mort, y compris indirectement en aggravant certaines pathologies. A Reims, le corps d\u2019un sans-abri probablement d\u00e9c\u00e9d\u00e9 en raison du froid a \u00e9t\u00e9 retrouv\u00e9 le jour de No\u00ebl.<\/p>\n<p>Renforcement des maraudes et r\u00e9quisitions de lieux d\u2019h\u00e9bergement<\/p>\n<p class=\"node__paragraphe antonia-750r text-grey-800 pb-24 pb-md-32\">\nLorsque les temp\u00e9ratures sont particuli\u00e8rement basses et\/ou que le froid s\u2019installe pour une longue dur\u00e9e, le plan grand froid est activ\u00e9 par les pr\u00e9fectures des d\u00e9partements, en s\u2019appuyant notamment sur une vigilance de M\u00e9t\u00e9o-France.<\/p>\n<p class=\"node__paragraphe antonia-750r text-grey-800 pb-24 pb-md-32\">\nCe vendredi, sept d\u00e9partements du nord de la France \u00e9taient en vigilance jaune \u00ab\u00a0grand froid\u00a0\u00bb, selon le dernier bulletin de M\u00e9t\u00e9o-France. Plusieurs d\u00e9partements &#8211; y compris certains n\u2019\u00e9tant pas encore concern\u00e9s par cette vigilance jaune &#8211; ont d\u00e9j\u00e0 d\u00e9clench\u00e9 leur plan grand froid, parmi lesquels le Nord, le Pas-de-Calais mais aussi l\u2019Aube, les Vosges ou encore le Bas-Rhin et le Haut-Rhin.<\/p>\n<p class=\"node__paragraphe antonia-750r text-grey-800 pb-24 pb-md-32\">\nActiv\u00e9, le dispositif leur permet\u00a0une extension des horaires d\u2019ouverture des accueils de jour, un renforcement des moyens financiers et humains d\u00e9di\u00e9s aux maraudes ou au 115, le num\u00e9ro d\u2019appel d\u2019urgence, mais aussi la r\u00e9quisition de lieux pour ouvrir des places d\u2019h\u00e9bergement d\u2019urgence, comme des h\u00f4tels ou des gymnases par exemple. A cela s\u2019ajoutent des messages de pr\u00e9vention sur les risques et les mesures \u00e0 prendre face \u00e0 au froid.<\/p>\n<p class=\"node__paragraphe antonia-750r text-grey-800 pb-24 pb-md-32\">\nLe plan grand froid s\u2019inscrit dans le cadre du plan national Grand Froid qui, comme le rappelle <a target=\"_blank\" href=\"https:\/\/www.paris.fr\/pages\/plan-grand-froid-episodes-de-neige-5471\" rel=\"noopener\">le site de la ville de Paris<\/a>, est compos\u00e9 de trois niveaux de vigilance.<\/p>\n<p>Paris r\u00e9clame l\u2019activation du plan grand froid<\/p>\n<p class=\"node__paragraphe antonia-750r text-grey-800 pb-24 pb-md-32\">\nLa capitale, justement, n\u2019est pas encore concern\u00e9e par une vigilance grand froid, mais a press\u00e9 l\u2019Etat pour que le plan soit d\u00e9clench\u00e9\u00a0: \u00ab\u00a0A Paris, les temp\u00e9ratures sont tr\u00e8s froides depuis plusieurs jours et risquent de durer\u00a0\u00bb, souligne dans un communiqu\u00e9 la ville de Paris, qui \u00ab\u00a0demande solennellement \u00e0 l\u2019Etat l\u2019ouverture du plan grand froid, et de prendre toutes les mesures n\u00e9cessaires pour mettre \u00e0 l\u2019abri les personnes les plus fragiles\u00a0\u00bb.<\/p>\n<p class=\"node__paragraphe antonia-750r text-grey-800 pb-24 pb-md-32\">\n\u00ab\u00a0Il y a urgence \u00e0 agir\u00a0\u00bb au regard des \u00ab\u00a0nombreuses alertes\u00a0\u00bb \u00e9manant des maraudes sur la pr\u00e9sence de sans-abri \u00ab\u00a0transis par le froid\u00a0\u00bb au cours des derniers jours, selon le communiqu\u00e9. \u00ab\u00a0Les maraudes n\u2019ont nulle part o\u00f9 mettre les personnes \u00e0 l\u2019abri, c\u2019est dramatique\u00a0\u00bb, a d\u00e9clar\u00e9 \u00e0 l\u2019AFP L\u00e9a Filoche, adjointe \u00e0 la maire socialiste Anne Hidalgo en charge des solidarit\u00e9s. De \u00ab\u00a0nombreux lieux vides\u00a0\u00bb pourraient \u00eatre r\u00e9quisitionn\u00e9s par l\u2019Etat comme l\u2019ancien h\u00f4pital militaire du Val-de-Gr\u00e2ce dans le quartier Latin, selon l\u2019\u00e9lue qui d\u00e9nonce le \u00ab\u00a0grave d\u00e9sengagement de l\u2019Etat auquel la mairie se substitue tant bien que mal\u00a0\u00bb. L\u00e9a Filoche souligne que plus de 3\u00a0500 personnes dormant \u00e0 la rue avaient \u00e9t\u00e9 recens\u00e9es lors de la derni\u00e8re Nuit de la solidarit\u00e9 d\u00e9but 2025.<\/p>\n<p class=\"node__paragraphe antonia-750r text-grey-800 pb-24 pb-md-32\">\nSollicit\u00e9e par l\u2019AFP, la pr\u00e9fecture d\u2019Ile-de-France a assur\u00e9 s\u2019\u00eatre \u00ab\u00a0largement\u00a0\u00bb mobilis\u00e9e d\u00e8s le 23\u00a0d\u00e9cembre, \u00ab\u00a0en lien avec les op\u00e9rateurs et les acteurs de la veille sociale\u00a0\u00bb, \u00ab\u00a0pour intensifier l\u2019accompagnement des publics en situation de rue\u00a0\u00bb. \u00ab\u00a0Lorsque les conditions d\u2019activation du plan grand froid seront r\u00e9unies \u00e0 Paris, il sera imm\u00e9diatement d\u00e9clench\u00e9 par le pr\u00e9fet de r\u00e9gion d\u2019\u00cele-de-France, pr\u00e9fet de Paris\u00a0\u00bb, a-t-elle affirm\u00e9, sans donner davantage de d\u00e9tails.<\/p>\n<p class=\"node__paragraphe antonia-750r text-grey-800 pb-24 pb-md-32\">\nLa mairie a de son c\u00f4t\u00e9 mis en place d\u00e9but d\u00e9cembre son \u00ab\u00a0plan hiver\u00a0\u00bb qui ouvre de nouvelles places d\u2019h\u00e9bergement et augmente l\u2019aide alimentaire.<\/p>\n","protected":false},"excerpt":{"rendered":"Une tente couverte de neige \u00e0 Montmartre \u00e0 Paris, le 21\u00a0novembre 2024.\u00a0ERIC BRONCARD \/ HANS LUCAS VIA AFP&hellip;\n","protected":false},"author":2,"featured_media":624766,"comment_status":"","ping_status":"","sticky":false,"template":"","format":"standard","meta":{"footnotes":""},"categories":[1888],"tags":[17,1111,1928,11,1927,16164,16680,9119,1777,674,1011,27,3447,2515,2487,12,1926,626,1925,5355,25029,25,104],"class_list":{"0":"post-624765","1":"post","2":"type-post","3":"status-publish","4":"format-standard","5":"has-post-thumbnail","7":"category-paris","8":"tag-17","9":"tag-actu","10":"tag-actu-paris","11":"tag-actualites","12":"tag-actualites-paris","13":"tag-declenche","14":"tag-departements","15":"tag-dispositif","16":"tag-eu","17":"tag-europe","18":"tag-fr","19":"tag-france","20":"tag-froid","21":"tag-grand","22":"tag-meteo","23":"tag-news","24":"tag-news-paris","25":"tag-paris","26":"tag-paris-news","27":"tag-plan","28":"tag-reclame","29":"tag-republique-francaise","30":"tag-societe"},"share_on_mastodon":{"url":"https:\/\/pubeurope.com\/@fr\/115790256752851716","error":""},"_links":{"self":[{"href":"https:\/\/www.europesays.com\/fr\/wp-json\/wp\/v2\/posts\/624765","targetHints":{"allow":["GET"]}}],"collection":[{"href":"https:\/\/www.europesays.com\/fr\/wp-json\/wp\/v2\/posts"}],"about":[{"href":"https:\/\/www.europesays.com\/fr\/wp-json\/wp\/v2\/types\/post"}],"author":[{"embeddable":true,"href":"https:\/\/www.europesays.com\/fr\/wp-json\/wp\/v2\/users\/2"}],"replies":[{"embeddable":true,"href":"https:\/\/www.europesays.com\/fr\/wp-json\/wp\/v2\/comments?post=624765"}],"version-history":[{"count":0,"href":"https:\/\/www.europesays.com\/fr\/wp-json\/wp\/v2\/posts\/624765\/revisions"}],"wp:featuredmedia":[{"embeddable":true,"href":"https:\/\/www.europesays.com\/fr\/wp-json\/wp\/v2\/media\/624766"}],"wp:attachment":[{"href":"https:\/\/www.europesays.com\/fr\/wp-json\/wp\/v2\/media?parent=624765"}],"wp:term":[{"taxonomy":"category","embeddable":true,"href":"https:\/\/www.europesays.com\/fr\/wp-json\/wp\/v2\/categories?post=624765"},{"taxonomy":"post_tag","embeddable":true,"href":"https:\/\/www.europesays.com\/fr\/wp-json\/wp\/v2\/tags?post=624765"}],"curies":[{"name":"wp","href":"https:\/\/api.w.org\/{rel}","templated":true}]}}