{"id":624768,"date":"2025-12-27T07:05:10","date_gmt":"2025-12-27T07:05:10","guid":{"rendered":"https:\/\/www.europesays.com\/fr\/624768\/"},"modified":"2025-12-27T07:05:10","modified_gmt":"2025-12-27T07:05:10","slug":"arancini-christmas-sandwich-a-paris-ce-cinema-transforme-chaque-projection-en-experience-gourmande","status":"publish","type":"post","link":"https:\/\/www.europesays.com\/fr\/624768\/","title":{"rendered":"Arancini, Christmas Sandwich&#8230; \u00c0 Paris, ce cin\u00e9ma transforme chaque projection en exp\u00e9rience gourmande"},"content":{"rendered":"<p>                    Par<br \/>\n        <strong><br \/>\n            <a href=\"https:\/\/actu.fr\/auteur\/thomas-rideau\" title=\"Consulter tous les articles de Thomas Rideau\" target=\"_blank\" rel=\"noopener\">Thomas Rideau<\/a><br \/>\n                    <\/strong><\/p>\n<p>        Publi\u00e9 le<\/p>\n<p>            27 d\u00e9c. 2025 \u00e0 7h56        <\/p>\n<p>On esp\u00e8re qu\u2019il n\u2019y aura pas un \u00e9pilogue \u00e0 la\u00a0Festen. Film culte de Thomas Vinterberg autour <a href=\"https:\/\/actu.fr\/tag\/gastronomie\" target=\"_blank\" rel=\"noopener\">d\u2019un repas<\/a> de famille qui d\u00e9g\u00e9n\u00e8re, un peu. Dans d\u2019autres genres, on peut penser aux exc\u00e8s de La Grande Bouffe, la nourriture suspecte de Soleil Vert, la sc\u00e8ne du repas dans Titanic, <strong>la danse des petits pains<\/strong> de Chaplin dans la\u00a0Ru\u00e9e vers l\u2019Or\u2026 <a href=\"https:\/\/actu.fr\/cinema\" target=\"_blank\" rel=\"noopener\">Le cin\u00e9ma<\/a> parle souvent de nourriture et le nombre de sc\u00e8nes de repas pass\u00e9es \u00e0 la post\u00e9rit\u00e9 est innombrable. Et c\u2019est peut-\u00eatre pour \u00e7a que <strong>Camille Lab\u00e9<\/strong>, g\u00e9rante de la salle de l\u2019\u00c9p\u00e9e de Bois, dans le 5e arrondissement de <a href=\"https:\/\/actu.fr\/paris\/\" target=\"_blank\" rel=\"noopener\">Paris<\/a>, a\u00a0d\u00e9cid\u00e9 de m\u00e9langer les deux arts \u2013 gastronomique et cin\u00e9matographique.<\/p>\n<p>Arancini devant\u00a0Vacances Romaines<\/p>\n<p class=\" wall-content\">Ici, pas de Kloug \u00e0 la mode du\u00a0P\u00e8re No\u00ebl est une Ordure. Camille Lab\u00e9 a eu l\u2019id\u00e9e de \u00ab\u2009d\u00e9cloisonner\u2009\u00bb le cin\u00e9ma et la nourriture dans sa salle. \u00ab\u2009\u00e7a se fait d\u00e9j\u00e0 beaucoup \u00e0 l\u2019\u00e9tranger\u2009\u00bb, note-t-elle. Mais, elle a voulu pousser le curseur encore plus loin\u2009: et si elle servait des plats en rapport avec le film projet\u00e9 \u00e0 l\u2019\u00e9cran\u2009?<\/p>\n<p class=\" wall-content\">De quoi faire fr\u00e9mir avant une s\u00e9ance du\u00a0Silence des Agneaux ou de\u00a0Sweeney Todd ?<\/p>\n<p class=\" wall-content\">\u00ab\u2009On propose une collation sal\u00e9e et sucr\u00e9e. Ce n\u2019est pas tout \u00e0 fait un repas\u2009\u00bb, nuance-t-elle. Et \u00e0 chaque fois, <strong>les mets sont pr\u00e9par\u00e9s<\/strong> par un \u00e9tablissement qui a un lien avec le film. Ces s\u00e9ances labellis\u00e9es \u00ab\u2009gourm\u00e9p\u00e9e\u2009\u00bb ont lieu une fois par mois. Et la prochaine\u2009? \u00c7a sera le 26 janvier, avec Vacances Romaines de William Wyler avec <strong>Audrey Hepburn<\/strong>. Au menu, pour les spectateurs, \u00ab\u2009\u00e7a sera sans doute un arancini et une sorte de panettone, mais \u00e7a reste \u00e0 confirmer\u2009\u00bb.<\/p>\n<p class=\" wall-content\">Avant <strong>No\u00ebl<\/strong>, c\u2019est l\u2019in\u00e9vitable La Vie est Belle de Capra, accompagn\u00e9 de quelques \u00ab\u2009christmas sandwiches\u2009\u00bb qui a \u00e9t\u00e9 projet\u00e9.<\/p>\n<p class=\" wall-content\">Mais associer d\u00e9gustation et cin\u00e9ma est un d\u00e9fi technique. \u00ab\u2009On distribue la nourriture avant le d\u00e9but de la s\u00e9ance. Mais il faut que ce soit quelque chose de tr\u00e8s facile \u00e0 manger avec les doigts\u2009\u00bb, note Camille Lab\u00e9. \u00ab\u2009<strong>C\u2019est un challenge<\/strong>. On doit tout optimiser\u2009\u00bb, explique-t-elle avec enthousiasme.<\/p>\n<p class=\" wall-content\">\u00ab\u2009Pour la premi\u00e8re s\u00e9ance Gourm\u00e9p\u00e9e, on a utilis\u00e9 un papier qui faisait beaucoup de bruit pendant le film\u2009\u00bb, se souvient-elle. Elle tente d\u00e9sormais <strong>d\u2019\u00e9viter tous les pi\u00e8ges<\/strong>. Et m\u00eame les bruits de mastication. \u00ab\u2009On fait en sorte de proposer des plats qui ne n\u00e9cessitent presque pas de mastication\u2009\u00bb, souligne-t-elle. \u00ab\u2009On respecte le film.\u2009\u00bb<\/p>\n<p>Votre r\u00e9gion, votre actu !<\/p>\n<p>Recevez chaque jour les infos qui comptent pour vous.<\/p>\n<p>\t<a href=\"https:\/\/actu.fr\/newsletter\" class=\"ac-btn ac-btn--corner ac-btn--medium ac-btn--blue800\" target=\"_blank\" rel=\"noopener\">S&rsquo;incrire<\/a><\/p>\n<blockquote class=\"ac-article-quote wall-content\">\n<p>\u00ab\u2009C\u2019est marrant. On voit les spectateurs avoir leur propre habitude. Certains mangent d\u00e8s que les en-cas sont servis quand il y a de la lumi\u00e8re. D\u2019autres attendent d\u2019arriver au moment du film o\u00f9 les acteurs mangent le plat en question.\u2009\u00bb<\/p>\n<p>    <strong>Camille Lab\u00e9<\/strong>\n            <\/p><\/blockquote>\n<p class=\" wall-content\">Elle semble en tout cas avoir trouv\u00e9 son public. Lanc\u00e9 au printemps 2024, Gourm\u00e9p\u00e9e commence \u00e0 r\u00e9unir des habitu\u00e9s. \u00ab\u2009Pour La Vie est Belle on a eu <strong>les deux salles compl\u00e8tes<\/strong>\u2009\u00bb, se r\u00e9jouit-elle. On attend d\u00e9sormais avec h\u00e2te la projection de\u00a0Ratatouille dans le cadre de Gourm\u00e9p\u00e9e.<\/p>\n<p>L\u2019\u00c9p\u00e9e de bois, rue Mouffetard. Pour une s\u00e9ance Gourm\u00e9p\u00e9e, comptez le prix d\u2019une place +\u00a0neuf euros.<\/p>\n<p class=\" wall-content\">Personnalisez votre actualit\u00e9 en ajoutant vos villes et m\u00e9dias en favori avec <a href=\"https:\/\/moncompte.actu.fr\" title=\"D\u00e9couvez Mon Actu\" rel=\"nofollow noopener\" data-trk=\"{&quot;cta&quot;:{&quot;action&quot;:&quot;https:\\\/\\\/moncompte.actu.fr&quot;,&quot;category&quot;:&quot;mon compte&quot;,&quot;from&quot;:&quot;article footer&quot;,&quot;name&quot;:&quot;Mon actu&quot;,&quot;type&quot;:&quot;cta&quot;}}\" target=\"_blank\">Mon Actu<\/a>.<\/p>\n","protected":false},"excerpt":{"rendered":"Par Thomas Rideau Publi\u00e9 le 27 d\u00e9c. 2025 \u00e0 7h56 On esp\u00e8re qu\u2019il n\u2019y aura pas un \u00e9pilogue&hellip;\n","protected":false},"author":2,"featured_media":624769,"comment_status":"","ping_status":"","sticky":false,"template":"","format":"standard","meta":{"footnotes":""},"categories":[1888],"tags":[11,650,1777,674,1011,27,1661,1652,12,626,25],"class_list":{"0":"post-624768","1":"post","2":"type-post","3":"status-publish","4":"format-standard","5":"has-post-thumbnail","7":"category-paris","8":"tag-actualites","9":"tag-cinema","10":"tag-eu","11":"tag-europe","12":"tag-fr","13":"tag-france","14":"tag-gastronomie","15":"tag-loisirs-culture","16":"tag-news","17":"tag-paris","18":"tag-republique-francaise"},"share_on_mastodon":{"url":"https:\/\/pubeurope.com\/@fr\/115790264828371211","error":""},"_links":{"self":[{"href":"https:\/\/www.europesays.com\/fr\/wp-json\/wp\/v2\/posts\/624768","targetHints":{"allow":["GET"]}}],"collection":[{"href":"https:\/\/www.europesays.com\/fr\/wp-json\/wp\/v2\/posts"}],"about":[{"href":"https:\/\/www.europesays.com\/fr\/wp-json\/wp\/v2\/types\/post"}],"author":[{"embeddable":true,"href":"https:\/\/www.europesays.com\/fr\/wp-json\/wp\/v2\/users\/2"}],"replies":[{"embeddable":true,"href":"https:\/\/www.europesays.com\/fr\/wp-json\/wp\/v2\/comments?post=624768"}],"version-history":[{"count":0,"href":"https:\/\/www.europesays.com\/fr\/wp-json\/wp\/v2\/posts\/624768\/revisions"}],"wp:featuredmedia":[{"embeddable":true,"href":"https:\/\/www.europesays.com\/fr\/wp-json\/wp\/v2\/media\/624769"}],"wp:attachment":[{"href":"https:\/\/www.europesays.com\/fr\/wp-json\/wp\/v2\/media?parent=624768"}],"wp:term":[{"taxonomy":"category","embeddable":true,"href":"https:\/\/www.europesays.com\/fr\/wp-json\/wp\/v2\/categories?post=624768"},{"taxonomy":"post_tag","embeddable":true,"href":"https:\/\/www.europesays.com\/fr\/wp-json\/wp\/v2\/tags?post=624768"}],"curies":[{"name":"wp","href":"https:\/\/api.w.org\/{rel}","templated":true}]}}