{"id":624772,"date":"2025-12-27T07:07:13","date_gmt":"2025-12-27T07:07:13","guid":{"rendered":"https:\/\/www.europesays.com\/fr\/624772\/"},"modified":"2025-12-27T07:07:13","modified_gmt":"2025-12-27T07:07:13","slug":"lors-de-ses-voeux-du-nouvel-an-kim-jong-un-loue-le-sang-verse-au-cote-des-russes-en-ukraine","status":"publish","type":"post","link":"https:\/\/www.europesays.com\/fr\/624772\/","title":{"rendered":"Lors de ses v\u0153ux du Nouvel an, Kim Jong-un loue \u00able sang\u00bb vers\u00e9 au c\u00f4t\u00e9 des Russes en Ukraine"},"content":{"rendered":"<p>\n    La Cor\u00e9e du Nord n\u2019a confirm\u00e9 qu\u2019en avril qu\u2019elle avait d\u00e9ploy\u00e9 des troupes pour soutenir la campagne militaire de la Russie contre l\u2019Ukraine.<\/p>\n<p class=\"fig-paragraph\">La Cor\u00e9e du Nord et la Russie ont partag\u00e9 \u00able sang, la vie et la mort\u00bb lors de la guerre en Ukraine, a soulign\u00e9 vendredi le dirigeant nord-cor\u00e9en Kim Jong-un, en adressant ses v\u0153ux du Nouvel An 2026 \u00e0\u00a0<a href=\"http:\/\/www.lefigaro.fr\/international\/pourquoi-emmanuel-macron-envisage-de-reparler-a-poutine-20251221\" target=\"_blank\" data-fig-type=\"Article\" rel=\"noopener\" data-gtm-custom-categorie=\"navigation\" data-gtm-custom-action=\"crossclick\" data-gtm-custom-label=\"Contextuel\" data-gtm-event=\"customEventSPE\" data-fig-domain=\"LEFIGARO\">Vladimir Poutine<\/a>.<\/p>\n<p class=\"fig-paragraph\">Dans la guerre d\u2019invasion de l\u2019Ukraine, lanc\u00e9e par le pr\u00e9sident russe il y a bient\u00f4t quatre ans, Pyongyang a envoy\u00e9, selon les agences de renseignement sud-cor\u00e9ennes et occidentales, des milliers de soldats combattre au c\u00f4t\u00e9 de Moscou.<\/p>\n<p>                                            <a class=\"fig-a11y-skip\" href=\"#fig-a11y-skip-main-inarticle\" data-module=\"a11y-skip\" data-context=\"was @visible\"><br \/>\n    Passer la publicit\u00e9<br \/>\n<\/a>            <\/p>\n<p class=\"fig-paragraph\">Dans son message, publi\u00e9 vendredi par l&rsquo;agence d&rsquo;\u00c9tat KCNA, Kim Jong-un a d\u00e9clar\u00e9 que 2025 avait \u00e9t\u00e9 une \u00abann\u00e9e vraiment significative\u00bb dans l&rsquo;alliance entre Pyongyang et Moscou, consolid\u00e9e par le fait d&rsquo;avoir \u00abpartag\u00e9 le sang, la vie et la mort dans la m\u00eame tranch\u00e9e\u00bb.<\/p>\n<p>                                            Neuf soldats tu\u00e9s<\/p>\n<p class=\"fig-paragraph\">La Cor\u00e9e du Nord n&rsquo;a confirm\u00e9 qu&rsquo;en avril qu&rsquo;elle avait d\u00e9ploy\u00e9 des troupes pour soutenir la campagne militaire de la Russie contre l&rsquo;Ukraine et que des soldats nord-cor\u00e9ens avaient \u00e9t\u00e9 tu\u00e9s au combat.<\/p>\n<p class=\"fig-paragraph\">Plus t\u00f4t en d\u00e9cembre, Pyongyang a reconnu avoir envoy\u00e9 des troupes pour d\u00e9miner dans la r\u00e9gion russe de\u00a0<a href=\"http:\/\/www.lefigaro.fr\/flash-actu\/la-coree-du-nord-a-envoye-des-troupes-pour-deminer-la-region-de-koursk-en-russie-20251213\" target=\"_blank\" data-fig-type=\"NewsFlash\" rel=\"noopener\" data-gtm-custom-categorie=\"navigation\" data-gtm-custom-action=\"crossclick\" data-gtm-custom-label=\"Contextuel\" data-gtm-event=\"customEventSPE\" data-fig-domain=\"LEFIGARO\">Koursk<\/a>, pr\u00e8s de la fronti\u00e8re ukrainienne, en ao\u00fbt 2025. Au moins neuf soldats d&rsquo;un r\u00e9giment du g\u00e9nie ont \u00e9t\u00e9 tu\u00e9s durant ce d\u00e9ploiement de 120 jours, a reconnu Kim Jong-un dans un discours prononc\u00e9 le 12 d\u00e9cembre lors du retour de l&rsquo;unit\u00e9.<\/p>\n<p class=\"fig-paragraph\">Le dirigeant nord-cor\u00e9en a adress\u00e9 ses v\u0153ux du Nouvel An \u00e0 Vladimir Poutine un jour apr\u00e8s avoir ordonn\u00e9 l&rsquo;augmentation de la production de missiles pour 2026. Pyongyang a consid\u00e9rablement augment\u00e9 ses essais de missiles ces derni\u00e8res ann\u00e9es visant, selon les analystes, \u00e0 am\u00e9liorer ses capacit\u00e9s de frappe de pr\u00e9cision, \u00e0 d\u00e9fier les \u00c9tats-Unis ainsi que la Cor\u00e9e du Sud, et \u00e0 tester des armes pour les exporter vers l&rsquo;alli\u00e9 russe.<\/p>\n<p class=\"fig-paragraph\">La Cor\u00e9e du Nord et la Russie se sont rapproch\u00e9es depuis que Moscou a lanc\u00e9 son invasion de l&rsquo;Ukraine en f\u00e9vrier 2022. En plus d&rsquo;envoyer des troupes combattre pour la Russie, Pyongyang a fourni \u00e0 Moscou des obus d&rsquo;artillerie, des missiles et des syst\u00e8mes de roquettes \u00e0 longue port\u00e9e.<\/p>\n<p>                                            <a class=\"fig-a11y-skip\" href=\"#fig-a11y-skip-main-inarticle_mtf\" data-module=\"a11y-skip\" data-context=\"was @visible\"><br \/>\n    Passer la publicit\u00e9<br \/>\n<\/a>            <\/p>\n<p class=\"fig-paragraph\">En retour, la Russie envoie \u00e0 la Cor\u00e9e du Nord une aide financi\u00e8re, des technologies militaires ainsi que des fournitures alimentaires et \u00e9nerg\u00e9tiques, ont indiqu\u00e9 des analystes.<\/p>\n","protected":false},"excerpt":{"rendered":"La Cor\u00e9e du Nord n\u2019a confirm\u00e9 qu\u2019en avril qu\u2019elle avait d\u00e9ploy\u00e9 des troupes pour soutenir la campagne militaire&hellip;\n","protected":false},"author":2,"featured_media":624773,"comment_status":"","ping_status":"","sticky":false,"template":"","format":"standard","meta":{"footnotes":""},"categories":[1590],"tags":[11,13987,1777,674,131,12,220,135],"class_list":{"0":"post-624772","1":"post","2":"type-post","3":"status-publish","4":"format-standard","5":"has-post-thumbnail","7":"category-ukraine","8":"tag-actualites","9":"tag-coree-du-nord","10":"tag-eu","11":"tag-europe","12":"tag-guerre-en-ukraine","13":"tag-news","14":"tag-ukraine","15":"tag-vladimir-poutine"},"share_on_mastodon":{"url":"https:\/\/pubeurope.com\/@fr\/115790272531909826","error":""},"_links":{"self":[{"href":"https:\/\/www.europesays.com\/fr\/wp-json\/wp\/v2\/posts\/624772","targetHints":{"allow":["GET"]}}],"collection":[{"href":"https:\/\/www.europesays.com\/fr\/wp-json\/wp\/v2\/posts"}],"about":[{"href":"https:\/\/www.europesays.com\/fr\/wp-json\/wp\/v2\/types\/post"}],"author":[{"embeddable":true,"href":"https:\/\/www.europesays.com\/fr\/wp-json\/wp\/v2\/users\/2"}],"replies":[{"embeddable":true,"href":"https:\/\/www.europesays.com\/fr\/wp-json\/wp\/v2\/comments?post=624772"}],"version-history":[{"count":0,"href":"https:\/\/www.europesays.com\/fr\/wp-json\/wp\/v2\/posts\/624772\/revisions"}],"wp:featuredmedia":[{"embeddable":true,"href":"https:\/\/www.europesays.com\/fr\/wp-json\/wp\/v2\/media\/624773"}],"wp:attachment":[{"href":"https:\/\/www.europesays.com\/fr\/wp-json\/wp\/v2\/media?parent=624772"}],"wp:term":[{"taxonomy":"category","embeddable":true,"href":"https:\/\/www.europesays.com\/fr\/wp-json\/wp\/v2\/categories?post=624772"},{"taxonomy":"post_tag","embeddable":true,"href":"https:\/\/www.europesays.com\/fr\/wp-json\/wp\/v2\/tags?post=624772"}],"curies":[{"name":"wp","href":"https:\/\/api.w.org\/{rel}","templated":true}]}}