{"id":624776,"date":"2025-12-27T07:09:44","date_gmt":"2025-12-27T07:09:44","guid":{"rendered":"https:\/\/www.europesays.com\/fr\/624776\/"},"modified":"2025-12-27T07:09:44","modified_gmt":"2025-12-27T07:09:44","slug":"kate-au-piano-avec-charlotte-la-sequence-inedite-du-together-at-christmas-2025","status":"publish","type":"post","link":"https:\/\/www.europesays.com\/fr\/624776\/","title":{"rendered":"Kate au piano avec Charlotte : la s\u00e9quence in\u00e9dite du Together at Christmas 2025"},"content":{"rendered":"<p>Jusqu\u2019\u00e0 la derni\u00e8re minute, la famille royale britannique a soigneusement pr\u00e9serv\u00e9 le secret autour d\u2019<strong>une s\u00e9quence in\u00e9dite<\/strong> du concert de No\u00ebl de Kate, <a target=\"_blank\" href=\"https:\/\/www.pointdevue.fr\/royal\/royaume-uni\/george-charlotte-et-louis-chics-et-complices-au-concert-de-noel-de-kate\" rel=\"noopener\">enregistr\u00e9 le 5 d\u00e9cembre \u00e0 l\u2019abbaye de Westminster dans le cadre du traditionnel \u00ab\u00a0Together at Christmas\u00a0\u00bb<\/a>, et diffus\u00e9 hier soir \u00e0 la t\u00e9l\u00e9vision britannique. Soucieux de maintenir le suspense jusqu\u2019au bout, le palais n\u2019avait laiss\u00e9 filtrer aucune information avant ce mercredi 24 d\u00e9cembre. Ce n\u2019est qu\u2019en milieu de journ\u00e9e, \u00e0 quelques heures des festivit\u00e9s, qu\u2019une myst\u00e9rieuse vid\u00e9o a \u00e9t\u00e9 publi\u00e9e sur le compte officiel du prince et de la princesse de Galles. On y voyait simplement <strong>deux mains pos\u00e9es sur un piano<\/strong>. Tr\u00e8s vite, les plus fins observateurs ont cru reconna\u00eetre, \u00e0 leurs bijoux notamment, celles de Kate et de Charlotte.<\/p>\n<p>Bien vu, car oui, il s\u2019agissait bien de <a target=\"_blank\" href=\"https:\/\/www.pointdevue.fr\/grand-angle\/biographies\/kate-middleton\" rel=\"noopener\">la princesse de Galles<\/a> et de sa fille. <strong>M\u00e8re et fille <\/strong>se sont install\u00e9es c\u00f4te \u00e0 c\u00f4te pour interpr\u00e9ter au piano une pi\u00e8ce qu\u2019elles connaissent parfaitement, sign\u00e9e du compositeur \u00e9cossais Erland Cooper. Cette prestation ne faisait pas partie de l&rsquo;enregistrement du spectacle en direct, mais a uniquement \u00e9t\u00e9 diffus\u00e9e lors de la retransmission de l\u2019\u00e9v\u00e9nement sur ITV1.\u00a0<\/p>\n<p><a target=\"_blank\" href=\"https:\/\/www.pointdevue.fr\/royal\/royaume-uni\/kate-levolution-de-ses-looks-au-concert-together-at-christmas\" rel=\"noopener\">Depuis cinq ans<\/a>, Kate orchestre ce grand rendez-vous musical de No\u00ebl. D\u00e8s la premi\u00e8re \u00e9dition, elle avait d\u2019ailleurs surpris le public en accompagnant au piano le chanteur et compositeur Tom Walker sur son titre de No\u00ebl For Those Who Can\u2019t Be Here.<\/p>\n<p>Pour cette nouvelle performance, la princesse a interpr\u00e9t\u00e9 la pi\u00e8ce Holm Sound uniquement de la main gauche, tandis que Charlotte jouait de la droite, dans l\u2019Inner Hall du ch\u00e2teau de Windsor.<\/p>\n<p><img decoding=\"async\" src=\"https:\/\/www.europesays.com\/fr\/wp-content\/uploads\/2025\/12\/55003700194_7593b25f45_oYrmzrjKWnL.jpg\" alt=\"La princesse de Galles et la princesse Charlotte\"\/><strong>24 d\u00e9cembre 2025, Windsor (Royaume-Uni). La princesse de Galles et la princesse Charlotte interpr\u00e8tent Holm Sound du compositeur \u00e9cossais Erland Cooper au ch\u00e2teau de Windsor, dans le cadre du concert de No\u00ebl Together at Christmas.<\/strong> \u00a9 \u00a0Andrew Parsons \/ Kensington Palace<\/p>\n<p>Invit\u00e9 \u00e0 assister \u00e0 l\u2019enregistrement, Erland Cooper a salu\u00e9 leur prestation : \u00ab\u00a0J\u2019ai \u00e9t\u00e9 tr\u00e8s impressionn\u00e9. Elles ont jou\u00e9 devant toute une \u00e9quipe\u2026 et devant le compositeur lui-m\u00eame ! C\u2019\u00e9tait formidable. Nous avons tous applaudi \u00e0 la fin : un moment sinc\u00e8re et tr\u00e8s \u00e9mouvant.\u00a0\u00bb Et d\u2019ajouter : \u00ab\u00a0J\u2019ai \u00e9crit cette pi\u00e8ce pour ma m\u00e8re. Elle parle de maternit\u00e9, ce qui rend cette co\u00efncidence encore plus touchante. Charlotte porte la m\u00e9lodie telle un chant d\u2019oiseau, tandis que la princesse soutient l\u2019arp\u00e8ge\u2026 Deux princesses au piano.\u00a0\u00bb<\/p>\n<p>La princesse et sa fille ont l\u2019habitude de jouer cette \u0153uvre ensemble \u00e0 la maison. Pendant leur interpr\u00e9tation, des images montraient les invit\u00e9s arrivant \u00e0 l\u2019office de No\u00ebl, tandis que le prince de Galles et Kate observaient leurs enfants accrocher des guirlandes portant leurs noms sur un \u201cArbre des liens\u201d devant l\u2019abbaye.<\/p>\n<p><img decoding=\"async\" src=\"https:\/\/www.europesays.com\/fr\/wp-content\/uploads\/2025\/12\/54999815780_81c407a19c_ommAoEsQpfc.jpg\" alt=\"Cinqui\u00e8me \u00e9dition de \u201cTogether at Christmas\u201d\"\/><strong>Cinqui\u00e8me \u00e9dition de \u201cTogether at Christmas\u201d<\/strong> \u00a9 Radburn Chris\/PA Photos\/ABACA<\/p>\n<p>Toutes deux ont visiblement savour\u00e9 cet instant, \u00e9changeant sourires et regards complices. Kate tenait \u00e0 inclure ce moment musical pour rappeler un th\u00e8me qui lui est cher :<strong> <\/strong><a href=\"https:\/\/www.pointdevue.fr\/royal\/royaume-uni\/google.com\/search?q=kate+lien+amour+unisse+point+de+vue+concert&amp;sca_esv=85657f8e8c3a758f&amp;rlz=1C5CHFA_enFR1018FR1018&amp;sxsrf=AE3TifNj2FWEmfIFbNIY0IRrj9E8ntrFng%3A1766661240534&amp;ei=eBxNaauqIMj4kdUP5-rLuAg&amp;ved=0ahUKEwirxrj9zdiRAxVIfKQEHWf1EocQ4dUDCBE&amp;uact=5&amp;oq=kate+lien+amour+unisse+point+de+vue+concert&amp;gs_lp=Egxnd3Mtd2l6LXNlcnAiK2thdGUgbGllbiBhbW91ciB1bmlzc2UgcG9pbnQgZGUgdnVlIGNvbmNlcnQyBRAhGKABMgUQIRifBTIFECEYnwUyBRAhGJ8FSMwMUFtYqwpwAXgBkAEAmAGCAaABggWqAQM3LjG4AQPIAQD4AQGYAgigAucEwgIKEAAYsAMY1gQYR8ICBxAhGKABGAqYAwCIBgGQBgiSBwM3LjGgB8QesgcDNi4xuAfiBMIHBTAuNi4yyAcSgAgA&amp;sclient=gws-wiz-serp\" target=\"_blank\" rel=\"noopener\"><strong>l\u2019importance des liens humains.<\/strong><\/a><\/p>\n<p><strong>Un tr\u00e8s beau moment d\u2019\u00e9motion.<\/strong><\/p>\n<p><img decoding=\"async\" src=\"https:\/\/www.europesays.com\/fr\/wp-content\/uploads\/2025\/12\/55003700189_b012b75db8_5kH692vpl5xi.jpg\" alt=\"Kate et la princesse Charlotte donnent le la dans l\u2019une des salles du ch\u00e2teau de Windsor, le mercredi 24 d\u00e9cembre\"\/>Kate et la princesse Charlotte donnent le la dans l\u2019une des salles du ch\u00e2teau de Windsor, le mercredi 24 d\u00e9cembre \u00a9 Andrew Parsons \/ Kensington Palace<\/p>\n<p>Lire aussi &gt;&gt; <a target=\"_blank\" href=\"https:\/\/www.pointdevue.fr\/royal\/royaume-uni\/nos-vies-sont-profondement-liees-le-message-de-kate-avant-son-concert-de-noel\" rel=\"noopener\">\u00ab\u00a0Nos vies sont profond\u00e9ment li\u00e9es\u00a0\u00bb : le message de Kate avant son concert de No\u00ebl<\/a><\/p>\n<p><a href=\"https:\/\/www.pointdevue.fr\/quiz-royal?utm_source=edito&amp;utm_medium=inside_article&amp;utm_campaign=QUIZROYAL\" target=\"_blank\" rel=\"noopener\"><img decoding=\"async\" src=\"https:\/\/www.europesays.com\/fr\/wp-content\/uploads\/2025\/12\/605x385GUOAXudAF3.jpg\" alt=\"Testez votre expertise royaut\u00e9\"\/><\/a>Testez votre expertise royaut\u00e9 et tentez de remporter de nombreux lots. \u00a9 Point de Vue<\/p>\n","protected":false},"excerpt":{"rendered":"Jusqu\u2019\u00e0 la derni\u00e8re minute, la famille royale britannique a soigneusement pr\u00e9serv\u00e9 le secret autour d\u2019une s\u00e9quence in\u00e9dite du&hellip;\n","protected":false},"author":2,"featured_media":624777,"comment_status":"","ping_status":"","sticky":false,"template":"","format":"standard","meta":{"footnotes":""},"categories":[1588],"tags":[11,1777,674,12,473,1853,1851,1850,1852],"class_list":{"0":"post-624776","1":"post","2":"type-post","3":"status-publish","4":"format-standard","5":"has-post-thumbnail","7":"category-royaume-uni","8":"tag-actualites","9":"tag-eu","10":"tag-europe","11":"tag-news","12":"tag-royaume-uni","13":"tag-royaume-uni-de-grande-bretagne-et-dirlande-du-nord","14":"tag-uk","15":"tag-united-kingdom","16":"tag-united-kingdom-of-great-britain-and-northern-ireland"},"share_on_mastodon":{"url":"https:\/\/pubeurope.com\/@fr\/115790281498911133","error":""},"_links":{"self":[{"href":"https:\/\/www.europesays.com\/fr\/wp-json\/wp\/v2\/posts\/624776","targetHints":{"allow":["GET"]}}],"collection":[{"href":"https:\/\/www.europesays.com\/fr\/wp-json\/wp\/v2\/posts"}],"about":[{"href":"https:\/\/www.europesays.com\/fr\/wp-json\/wp\/v2\/types\/post"}],"author":[{"embeddable":true,"href":"https:\/\/www.europesays.com\/fr\/wp-json\/wp\/v2\/users\/2"}],"replies":[{"embeddable":true,"href":"https:\/\/www.europesays.com\/fr\/wp-json\/wp\/v2\/comments?post=624776"}],"version-history":[{"count":0,"href":"https:\/\/www.europesays.com\/fr\/wp-json\/wp\/v2\/posts\/624776\/revisions"}],"wp:featuredmedia":[{"embeddable":true,"href":"https:\/\/www.europesays.com\/fr\/wp-json\/wp\/v2\/media\/624777"}],"wp:attachment":[{"href":"https:\/\/www.europesays.com\/fr\/wp-json\/wp\/v2\/media?parent=624776"}],"wp:term":[{"taxonomy":"category","embeddable":true,"href":"https:\/\/www.europesays.com\/fr\/wp-json\/wp\/v2\/categories?post=624776"},{"taxonomy":"post_tag","embeddable":true,"href":"https:\/\/www.europesays.com\/fr\/wp-json\/wp\/v2\/tags?post=624776"}],"curies":[{"name":"wp","href":"https:\/\/api.w.org\/{rel}","templated":true}]}}