{"id":624778,"date":"2025-12-27T07:10:59","date_gmt":"2025-12-27T07:10:59","guid":{"rendered":"https:\/\/www.europesays.com\/fr\/624778\/"},"modified":"2025-12-27T07:10:59","modified_gmt":"2025-12-27T07:10:59","slug":"entre-la-france-et-lallemagne-les-constats-de-desaccord-saccumulent","status":"publish","type":"post","link":"https:\/\/www.europesays.com\/fr\/624778\/","title":{"rendered":"Entre la France et l\u2019Allemagne, les constats de d\u00e9saccord s\u2019accumulent"},"content":{"rendered":"<p>\n    <strong>D\u00c9CRYPTAGE &#8211;<\/strong> Emmanuel Macron et Friedrich Merz n\u2019ont pas r\u00e9ussi \u00e0 relancer le tandem franco-allemand comme ils l\u2019esp\u00e9raient.<\/p>\n<p class=\"fig-paragraph\">Entre Paris et Berlin, l\u2019\u00e9pilogue d\u2019une histoire a commenc\u00e9. Tandis que le chancelier, Friedrich\u00a0<a href=\"http:\/\/www.lefigaro.fr\/international\/allemagne-qui-est-vraiment-friedrich-merz-conservateur-du-sauerland-et-futur-chancelier-20250223\" data-fig-type=\"Article\" data-gtm-custom-categorie=\"navigation\" data-gtm-custom-action=\"crossclick\" data-gtm-custom-label=\"Contextuel\" data-gtm-event=\"customEventSPE\" data-fig-domain=\"LEFIGARO\" target=\"_blank\" rel=\"noopener\">Merz,\u00a0<\/a>s\u2019installe comme une nouvelle figure de premier plan en Europe, le pr\u00e9sident fran\u00e7ais, Emmanuel Macron, a commenc\u00e9 les dix-huit derniers mois de son mandat. Politiquement, il est plus qu\u2019affaibli par la paralysie parlementaire et la division de son propre camp. Sur le plan international, il fait encore entendre sa voix, fort d\u2019une exp\u00e9rience sans comparaison avec celle des autres leaders. Il peut s\u2019appuyer sur la cr\u00e9dibilit\u00e9 militaire des arm\u00e9es fran\u00e7aises. Mais, en Europe, chacun sait que la page va bient\u00f4t se tourner. Les marges de man\u0153uvre du chef de l\u2019\u00c9tat se r\u00e9duisent au fil du temps qui passe, alors que le contexte international, avec la pression de la\u00a0<a href=\"http:\/\/www.lefigaro.fr\/international\/dossier\/tensions-entre-la-russie-et-l-ukraine-tout-comprendre-a-la-menace-d-une-invasion-russe\" data-fig-type=\"Topic\" data-gtm-custom-categorie=\"navigation\" data-gtm-custom-action=\"crossclick\" data-gtm-custom-label=\"Contextuel\" data-gtm-event=\"customEventSPE\" data-fig-domain=\"LEFIGARO\" target=\"_blank\" rel=\"noopener\">menace\u00a0<\/a>russe, s\u2019aggrave.<\/p>\n<p class=\"fig-paragraph\">La s\u00e9curit\u00e9 du continent est la priorit\u00e9 des dirigeants europ\u00e9ens, qui ne cessent de lancer des signaux d\u2019alarme. Emmanuel Macron et Friedrich Merz partagent le constat. Mais chacun g\u00e8re son urgence. La\u00a0<a href=\"http:\/\/www.lefigaro.fr\/international\/en-allemagne-avec-la-reforme-du-service-militaire-la-bundeswehr-poursuit-sa-mue-20251207\" data-fig-type=\"NewsFlash\" data-gtm-custom-categorie=\"navigation\" data-gtm-custom-action=\"crossclick\" data-gtm-custom-label=\"Contextuel\" data-gtm-event=\"customEventSPE\" data-fig-domain=\"LEFIGARO\" target=\"_blank\" rel=\"noopener\">Bundeswehr\u00a0<\/a><\/p>\n<p class=\"fig-premium-paywall__infos\">\n        Cet article est r\u00e9serv\u00e9 aux abonn\u00e9s.        Il vous reste 81% \u00e0 d\u00e9couvrir.\n    <\/p>\n<p>                <img  data- alt=\"Le Figaro\" class=\"fig-img--complete fig-img\"\/><\/p>\n<p class=\"fig-premium-paywall__title\">Vous avez envie de lire la suite ?<\/p>\n<p class=\"fig-premium-paywall__subtitle\">D\u00e9bloquez tous les articles imm\u00e9diatement.<\/p>\n<p class=\"fig-premium-paywall__connect\">\n                D\u00e9j\u00e0 abonn\u00e9\u00a0?                <a class=\"fig-premium-paywall__connect-link\" href=\"https:\/\/connect.lefigaro.fr\/login?client=horizon_web&amp;type=main&amp;redirect_uri=https%3A%2F%2Fwww.lefigaro.fr%2Finternational%2Fentre-la-france-et-l-allemagne-les-constats-de-desaccord-s-accumulent-20251223\" data-js-gtm=\"{&quot;customCategorie&quot;: &quot;conversion&quot;, &quot;customAction&quot;: &quot;before_Landing_Connexion_paywall_auto&quot;, &quot;customLabel&quot;: &quot;bGVmaWdhcm8uZnJfXzFmMGRmMmY1LTAzMzUtNjc2MC04Yzk1LTZiOTM1NzM5ZmQ1YV9fQXJ0aWNsZQ==_Entre la France et l\u2019Allemagne, les constats de d\u00e9saccord s\u2019accumulent_206&quot;, &quot;customIDSPE&quot;: &quot;bGVmaWdhcm8uZnJfXzFmMGRmMmY1LTAzMzUtNjc2MC04Yzk1LTZiOTM1NzM5ZmQ1YV9fQXJ0aWNsZQ==&quot;, &quot;event&quot;: &quot;customEventSPE&quot;}\" target=\"_blank\" rel=\"noopener\"><br \/>\n                    Connectez-vous<br \/>\n                <\/a>\n            <\/p>\n","protected":false},"excerpt":{"rendered":"D\u00c9CRYPTAGE &#8211; Emmanuel Macron et Friedrich Merz n\u2019ont pas r\u00e9ussi \u00e0 relancer le tandem franco-allemand comme ils l\u2019esp\u00e9raient.&hellip;\n","protected":false},"author":2,"featured_media":624779,"comment_status":"","ping_status":"","sticky":false,"template":"","format":"standard","meta":{"footnotes":""},"categories":[1587],"tags":[11,672,1804,1805,1803,1777,674,4710,1801,11514,12,1802],"class_list":{"0":"post-624778","1":"post","2":"type-post","3":"status-publish","4":"format-standard","5":"has-post-thumbnail","7":"category-allemagne","8":"tag-actualites","9":"tag-allemagne","10":"tag-bundesrepublik-deutschland","11":"tag-de","12":"tag-deutschland","13":"tag-eu","14":"tag-europe","15":"tag-friedrich-merz","16":"tag-germany","17":"tag-macron","18":"tag-news","19":"tag-republique-federale-dallemagne"},"share_on_mastodon":{"url":"https:\/\/pubeurope.com\/@fr\/115790288171829931","error":""},"_links":{"self":[{"href":"https:\/\/www.europesays.com\/fr\/wp-json\/wp\/v2\/posts\/624778","targetHints":{"allow":["GET"]}}],"collection":[{"href":"https:\/\/www.europesays.com\/fr\/wp-json\/wp\/v2\/posts"}],"about":[{"href":"https:\/\/www.europesays.com\/fr\/wp-json\/wp\/v2\/types\/post"}],"author":[{"embeddable":true,"href":"https:\/\/www.europesays.com\/fr\/wp-json\/wp\/v2\/users\/2"}],"replies":[{"embeddable":true,"href":"https:\/\/www.europesays.com\/fr\/wp-json\/wp\/v2\/comments?post=624778"}],"version-history":[{"count":0,"href":"https:\/\/www.europesays.com\/fr\/wp-json\/wp\/v2\/posts\/624778\/revisions"}],"wp:featuredmedia":[{"embeddable":true,"href":"https:\/\/www.europesays.com\/fr\/wp-json\/wp\/v2\/media\/624779"}],"wp:attachment":[{"href":"https:\/\/www.europesays.com\/fr\/wp-json\/wp\/v2\/media?parent=624778"}],"wp:term":[{"taxonomy":"category","embeddable":true,"href":"https:\/\/www.europesays.com\/fr\/wp-json\/wp\/v2\/categories?post=624778"},{"taxonomy":"post_tag","embeddable":true,"href":"https:\/\/www.europesays.com\/fr\/wp-json\/wp\/v2\/tags?post=624778"}],"curies":[{"name":"wp","href":"https:\/\/api.w.org\/{rel}","templated":true}]}}