{"id":624786,"date":"2025-12-27T07:17:18","date_gmt":"2025-12-27T07:17:18","guid":{"rendered":"https:\/\/www.europesays.com\/fr\/624786\/"},"modified":"2025-12-27T07:17:18","modified_gmt":"2025-12-27T07:17:18","slug":"un-moment-suspendu-meilleure-chorale-de-france-les-cherubins-gospel-ramenent-le-trophee-dans-le-val-doise","status":"publish","type":"post","link":"https:\/\/www.europesays.com\/fr\/624786\/","title":{"rendered":"\u00ab\u00a0Un moment suspendu\u00a0\u00bb\u00a0: meilleure chorale de France, les Ch\u00e9rubins Gospel ram\u00e8nent le troph\u00e9e dans le Val-d\u2019Oise"},"content":{"rendered":"<p class=\"paragraph text_align_left lp-f-body-02\">Leur gospel envo\u00fbtant a \u00e9bloui le jury et le public du Royal Palace de Kirrwiller en Alsace vendredi soir sur France 3. Finalistes victorieux du concours de <a href=\"https:\/\/www.leparisien.fr\/culture-loisirs\/tv\/audiences-tv-avec-500-000-amateurs-en-moins-la-bataille-navale-darthur-touchee-et-coulee-sur-tf-1-20-12-2025-OU4ON5IKBZHHVF2AHKFUPV7RLI.php\" target=\"_self\" rel=\"noopener\">la meilleure chorale de France<\/a>, les Ch\u00e9rubins Gospel, doyens du genre dans l\u2019Hexagone, ram\u00e8nent le troph\u00e9e dans le <a href=\"https:\/\/www.leparisien.fr\/val-d-oise-95\/\" target=\"_self\" rel=\"noopener\">Val-d\u2019Oise<\/a> pour leur quaranti\u00e8me anniversaire. Olivier Pierre, choriste et manager g\u00e9n\u00e9ral des Ch\u00e9rubins, nous raconte les coulisses de ce triomphe, \u00ab un moment magique \u00bb pour les 40 choristes pr\u00e9sents.<\/p>\n<p class=\"\"><b>Que ressentez-vous apr\u00e8s cette victoire ? Vous r\u00e9alisez votre performance ?<\/b><\/p>\n<p class=\"\"><b>OLIVIER PIERRE.<\/b> Honn\u00eatement, nous n\u2019y croyions pas sur le moment ! Les autres chorales, comme le ch\u0153ur du Nord ou le ch\u0153ur du barreau de Bordeaux, \u00e9taient excellentes. Quand le pr\u00e9sentateur a annonc\u00e9 \u00ab Le ch\u0153ur des Ch\u00e9rubins Gospel \u00bb, la joie nous a submerg\u00e9s. C\u2019\u00e9tait un moment de gratitude immense.<\/p>\n<p class=\"\">Nous avons tout de suite pens\u00e9 \u00e0 F\u00e9lix Simakala (le fondateur des Ch\u00e9rubins en 1985, NDLR) et \u00e0 toutes les g\u00e9n\u00e9rations de choristes qui nous ont pr\u00e9c\u00e9d\u00e9s. Notre pr\u00e9sident, qui est le fils de F\u00e9lix, a brandi le troph\u00e9e tr\u00e8s haut vers son p\u00e8re. C\u2019\u00e9tait un moment magique, suspendu.<\/p>\n<p class=\"\"><b>Tout au long du concours, vous avez d\u00e9gag\u00e9 une \u00e9nergie positive tr\u00e8s forte, et une belle ma\u00eetrise technique, d\u2019o\u00f9 viennent-elles ?<\/b><\/p>\n<p class=\"\">Le gospel a des racines profondes, mais au-del\u00e0 de <a href=\"https:\/\/www.leparisien.fr\/societe\/religions\/a-la-defense-aussi-les-croyants-ont-leur-eglise-20-03-2025-PG6MJUGTWZFUZHDXTFZOV26HA4.php\" target=\"_self\" rel=\"noopener\">l\u2019aspect religieux<\/a>, nous parlons d\u2019esp\u00e9rance et de r\u00e9silience. Nous nous connaissons tous tr\u00e8s bien, il y a un grand respect interg\u00e9n\u00e9rationnel et une complicit\u00e9 naturelle. On rigole beaucoup ensemble, m\u00eame juste avant de monter sur sc\u00e8ne.<\/p>\n<p class=\"\">Notre message est simple : l\u2019amour, la paix et la joie. Nous voulons offrir une parenth\u00e8se aux gens, un moment o\u00f9 ils oublient leurs soucis et leurs factures. La base des Ch\u00e9rubins, c\u2019est le don de soi. On raisonne comme une famille. Si un membre ne va pas bien, on l\u2019aide, mais sur sc\u00e8ne, il faut s\u2019oublier pour transmettre de la joie aux autres.<\/p>\n<p class=\"\"><b>Dites-nous en plus sur les Ch\u00e9rubins, vous \u00e9tiez 40 choristes, mais s\u00fbrement beaucoup plus au sein de votre association ?<\/b><\/p>\n<p class=\"\">Au total, nous sommes environ 200, car nous regroupons trois chorales en une seule. Pour ce concours, nous avons d\u00fb faire des choix sur les plans sc\u00e9niques, artistiques et vocaux pour garantir un beau rendu. Cela demandait aussi beaucoup de sacrifices et de travail, il fallait donc des personnes disponibles.<\/p>\n<p class=\"\"><b>Depuis combien de temps les Ch\u00e9rubins existent ?<\/b><\/p>\n<p class=\"\">Cela fait 40 ans. C\u2019est d\u2019ailleurs pour cela qu\u2019on nous pr\u00e9sente r\u00e9guli\u00e8rement comme la premi\u00e8re chorale gospel de France. \u00c7a a commenc\u00e9 par un petit groupe et \u00e7a s\u2019est bien d\u00e9velopp\u00e9 depuis. Elle a \u00e9t\u00e9 fond\u00e9e par F\u00e9lix Simakala, un visionnaire et pionnier du gospel en France.<\/p>\n<p class=\"\">Historiquement, on nous appelait les Ch\u00e9rubins de Sarcelles. Ensuite, le nom a \u00e9volu\u00e9. Il y a un ancrage fort dans le Val-d\u2019Oise, mais les choristes viennent de toute l\u2019\u00cele-de-France, et m\u00eame de l\u2019Oise ou d\u2019autres r\u00e9gions. Aujourd\u2019hui, nos r\u00e9p\u00e9titions ont lieu \u00e0 <a href=\"https:\/\/www.leparisien.fr\/seine-saint-denis-93\/saint-denis-93200\/\" target=\"_self\" rel=\"noopener\">Saint-Denis<\/a> (Seine-Saint-Denis), mais le si\u00e8ge de l\u2019association est \u00e0 <a href=\"https:\/\/www.leparisien.fr\/val-d-oise-95\/garges-les-gonesse-95140\/\" target=\"_self\" rel=\"noopener\">Garges-l\u00e8s-Gonesse<\/a>.<\/p>\n<p class=\"\"><b>Racontez-nous les coulisses de ce voyage en Alsace, quelle a \u00e9t\u00e9 votre exp\u00e9rience ?<\/b><\/p>\n<p class=\"\">C\u2019\u00e9tait un peu comme une <a href=\"https:\/\/www.leparisien.fr\/hauts-de-seine-92\/je-nen-garde-que-dexcellents-souvenirs-a-nanterre-on-va-en-colonie-de-generation-en-generation-14-08-2025-I4RSRPSLJVFR3KZW4MZPKNZOGU.php\" target=\"_self\" rel=\"noopener\">colonie de vacances<\/a> ! Des membres venaient de Carcassonne, Vichy ou Bordeaux, donc les retrouvailles \u00e9taient joyeuses. Sur place, nous avons pass\u00e9 deux jours : un jour de r\u00e9p\u00e9titions intenses et un jour de tournage. Au d\u00e9but, l\u2019ambiance avec les autres chorales \u00e9tait un peu timide, mais apr\u00e8s le d\u00e9jeuner, tout le monde chantait ensemble. C\u2019\u00e9tait g\u00e9nial d\u2019\u00eatre r\u00e9unis par l\u2019amour de la musique.<\/p>\n<p class=\"\"><b>Qu\u2019est-ce qui a fait la diff\u00e9rence, selon vous ?<\/b><\/p>\n<p class=\"\">Je pense que c\u2019est notre sinc\u00e9rit\u00e9. Nous n\u2019avons pas cherch\u00e9 \u00e0 nous transformer ; nous sommes venus tels que nous sommes, avec notre coh\u00e9sion, notre \u00e9nergie et notre engagement collectif. Le gospel est une musique qui ne triche pas : quand on chante avec le c\u0153ur, cela se ressent imm\u00e9diatement. Nous sommes venus avec cette authenticit\u00e9 et je pense que le jury l\u2019a ressenti.<\/p>\n<p class=\"\"><b>Comment envisagez-vous la suite, quels sont vos projets ?<\/b><\/p>\n<p class=\"\">Nous pr\u00e9parons une grande tourn\u00e9e dans les Cara\u00efbes pour l\u2019ann\u00e9e prochaine, notamment en Guadeloupe et en <a href=\"https:\/\/www.leparisien.fr\/sports\/la-piste-cest-une-honte-comment-le-sport-francais-a-abandonne-son-joyau-des-antilles-23-12-2025-HCQH6TKZ3JE3FCN3KMRRCBF7T4.php\" target=\"_self\" rel=\"noopener\">Martinique<\/a>. Nous esp\u00e9rons que ce troph\u00e9e attirera des partenaires. Et surtout, nous n\u2019avons pas encore f\u00eat\u00e9 dignement nos 40 ans. Nous aimerions trouver une grande salle parisienne d\u00e9but 2027 pour marquer cet anniversaire. Cette victoire est une reconnaissance qui nous invite \u00e0 continuer de faire du chant un espace de rassemblement. Cela nous pousse \u00e0 \u00eatre encore plus exigeants, \u00e0 cr\u00e9er de nouveaux spectacles inspirants. Il n\u2019y a plus de limites pour les Ch\u00e9rubins !<\/p>\n","protected":false},"excerpt":{"rendered":"Leur gospel envo\u00fbtant a \u00e9bloui le jury et le public du Royal Palace de Kirrwiller en Alsace vendredi&hellip;\n","protected":false},"author":2,"featured_media":624787,"comment_status":"","ping_status":"","sticky":false,"template":"","format":"standard","meta":{"footnotes":""},"categories":[4],"tags":[11,872,1011,27,1944,12,626,25],"class_list":{"0":"post-624786","1":"post","2":"type-post","3":"status-publish","4":"format-standard","5":"has-post-thumbnail","7":"category-france","8":"tag-actualites","9":"tag-culture-et-loisirs","10":"tag-fr","11":"tag-france","12":"tag-ma-ville","13":"tag-news","14":"tag-paris","15":"tag-republique-francaise"},"share_on_mastodon":{"url":"https:\/\/pubeurope.com\/@fr\/115790311760378768","error":""},"_links":{"self":[{"href":"https:\/\/www.europesays.com\/fr\/wp-json\/wp\/v2\/posts\/624786","targetHints":{"allow":["GET"]}}],"collection":[{"href":"https:\/\/www.europesays.com\/fr\/wp-json\/wp\/v2\/posts"}],"about":[{"href":"https:\/\/www.europesays.com\/fr\/wp-json\/wp\/v2\/types\/post"}],"author":[{"embeddable":true,"href":"https:\/\/www.europesays.com\/fr\/wp-json\/wp\/v2\/users\/2"}],"replies":[{"embeddable":true,"href":"https:\/\/www.europesays.com\/fr\/wp-json\/wp\/v2\/comments?post=624786"}],"version-history":[{"count":0,"href":"https:\/\/www.europesays.com\/fr\/wp-json\/wp\/v2\/posts\/624786\/revisions"}],"wp:featuredmedia":[{"embeddable":true,"href":"https:\/\/www.europesays.com\/fr\/wp-json\/wp\/v2\/media\/624787"}],"wp:attachment":[{"href":"https:\/\/www.europesays.com\/fr\/wp-json\/wp\/v2\/media?parent=624786"}],"wp:term":[{"taxonomy":"category","embeddable":true,"href":"https:\/\/www.europesays.com\/fr\/wp-json\/wp\/v2\/categories?post=624786"},{"taxonomy":"post_tag","embeddable":true,"href":"https:\/\/www.europesays.com\/fr\/wp-json\/wp\/v2\/tags?post=624786"}],"curies":[{"name":"wp","href":"https:\/\/api.w.org\/{rel}","templated":true}]}}