{"id":624792,"date":"2025-12-27T07:25:11","date_gmt":"2025-12-27T07:25:11","guid":{"rendered":"https:\/\/www.europesays.com\/fr\/624792\/"},"modified":"2025-12-27T07:25:11","modified_gmt":"2025-12-27T07:25:11","slug":"van-rysel-roubaix-leffectif-2026-actualite","status":"publish","type":"post","link":"https:\/\/www.europesays.com\/fr\/624792\/","title":{"rendered":"Van Rysel-Roubaix : L&rsquo;effectif 2026 &#8211; Actualit\u00e9"},"content":{"rendered":"<p style=\"text-align: justify;\">Ils seront douze au sein de l&rsquo;\u00e9quipe Van Rysel-Roubaix en 2026. La Conti nordiste a effectu\u00e9 un gros renouvellement \u00e0 l&rsquo;intersaison puisque la moiti\u00e9 du groupe est compos\u00e9 de nouveaux \u00e9l\u00e9ments, parmi lesquels le laur\u00e9at du Challenge DirectVelo, <strong><a href=\"https:\/\/www.directvelo.com\/coureur\/33707\/louis-hardouin\" target=\"_blank\" rel=\"noopener\">Louis Hardouin<\/a><\/strong>.\u00a0<\/p>\n<p style=\"text-align: justify;\"><strong>L\u2019effectif 2026 de Van Rysel-Roubaix :<br \/><\/strong>Daniel Smajkic Arnes, 25 ans<br \/>K\u00e9vin Avoine, 28 ans<br \/>R\u00e9mi Capron, 25 ans<br \/>Louis Hardouin, 25 ans (Guidon Chalettois)<br \/>Joppe\u00a0Heremans, 22 ans (Volkerwessels Cycling Team)<br \/>L\u00e9andre Huck, 25 ans (VC Rouen 76)<br \/>Maxime Jarnet, 27 ans<br \/>Kenny Molly, 29 ans<br \/>Joes Oosterlinck, 22 ans (Volkerwessels Cycling Team)<br \/>Antoine Raugel, 26 ans (VC Villefranche Beaujolais)<br \/>Arnaud Tendon, 23 ans (Elite Fondations Cycling Team)<br \/>Killian Th\u00e9ot, 26 ans<\/p>\n<p>Les d\u00e9parts : Rait \u00c4rm\u00a0(Energus Cycling Team), C\u00e9lestin Guillon (Gravel), Maximilien Juillard (VC Villefranche Beaujolais), Emmanuel Morin (Team Adris-La Cr\u00eape de Broc\u00e9liande-BLC), Baptiste Planckaert (arr\u00eat) et Valentin Tabellion (AVC Aix Provence Dole).<\/p>\n","protected":false},"excerpt":{"rendered":"Ils seront douze au sein de l&rsquo;\u00e9quipe Van Rysel-Roubaix en 2026. La Conti nordiste a effectu\u00e9 un gros&hellip;\n","protected":false},"author":2,"featured_media":624793,"comment_status":"","ping_status":"","sticky":false,"template":"","format":"standard","meta":{"footnotes":""},"categories":[1411],"tags":[834,828,836,829,837,827,83,826,824,823,1154,207,814,817,815,816,822,821,832,211,839,1011,27,820,818,819,835,831,830,833,838,60,212,208,825],"class_list":{"0":"post-624792","1":"post","2":"type-post","3":"status-publish","4":"format-standard","5":"has-post-thumbnail","7":"category-cyclisme","8":"tag-attaque","9":"tag-belgique","10":"tag-braquet","11":"tag-bretagne","12":"tag-chute","13":"tag-competition","14":"tag-coupe-de-france","15":"tag-coureur","16":"tag-course-cyclisme","17":"tag-course-cycliste","18":"tag-cycling","19":"tag-cyclisme","20":"tag-direct","21":"tag-direct-velo","22":"tag-directvelo","23":"tag-directvelo-com","24":"tag-epreuve","25":"tag-epreuve-cycliste","26":"tag-federation-francaise-de-cyclisme","27":"tag-ffc","28":"tag-flandres","29":"tag-fr","30":"tag-france","31":"tag-live","32":"tag-live-course","33":"tag-live-epreuve","34":"tag-peloton","35":"tag-radio-peloton","36":"tag-radio-tour","37":"tag-ravitaillement","38":"tag-relance","39":"tag-sports","40":"tag-uci","41":"tag-velo","42":"tag-velos"},"share_on_mastodon":{"url":"https:\/\/pubeurope.com\/@fr\/115790343390257151","error":""},"_links":{"self":[{"href":"https:\/\/www.europesays.com\/fr\/wp-json\/wp\/v2\/posts\/624792","targetHints":{"allow":["GET"]}}],"collection":[{"href":"https:\/\/www.europesays.com\/fr\/wp-json\/wp\/v2\/posts"}],"about":[{"href":"https:\/\/www.europesays.com\/fr\/wp-json\/wp\/v2\/types\/post"}],"author":[{"embeddable":true,"href":"https:\/\/www.europesays.com\/fr\/wp-json\/wp\/v2\/users\/2"}],"replies":[{"embeddable":true,"href":"https:\/\/www.europesays.com\/fr\/wp-json\/wp\/v2\/comments?post=624792"}],"version-history":[{"count":0,"href":"https:\/\/www.europesays.com\/fr\/wp-json\/wp\/v2\/posts\/624792\/revisions"}],"wp:featuredmedia":[{"embeddable":true,"href":"https:\/\/www.europesays.com\/fr\/wp-json\/wp\/v2\/media\/624793"}],"wp:attachment":[{"href":"https:\/\/www.europesays.com\/fr\/wp-json\/wp\/v2\/media?parent=624792"}],"wp:term":[{"taxonomy":"category","embeddable":true,"href":"https:\/\/www.europesays.com\/fr\/wp-json\/wp\/v2\/categories?post=624792"},{"taxonomy":"post_tag","embeddable":true,"href":"https:\/\/www.europesays.com\/fr\/wp-json\/wp\/v2\/tags?post=624792"}],"curies":[{"name":"wp","href":"https:\/\/api.w.org\/{rel}","templated":true}]}}