{"id":624794,"date":"2025-12-27T07:26:12","date_gmt":"2025-12-27T07:26:12","guid":{"rendered":"https:\/\/www.europesays.com\/fr\/624794\/"},"modified":"2025-12-27T07:26:12","modified_gmt":"2025-12-27T07:26:12","slug":"transfert-a-20-me-liverpool-fait-rire-le-psg","status":"publish","type":"post","link":"https:\/\/www.europesays.com\/fr\/624794\/","title":{"rendered":"Transfert \u00e0 20 ME, Liverpool fait rire le PSG"},"content":{"rendered":"<p><b>Sans en faire une priorit\u00e9 pour l\u2019instant, le <a href=\"https:\/\/www.foot01.com\/paris\" title=\"PSG\" target=\"_blank\" rel=\"noopener\">PSG<\/a> suit avec attention l\u2019\u00e9volution du dossier Karim Adeyemi. Le club parisien appr\u00e9cie le profil de l\u2019attaquant allemand du Borussia Dortmund, qui suscite aussi l\u2019int\u00e9r\u00eat der Liverpool. <\/b>Peu actif lors du pr\u00e9c\u00e9dent mercato, le Paris Saint-Germain sera \u00e0 l\u2019aff\u00fbt des opportunit\u00e9s en ce mois de janvier. Luis Enrique et Luis Campos ne s\u2019interdisent rien, y compris de faire venir un ou plusieurs joueurs s\u2019ils estiment que le rapport qualit\u00e9\/prix est bon. <a href=\"https:\/\/www.foot01.com\/paris\/karim-adeyemi-au-psg-accord-trouve\" target=\"_self\" rel=\"noopener\">En attaque, le nom de Karim Adeyemi a \u00e9t\u00e9 associ\u00e9 au champion d\u2019Europe<\/a> en titre ces derni\u00e8res semaines. L\u2019attaquant de 23 ans \u00e9voluant au Borussia Dortmund a des courtisans chez les cadors europ\u00e9ens car outre le PSG, Liverpool est \u00e9galement int\u00e9ress\u00e9 par son transfert.<\/p>\n<p>Le site Fichajes le confirme, indiquant que les Reds sont pr\u00eats \u00e0 offrir\u2026 20 millions d\u2019euros pour recruter l\u2019ancien joueur du RB Salzbourg. Une proposition jug\u00e9e ridicule par la direction du Borussia Dortmund, qui r\u00e9clame plus du triple pour se s\u00e9parer de Karim Adeyemi, valoris\u00e9 au sein du club allemand \u00e0 pr\u00e8s de 75 millions d\u2019euros. Int\u00e9ress\u00e9 par le joueur, le Paris Saint-Germain n\u2019a pas l\u2019intention de mettre ce prix, mais certaines rumeurs faisaient \u00e9cho d\u2019une possible approche des Bleu et Rouge pour un possible transfert dont le prix serait compris entre 30 et 40 millions d\u2019euros.<\/p>\n<p>Liverpool trop radin pour Adeyemi\u00a0<\/p>\n<p>Avec une offre si basse, Liverpool n\u2019a clairement aucune chance de rafler la mise. \u00ab A Dortmund, la r\u00e9action principale est l\u2019incr\u00e9dulit\u00e9\u00a0\u00bb \u00e9crit m\u00eame le m\u00e9dia sp\u00e9cialis\u00e9, qui confirme que le BVB n\u2019a aucunement l\u2019intention d\u2019accepter une proposition jug\u00e9e ind\u00e9cente pour son attaquant. Cela n\u2019aurait aucun sens m\u00eame si le d\u00e9but de saison de l\u2019Allemand est d\u00e9cevant (4 buts, 1 passe d\u00e9cisive) et bien que sa situation contractuelle, avec une \u00e9ch\u00e9ance en juin 2027, ne soit pas id\u00e9ale pour n\u00e9gocier une vente au meilleur prix.<\/p>\n<p>Reste \u00e0 voir si Liverpool maintiendra tout de m\u00eame son int\u00e9r\u00eat pour Karim Adeyemi et si les Reds seront pr\u00eats \u00e0 revenir \u00e0 la charge dans les semaines ou les mois \u00e0 venir pour un possible transfert de l\u2019ailier droit. Si oui, il faudra sans doute revoir cette offre initiale \u00e0 la hausse. D\u2019autant plus si le PSG d\u00e9cide de creuser cette piste qui n\u2019est pour l\u2019instant pas avanc\u00e9e pour Luis Campos.<\/p>\n","protected":false},"excerpt":{"rendered":"Sans en faire une priorit\u00e9 pour l\u2019instant, le PSG suit avec attention l\u2019\u00e9volution du dossier Karim Adeyemi. Le&hellip;\n","protected":false},"author":2,"featured_media":624795,"comment_status":"","ping_status":"","sticky":false,"template":"","format":"standard","meta":{"footnotes":""},"categories":[1410],"tags":[63,1011,27,1434,70,93,60],"class_list":{"0":"post-624794","1":"post","2":"type-post","3":"status-publish","4":"format-standard","5":"has-post-thumbnail","7":"category-football","8":"tag-football","9":"tag-fr","10":"tag-france","11":"tag-mercato","12":"tag-premier-league","13":"tag-psg","14":"tag-sports"},"share_on_mastodon":{"url":"https:\/\/pubeurope.com\/@fr\/115790347354301037","error":""},"_links":{"self":[{"href":"https:\/\/www.europesays.com\/fr\/wp-json\/wp\/v2\/posts\/624794","targetHints":{"allow":["GET"]}}],"collection":[{"href":"https:\/\/www.europesays.com\/fr\/wp-json\/wp\/v2\/posts"}],"about":[{"href":"https:\/\/www.europesays.com\/fr\/wp-json\/wp\/v2\/types\/post"}],"author":[{"embeddable":true,"href":"https:\/\/www.europesays.com\/fr\/wp-json\/wp\/v2\/users\/2"}],"replies":[{"embeddable":true,"href":"https:\/\/www.europesays.com\/fr\/wp-json\/wp\/v2\/comments?post=624794"}],"version-history":[{"count":0,"href":"https:\/\/www.europesays.com\/fr\/wp-json\/wp\/v2\/posts\/624794\/revisions"}],"wp:featuredmedia":[{"embeddable":true,"href":"https:\/\/www.europesays.com\/fr\/wp-json\/wp\/v2\/media\/624795"}],"wp:attachment":[{"href":"https:\/\/www.europesays.com\/fr\/wp-json\/wp\/v2\/media?parent=624794"}],"wp:term":[{"taxonomy":"category","embeddable":true,"href":"https:\/\/www.europesays.com\/fr\/wp-json\/wp\/v2\/categories?post=624794"},{"taxonomy":"post_tag","embeddable":true,"href":"https:\/\/www.europesays.com\/fr\/wp-json\/wp\/v2\/tags?post=624794"}],"curies":[{"name":"wp","href":"https:\/\/api.w.org\/{rel}","templated":true}]}}