{"id":624796,"date":"2025-12-27T07:27:22","date_gmt":"2025-12-27T07:27:22","guid":{"rendered":"https:\/\/www.europesays.com\/fr\/624796\/"},"modified":"2025-12-27T07:27:22","modified_gmt":"2025-12-27T07:27:22","slug":"la-princesse-amelia-dorleans-bragance-a-accouche-de-son-troisieme-fils","status":"publish","type":"post","link":"https:\/\/www.europesays.com\/fr\/624796\/","title":{"rendered":"La princesse Am\u00e9lia d&rsquo;Orl\u00e9ans-Bragance a accouch\u00e9 de son troisi\u00e8me fils"},"content":{"rendered":"<p>La princesse Am\u00e9lia d\u2019Orl\u00e9ans-Bragance, descendante de l\u2019empereur Pierre II du Br\u00e9sil, a accouch\u00e9 de son troisi\u00e8me enfant. La princesse Amelia, fille du d\u00e9funt prince imp\u00e9rial et de la princesse Christine de Ligne, est la ni\u00e8ce de l\u2019actuel chef de la Maison imp\u00e9riale du Br\u00e9sil et la s\u0153ur du futur chef.<\/p>\n<p><strong>Lire aussi : <a href=\"https:\/\/histoiresroyales.fr\/bresiliens-pourraient-voter-2026-restaurer-la-monarchie\/\" target=\"_blank\" rel=\"noopener\">Les Br\u00e9siliens pourraient voter en 2026 pour restaurer la monarchie<\/a><\/strong><\/p>\n<p>La princesse Am\u00e9lia et James Spearman sont devenus parents d\u2019un troisi\u00e8me gar\u00e7on<\/p>\n<p>Le secr\u00e9tariat de la Maison imp\u00e9riale du Br\u00e9sil a annonc\u00e9, ce 26 d\u00e9cembre 2025, que la princesse Am\u00e9lia d\u2019Orl\u00e9ans-Bragance, 41 ans, avait accouch\u00e9 de son troisi\u00e8me enfant. La princesse Amelia est la ni\u00e8ce du prince Bertrand, chef de la branche Vassouras de la Maison imp\u00e9riale, et la fille du d\u00e9funt prince imp\u00e9rial. La princesse Am\u00e9lia a \u00e9pous\u00e9 en juillet 2014 de l\u2019aristocrate hispano-britannique James Spearman, descendant de Sir Alexander Young Spearman, 1er baronet Spearman.<\/p>\n<p><img fetchpriority=\"high\" decoding=\"async\" width=\"1300\" height=\"1950\" src=\"https:\/\/www.europesays.com\/fr\/wp-content\/uploads\/2025\/12\/rafael-christine-maria-gabriela-mariage-infanta-portugal.jpg\" alt=\"\" class=\"wp-image-114091 lazyload\" data-  \/>La princesse Am\u00e9lia d\u2019Orl\u00e9ans-Bragance (en bleu \u00e0 droite) au mariage de l\u2019infante Maria Francisca au Portugal en 2023, \u00e0 c\u00f4t\u00e9 de son fr\u00e8re, le prince Rafael, de sa m\u00e8re, la princesse Christine et de sa s\u0153ur, la princesse Maria Gabriela (Photo : Histoires Royales)<\/p>\n<p><strong>Lire aussi : <a href=\"https:\/\/histoiresroyales.fr\/royautes-celebrent-noces-de-perles-duc-duchesse-de-bragance\/\" target=\"_blank\" rel=\"noopener\">Les royaut\u00e9s c\u00e9l\u00e8brent les noces de perles du duc et de la duchesse de Bragance<\/a><\/strong><\/p>\n<p>L\u2019annonce a un peu tard\u00e9, l\u2019enfant, un gar\u00e7on pr\u00e9nomm\u00e9 Benedict, est n\u00e9 le 7 d\u00e9cembre 2025 \u00e0 Madrid. Benedict Antonio James Spearman est d\u00e9j\u00e0 le troisi\u00e8me gar\u00e7on du couple. La princesse Am\u00e9lia et James Spearman ont accueilli le premier fils, Alexander Spearman, n\u00e9 en ao\u00fbt 2016 \u00e0 Madrid. Le deuxi\u00e8me enfant, Nicholas Spearman, est lui aussi n\u00e9 \u00e0 Madrid en f\u00e9vrier 2018.<\/p>\n<p><img loading=\"lazy\" decoding=\"async\" width=\"943\" height=\"1400\" src=\"https:\/\/www.europesays.com\/fr\/wp-content\/uploads\/2025\/12\/princesse-amelia-orleans-bragance-james-spearman-fils-naissance-943x1400.jpg\" alt=\"\" class=\"wp-image-233258 lazyload\" data-  \/>La princesse Am\u00e9lia photographi\u00e9e en 2014 avec James Spearman lors de l\u2019annonce de leurs fian\u00e7ailles (Photo : DNphotography\/SIPA)<\/p>\n<p><strong>Lire aussi : <a href=\"https:\/\/histoiresroyales.fr\/famille-imperiale-du-bresil-orleans-bragance-mariage-infante-maria-francisca\/\" target=\"_blank\" rel=\"noopener\">La famille imp\u00e9riale du Br\u00e9sil de retour au Portugal pour assister au mariage de l\u2019infante Maria Francisca<\/a><\/strong><\/p>\n<p>La princesse Am\u00e9lia est une descendante de l\u2019empereur Pierre II du Br\u00e9sil. Son grand-p\u00e8re, le prince Pedro Henrique a eu douze enfants mais ils sont nombreux \u00e0 avoir renonc\u00e9 \u00e0 leurs droits dynastiques. La princesse Amelia est n\u00e9e en 1984, trois  ans apr\u00e8s que son oncle, le prince Luiz, est devenu le chef de famille. Le prince Luiz est d\u00e9c\u00e9d\u00e9 en 2022, et c\u2019est l\u2019un de ses fr\u00e8res, le prince Bertrand, qui est l\u2019actuel pr\u00e9tendant au tr\u00f4ne du Br\u00e9sil. L\u2019h\u00e9ritier du prince Bertrand \u00e9tait l\u2019un de ses fr\u00e8res, le prince Ant\u00f4nio, le p\u00e8re d\u2019Amelia. Le <a href=\"https:\/\/histoiresroyales.fr\/deces-du-prince-antonio-dorleans-bragance-prince-imperial-du-bresil\/\" target=\"_blank\" rel=\"noopener\">prince Ant\u00f4nio est d\u00e9c\u00e9d\u00e9<\/a> en novembre 2024 et son \u00e9pouse Christine continue \u00e0 assurer des fonctions au sein de la famille en tant que princesse imp\u00e9riale douairi\u00e8re. L\u2019actuel h\u00e9ritier d\u2019Ant\u00f4nio est son neveu le prince Rafael, le fr\u00e8re d\u2019Amelia. La princesse Amelia a renonc\u00e9 \u00e0 ses droits dynastiques en 2014, avant son mariage.<\/p>\n<p><img loading=\"lazy\" decoding=\"async\" width=\"1300\" height=\"2215\" src=\"https:\/\/www.europesays.com\/fr\/wp-content\/uploads\/2025\/12\/genealogie-orleans-bragance-ascendance.jpg\" alt=\"\" class=\"wp-image-233259 lazyload\" data-  \/>La princesse Am\u00e9lia est la fille du d\u00e9funt prince Ant\u00f4nio, prince imp\u00e9rial du Br\u00e9sil, et la ni\u00e8ce de l\u2019actuel chef de famille (Image : Histoires Royales)<\/p>\n<p><strong>Lire aussi : <a href=\"https:\/\/histoiresroyales.fr\/prince-louis-de-luxembourg-cousins-bresiliens-mariage-prince-ludwig-de-baviere\/\" target=\"_blank\" rel=\"noopener\">Le prince Louis de Luxembourg avec ses cousins br\u00e9siliens au mariage du prince Ludwig de Bavi\u00e8re<\/a><\/strong><\/p>\n<p>La princesse Am\u00e9lia est la fille du d\u00e9funt prince Ant\u00f4nio et de la princesse belge Christine de Ligne. La princesse Christine est la s\u0153ur de l\u2019actuel 14e prince de Ligne, chef de famille de l\u2019une des rares familles princi\u00e8res belges. Ant\u00f4nio et Christine ont eu quatre enfants, dont l\u2019a\u00een\u00e9 est d\u00e9c\u00e9d\u00e9 dans un accident d\u2019avion. La princesse Amelia est dor\u00e9navant l\u2019a\u00een\u00e9e de sa fratrie, compos\u00e9e du prince Rafael et de la princesse Maria Gabriela.<\/p>\n<p>\t\t\t\t<img loading=\"lazy\" alt=\"Avatar photo\" src=\"https:\/\/www.europesays.com\/fr\/wp-content\/uploads\/2025\/04\/1516945716303-164x164.jpeg\"  class=\"avatar avatar-164 photo lazyload\" height=\"164\" width=\"164\" decoding=\"async\"\/><br \/>\n\t\t<a href=\"https:\/\/histoiresroyales.fr\/author\/royaliste123\/\" target=\"_blank\" rel=\"noopener\">Nicolas Fontaine<\/a><br \/>\n\t\t\t\t\tR\u00e9dacteur en chef<\/p>\n<p>Nicolas Fontaine a \u00e9t\u00e9 concepteur-r\u00e9dacteur et auteur pour de nombreuses marques et m\u00e9dias belges et fran\u00e7ais. Sp\u00e9cialiste de l&rsquo;actualit\u00e9 des familles royales, Nicolas a fond\u00e9 le site Histoires royales dont il est le r\u00e9dacteur en chef.&#13;<br \/>\n&#13;<br \/>\nnicolas@histoiresroyales.fr<\/p>\n<p>\t\t\t\t\t\t\t<a href=\"https:\/\/twitter.com\/ActusRoyales\" class=\"boxed-icon fill twitter\" target=\"_blank\" rel=\"noopener\"><\/a><br \/>\n\t\t\t\t\t\t\t\t\t<a href=\"https:\/\/www.instagram.com\/histoiresroyales.fr\/\" class=\"boxed-icon fill instagram\" target=\"_blank\" rel=\"noopener\"><\/a><\/p>\n<p>\t\t\t\t\t\t\t\t\t\t\t\t\t<script async src=\"https:\/\/platform.twitter.com\/widgets.js\" charset=\"utf-8\"><\/script><script async src=\"\/\/www.instagram.com\/embed.js\"><\/script><\/p>\n","protected":false},"excerpt":{"rendered":"La princesse Am\u00e9lia d\u2019Orl\u00e9ans-Bragance, descendante de l\u2019empereur Pierre II du Br\u00e9sil, a accouch\u00e9 de son troisi\u00e8me enfant. La&hellip;\n","protected":false},"author":2,"featured_media":624797,"comment_status":"","ping_status":"","sticky":false,"template":"","format":"standard","meta":{"footnotes":""},"categories":[1359],"tags":[73428,58,847,59,1011,27,198,973],"class_list":{"0":"post-624796","1":"post","2":"type-post","3":"status-publish","4":"format-standard","5":"has-post-thumbnail","7":"category-people","8":"tag-amu00e9lia-dorlu00e9ans-bragance","9":"tag-divertissement","10":"tag-enfant","11":"tag-entertainment","12":"tag-fr","13":"tag-france","14":"tag-naissance","15":"tag-people"},"share_on_mastodon":{"url":"https:\/\/pubeurope.com\/@fr\/115790352184628014","error":""},"_links":{"self":[{"href":"https:\/\/www.europesays.com\/fr\/wp-json\/wp\/v2\/posts\/624796","targetHints":{"allow":["GET"]}}],"collection":[{"href":"https:\/\/www.europesays.com\/fr\/wp-json\/wp\/v2\/posts"}],"about":[{"href":"https:\/\/www.europesays.com\/fr\/wp-json\/wp\/v2\/types\/post"}],"author":[{"embeddable":true,"href":"https:\/\/www.europesays.com\/fr\/wp-json\/wp\/v2\/users\/2"}],"replies":[{"embeddable":true,"href":"https:\/\/www.europesays.com\/fr\/wp-json\/wp\/v2\/comments?post=624796"}],"version-history":[{"count":0,"href":"https:\/\/www.europesays.com\/fr\/wp-json\/wp\/v2\/posts\/624796\/revisions"}],"wp:featuredmedia":[{"embeddable":true,"href":"https:\/\/www.europesays.com\/fr\/wp-json\/wp\/v2\/media\/624797"}],"wp:attachment":[{"href":"https:\/\/www.europesays.com\/fr\/wp-json\/wp\/v2\/media?parent=624796"}],"wp:term":[{"taxonomy":"category","embeddable":true,"href":"https:\/\/www.europesays.com\/fr\/wp-json\/wp\/v2\/categories?post=624796"},{"taxonomy":"post_tag","embeddable":true,"href":"https:\/\/www.europesays.com\/fr\/wp-json\/wp\/v2\/tags?post=624796"}],"curies":[{"name":"wp","href":"https:\/\/api.w.org\/{rel}","templated":true}]}}