{"id":624802,"date":"2025-12-27T07:31:14","date_gmt":"2025-12-27T07:31:14","guid":{"rendered":"https:\/\/www.europesays.com\/fr\/624802\/"},"modified":"2025-12-27T07:31:14","modified_gmt":"2025-12-27T07:31:14","slug":"je-ny-suis-pas-arrive-vianney-partage-ses-regrets-sur-un-projet-qui-lui-tenait-a-coeur","status":"publish","type":"post","link":"https:\/\/www.europesays.com\/fr\/624802\/","title":{"rendered":"\u00ab\u00a0Je n&rsquo;y suis pas arriv\u00e9\u00a0\u00bb : Vianney partage ses regrets sur un projet qui lui tenait \u00e0 coeur"},"content":{"rendered":"<p>O\u00f9 en est la cabane en bois de Vianney ?<\/p>\n<p class=\"ap-StoryElement ap-StoryElement--mb ap-StoryText\">Ce jeudi 25 d\u00e9cembre, Vianney a publi\u00e9 une s\u00e9rie de photos de lui sur son chantier bois\u00e9. En l\u00e9gende, il a admis un petit \u00e9chec, sans toutefois s&rsquo;en formaliser : \u00ab\u00a0Je r\u00eavais d&rsquo;avoir fini ma cabane pour No\u00ebl. Et m\u00eame en y passant presque chacun de mes jours depuis 6 mois, du lever au coucher du soleil, je n&rsquo;y suis pas arriv\u00e9.\u00a0\u00bb<\/p>\n<p class=\"ap-StoryElement ap-StoryElement--mb ap-StoryText\">\u00ab\u00a0Peu importe ; je r\u00e9alise que le sens de tout cela r\u00e9side dans ces jours de labeur, plus que dans le r\u00e9sultat. Le froid et l&rsquo;humidit\u00e9 ne m&rsquo;ont pas vraiment aid\u00e9, mais je me suis am\u00e9lior\u00e9 chaque jour. Je coupe mieux, je creuse mieux, je calcule mieux. Et par-dessus tout, je retrouve enfin ce que j&rsquo;\u00e9tais venu chercher : mon \u00e9merveillement quotidien.\u00a0\u00bb<\/p>\n<p class=\"ap-StoryElement ap-StoryElement--mb ap-StoryText\">Vianney a termin\u00e9 sa publication en souhaitant de belles choses \u00e0 ses fans et ses amis. \u00ab\u00a0C&rsquo;est ce que je vous souhaite de vivre ou retrouver, et je vous remercie de m&rsquo;accompagner depuis 6 mois sur ce chemin escarp\u00e9.\u00a0\u00bb Dans les commentaires, plusieurs c\u00e9l\u00e9brit\u00e9s ont encourag\u00e9 le chanteur, \u00e0 l&rsquo;image de Matt Pokora qui se r\u00e9jouit d\u00e9j\u00e0 de passer des moments dans cette cabane.<\/p>\n","protected":false},"excerpt":{"rendered":"O\u00f9 en est la cabane en bois de Vianney ? Ce jeudi 25 d\u00e9cembre, Vianney a publi\u00e9 une&hellip;\n","protected":false},"author":2,"featured_media":624803,"comment_status":"","ping_status":"","sticky":false,"template":"","format":"standard","meta":{"footnotes":""},"categories":[1355],"tags":[12776,58,59,1011,27,1361,873,15830,8475],"class_list":{"0":"post-624802","1":"post","2":"type-post","3":"status-publish","4":"format-standard","5":"has-post-thumbnail","7":"category-musique","8":"tag-cabane","9":"tag-divertissement","10":"tag-entertainment","11":"tag-fr","12":"tag-france","13":"tag-music","14":"tag-musique","15":"tag-noel","16":"tag-vianney"},"share_on_mastodon":{"url":"https:\/\/pubeurope.com\/@fr\/115790366933515793","error":""},"_links":{"self":[{"href":"https:\/\/www.europesays.com\/fr\/wp-json\/wp\/v2\/posts\/624802","targetHints":{"allow":["GET"]}}],"collection":[{"href":"https:\/\/www.europesays.com\/fr\/wp-json\/wp\/v2\/posts"}],"about":[{"href":"https:\/\/www.europesays.com\/fr\/wp-json\/wp\/v2\/types\/post"}],"author":[{"embeddable":true,"href":"https:\/\/www.europesays.com\/fr\/wp-json\/wp\/v2\/users\/2"}],"replies":[{"embeddable":true,"href":"https:\/\/www.europesays.com\/fr\/wp-json\/wp\/v2\/comments?post=624802"}],"version-history":[{"count":0,"href":"https:\/\/www.europesays.com\/fr\/wp-json\/wp\/v2\/posts\/624802\/revisions"}],"wp:featuredmedia":[{"embeddable":true,"href":"https:\/\/www.europesays.com\/fr\/wp-json\/wp\/v2\/media\/624803"}],"wp:attachment":[{"href":"https:\/\/www.europesays.com\/fr\/wp-json\/wp\/v2\/media?parent=624802"}],"wp:term":[{"taxonomy":"category","embeddable":true,"href":"https:\/\/www.europesays.com\/fr\/wp-json\/wp\/v2\/categories?post=624802"},{"taxonomy":"post_tag","embeddable":true,"href":"https:\/\/www.europesays.com\/fr\/wp-json\/wp\/v2\/tags?post=624802"}],"curies":[{"name":"wp","href":"https:\/\/api.w.org\/{rel}","templated":true}]}}