{"id":624806,"date":"2025-12-27T07:34:16","date_gmt":"2025-12-27T07:34:16","guid":{"rendered":"https:\/\/www.europesays.com\/fr\/624806\/"},"modified":"2025-12-27T07:34:16","modified_gmt":"2025-12-27T07:34:16","slug":"ce-type-de-chauffage-courant-augmente-de-43-le-risque-chez-les-femmes-alerte-une-etude-scientifique","status":"publish","type":"post","link":"https:\/\/www.europesays.com\/fr\/624806\/","title":{"rendered":"ce type de chauffage courant augmente de 43 % le risque chez les femmes, alerte une \u00e9tude scientifique"},"content":{"rendered":"<p>Vous vous chauffez au bois chaque<br \/>\nhiver ? Voici pourquoi les chercheurs tirent la sonnette<br \/>\nd\u2019alarme<\/p>\n<p data-start=\"75\" data-end=\"582\">Alors que l\u00a0\u00bbhiver est bien<br \/>\ninstall\u00e9 et que les factures d\u2019\u00e9lectricit\u00e9 flambent, beaucoup de<br \/>\nfoyers fran\u00e7ais se tournent vers des <a href=\"https:\/\/www.modesettravaux.fr\/trucs-et-astuces\/fallait-le-savoir\/attention-faire-un-feu-de-cheminee-chez-soi-est-desormais-interdit-dans-ces-villes-de-france-155110.html\" target=\"_blank\" rel=\"noopener\"><br \/>\nsolutions de chauffage<\/a> dites \u00ab\u00a0naturelles\u00a0\u00bb, \u00e9conomiques et<br \/>\nlocales. Pourtant, ce retour en gr\u00e2ce du chauffage au bois pourrait<br \/>\nbien cacher une menace silencieuse, surtout pour les femmes. Une<br \/>\nvaste \u00e9tude am\u00e9ricaine r\u00e9v\u00e8le un lien pr\u00e9occupant entre<br \/>\n<strong>l\u2019usage domestique du bois comme combustible<\/strong>\u2026 et<br \/>\nle cancer du poumon. Voici pourquoi il est temps de repenser notre<br \/>\nfeu de chemin\u00e9e.<\/p>\n<p><strong data-start=\"593\" data-end=\"647\">Le chauffage au bois, fausse bonne id\u00e9e \u00e9colo<br \/>\n?<\/strong><\/p>\n<p data-start=\"649\" data-end=\"1059\">Utilis\u00e9 dans pr\u00e8s de 7 millions<br \/>\nde foyers en France, <a href=\"https:\/\/www.modesettravaux.fr\/deco\/jardinage-deco\/feu-de-cheminee-les-2-plantes-les-plus-efficaces-pour-absorber-le-monoxyde-de-carbone-115087.html\" target=\"_blank\" rel=\"noopener\"><br \/>\nle chauffage au bois<\/a> est souvent per\u00e7u comme un choix \u00e0 la fois<br \/>\n\u00e9conomique et \u00e9cologique. Et sur le papier, l\u2019argument semble<br \/>\nsolide : \u00e9nergie renouvelable, autonomie \u00e9nerg\u00e9tique, charme<br \/>\nrustique. Pourtant, les experts alertent depuis plusieurs ann\u00e9es<br \/>\nsur ses <strong data-start=\"962\" data-end=\"1004\">\u00e9missions massives<br \/>\nde particules fines<\/strong>, responsables de nombreux probl\u00e8mes de<br \/>\nsant\u00e9 publique.<\/p>\n<p data-start=\"1061\" data-end=\"1391\">Selon <strong data-start=\"1067\" data-end=\"1092\">Sant\u00e9 Publique France<\/strong>,<br \/>\n<strong data-start=\"1094\" data-end=\"1190\">le chauffage r\u00e9sidentiel<br \/>\nau bois est le premier \u00e9metteur de particules fines dans<br \/>\nl\u2019Hexagone<\/strong>, contribuant \u00e0 hauteur de 43 % aux \u00e9missions de<br \/>\nPM2,5, ces particules invisibles qui p\u00e9n\u00e8trent profond\u00e9ment<br \/>\n<a href=\"https:\/\/www.modesettravaux.fr\/beaute-bien-etre\/sante-beaute-bien-etre\/cancer-du-poumon-si-cette-forme-de-toux-revient-chaque-soir-consultez-sans-attendre-142689.html\" target=\"_blank\" rel=\"noopener\"><br \/>\ndans les poumons<\/a>. Chaque ann\u00e9e, <strong data-start=\"1331\" data-end=\"1347\">40 000 d\u00e9c\u00e8s<\/strong> en France sont attribu\u00e9s \u00e0<br \/>\ncette pollution.<\/p>\n<p data-start=\"1393\" data-end=\"1562\">Et les femmes seraient<br \/>\nparticuli\u00e8rement vuln\u00e9rables \u00e0 ces expositions domestiques, comme<br \/>\nle r\u00e9v\u00e8le une \u00e9tude publi\u00e9e dans la revue <strong data-start=\"1524\" data-end=\"1553\">Environment International<\/strong> en 2023.<\/p>\n<p><img loading=\"lazy\" decoding=\"async\" aria-describedby=\"caption-attachment-155117\" itemprop=\"thumbnailUrl\" class=\"wp-image-155117 img-responsive\" src=\"https:\/\/www.europesays.com\/fr\/wp-content\/uploads\/2025\/12\/shutterstock_1937835844-1-1024x683.jpg\" alt=\"\" width=\"699\" height=\"466\"\/> \u00a9<br \/>\nShutterstock<\/p>\n<p id=\"caption-attachment-155117\" class=\"wp-caption-text\">Selon une<br \/>\nvaste \u00e9tude am\u00e9ricaine, le chauffage au bois augmente de 43 % le<br \/>\nrisque de cancer du poumon chez les femmes.<\/p>\n<p><strong data-start=\"1573\" data-end=\"1634\">43 % de risque en plus : ce que dit r\u00e9ellement<br \/>\nl\u2019\u00e9tude<\/strong><\/p>\n<p data-start=\"1636\" data-end=\"1912\">L\u2019\u00e9tude, baptis\u00e9e<br \/>\nSister Study, a \u00e9t\u00e9<br \/>\nmen\u00e9e aupr\u00e8s de <strong data-start=\"1692\" data-end=\"1721\">50 000<br \/>\nfemmes am\u00e9ricaines<\/strong> dont les s\u0153urs avaient \u00e9t\u00e9<br \/>\ndiagnostiqu\u00e9es d\u2019un cancer. Les participantes ont \u00e9t\u00e9 interrog\u00e9es<br \/>\nsur leurs habitudes de chauffage : chemin\u00e9e, po\u00eale, fr\u00e9quence<br \/>\nd\u2019utilisation, <a href=\"https:\/\/www.modesettravaux.fr\/trucs-et-astuces\/fallait-le-savoir\/pellets-ce-danger-mortel-que-vous-courrez-en-les-stockant-chez-vous-151857.html\" target=\"_blank\" rel=\"noopener\"><br \/>\ntype de combustible<\/a>\u2026<\/p>\n<p data-start=\"1914\" data-end=\"1946\">Les r\u00e9sultats sont \u00e9difiants<br \/>\n:<\/p>\n<ul data-start=\"1947\" data-end=\"2188\">\n<li data-start=\"1947\" data-end=\"2077\">\n<p data-start=\"1949\" data-end=\"2077\">L\u2019utilisation r\u00e9guli\u00e8re du<br \/>\nchauffage au bois augmente de <strong data-start=\"2006\" data-end=\"2058\">43 % le risque de d\u00e9velopper un cancer du poumon<\/strong><br \/>\nchez les femmes.<\/p>\n<\/li>\n<li data-start=\"2078\" data-end=\"2188\">\n<p data-start=\"2080\" data-end=\"2188\">Pour celles qui utilisent un<br \/>\npo\u00eale ou une chemin\u00e9e <strong data-start=\"2131\" data-end=\"2158\">plus de 30 jours par an<\/strong>, ce risque grimpe \u00e0<br \/>\n<strong data-start=\"2179\" data-end=\"2187\">68 %<\/strong>.<\/p>\n<\/li>\n<\/ul>\n<p data-start=\"2190\" data-end=\"2381\">Les chercheurs pointent du<br \/>\ndoigt la combustion de biomasse, qui g\u00e9n\u00e8re <strong data-start=\"2261\" data-end=\"2291\">des polluants canc\u00e9rig\u00e8nes<\/strong> comme<br \/>\nles hydrocarbures aromatiques polycycliques, le benz\u00e8ne ou encore<br \/>\nle 1,3-butadi\u00e8ne.<\/p>\n<p data-start=\"2383\" data-end=\"2612\">Une autre surprise de l\u2019\u00e9tude<br \/>\n: m\u00eame une <strong data-start=\"2424\" data-end=\"2453\">utilisation<br \/>\noccasionnelle<\/strong>, quelques jours par an, expose d\u00e9j\u00e0 \u00e0 un<br \/>\nrisque accru. Car ces polluants ne disparaissent pas d\u00e8s que le feu<br \/>\ns\u2019\u00e9teint : ils s\u2019accumulent dans l\u2019air int\u00e9rieur.<\/p>\n<p><strong data-start=\"2623\" data-end=\"2676\">Pourquoi les femmes sont-elles plus expos\u00e9es<br \/>\n?<\/strong><\/p>\n<p data-start=\"2678\" data-end=\"2868\">C\u2019est l\u2019un des aspects les<br \/>\nplus frappants de cette \u00e9tude : <strong>les effets d\u00e9l\u00e9t\u00e8res du<br \/>\nchauffage au bois<\/strong> semblent toucher <strong data-start=\"2796\" data-end=\"2820\">davantage les femmes<\/strong> que les<br \/>\nhommes. En cause ? Plusieurs facteurs :<\/p>\n<ul data-start=\"2870\" data-end=\"3278\">\n<li data-start=\"2870\" data-end=\"2999\">\n<p data-start=\"2872\" data-end=\"2999\">Une <strong data-start=\"2876\" data-end=\"2916\">exposition domestique plus fr\u00e9quente<\/strong>,<br \/>\nnotamment dans les environnements o\u00f9 les femmes passent plus de<br \/>\ntemps \u00e0 domicile.<\/p>\n<\/li>\n<li data-start=\"3000\" data-end=\"3187\">\n<p data-start=\"3002\" data-end=\"3187\">Des <strong data-start=\"3006\" data-end=\"3033\">diff\u00e9rences biologiques<\/strong> : selon certaines<br \/>\n\u00e9tudes, les femmes pourraient \u00eatre plus sensibles aux effets<br \/>\n<a href=\"https:\/\/www.modesettravaux.fr\/beaute-bien-etre\/sante-beaute-bien-etre\/cancer-du-poumon-allez-voir-votre-docteur-ce-test-avec-les-pouces-revele-un-signe-visible-dans-35-des-cas-selon-les-medecins-146089.html\" target=\"_blank\" rel=\"noopener\"><br \/>\ndes particules fines<\/a> en raison de leurs voies respiratoires<br \/>\nplus \u00e9troites.<\/p>\n<\/li>\n<li data-start=\"3188\" data-end=\"3278\">\n<p data-start=\"3190\" data-end=\"3278\">Une <strong data-start=\"3194\" data-end=\"3224\">sous-estimation historique<\/strong> de leur<br \/>\nexposition dans les recherches scientifiques.<\/p>\n<\/li>\n<\/ul>\n<p data-start=\"3280\" data-end=\"3449\">Cette \u00e9tude s\u2019ajoute aux<br \/>\npr\u00e9occupations d\u00e9j\u00e0 soulev\u00e9es par l\u2019OMS, qui classe la<br \/>\n<strong data-start=\"3360\" data-end=\"3392\">pollution de l\u2019air<br \/>\nint\u00e9rieur<\/strong> parmi les dix principales causes de d\u00e9c\u00e8s dans<br \/>\nle monde.<\/p>\n<p><img loading=\"lazy\" decoding=\"async\" aria-describedby=\"caption-attachment-152256\" class=\"wp-image-152256 img-responsive\" src=\"https:\/\/www.europesays.com\/fr\/wp-content\/uploads\/2025\/12\/shutterstock_2429656963-1-1024x683.jpg\" alt=\"\" width=\"699\" height=\"466\"\/> \u00a9<br \/>\nShutterstock<\/p>\n<p id=\"caption-attachment-152256\" class=\"wp-caption-text\">Utiliser<br \/>\nun po\u00eale \u00e0 bois plus de 30 jours par an ferait grimper le risque de<br \/>\ncancer du poumon \u00e0 68 %.<\/p>\n<p><strong data-start=\"3460\" data-end=\"3529\">Se chauffer mieux sans se<br \/>\nmettre en danger : les bons r\u00e9flexes<\/strong><\/p>\n<p data-start=\"3531\" data-end=\"3699\">Si renoncer au feu de bois<br \/>\nsemble difficile pour beaucoup, il existe plusieurs gestes simples<br \/>\npour limiter les risques tout en conservant un certain confort<br \/>\nthermique :<\/p>\n<ul data-start=\"3701\" data-end=\"4222\">\n<li data-start=\"3701\" data-end=\"3788\">\n<p data-start=\"3703\" data-end=\"3788\"><strong data-start=\"3703\" data-end=\"3726\">A\u00e9rer r\u00e9guli\u00e8rement<\/strong> son logement, m\u00eame en<br \/>\nhiver (10 minutes, deux fois par jour).<\/p>\n<\/li>\n<li data-start=\"3789\" data-end=\"3917\">\n<p data-start=\"3791\" data-end=\"3917\"><strong data-start=\"3791\" data-end=\"3830\">Entretenir son po\u00eale ou sa chemin\u00e9e<\/strong> : un<br \/>\nramonage obligatoire deux fois par an permet de limiter les<br \/>\n\u00e9missions polluantes.<\/p>\n<\/li>\n<li data-start=\"3918\" data-end=\"4004\">\n<p data-start=\"3920\" data-end=\"4004\"><strong data-start=\"3920\" data-end=\"3955\">Choisir un \u00e9quipement labellis\u00e9<\/strong> Flamme<br \/>\nVerte, plus performant et moins \u00e9metteur.<\/p>\n<\/li>\n<li data-start=\"4005\" data-end=\"4114\">\n<p data-start=\"4007\" data-end=\"4114\"><strong data-start=\"4007\" data-end=\"4048\">Privil\u00e9gier un combustible de qualit\u00e9<\/strong> :<br \/>\nbois sec, non trait\u00e9, avec un taux d\u2019humidit\u00e9 inf\u00e9rieur \u00e0 20 %.<\/p>\n<\/li>\n<li data-start=\"4115\" data-end=\"4222\">\n<p data-start=\"4117\" data-end=\"4222\"><strong data-start=\"4117\" data-end=\"4155\">Limiter la fr\u00e9quence d\u2019utilisation<\/strong> du<br \/>\nchauffage au bois en l\u2019associant \u00e0 d\u2019autres sources de chaleur.<\/p>\n<\/li>\n<\/ul>\n<p data-start=\"4224\" data-end=\"4470\">Enfin, si vous h\u00e9sitez \u00e0<br \/>\nchanger de syst\u00e8me de chauffage, sachez que <strong data-start=\"4293\" data-end=\"4335\">l\u2019Agence nationale de l\u2019habitat<br \/>\n(Anah)<\/strong> propose des aides pour remplacer les \u00e9quipements<br \/>\npolluants par des solutions plus propres (pompes \u00e0 chaleur, po\u00eales<br \/>\n\u00e0 granul\u00e9s, etc.).<\/p>\n<p data-start=\"4477\" data-end=\"4873\" data-is-last-node=\"\" data-is-only-node=\"\"><strong>\u00c0 lire aussi :<\/strong><\/p>\n<p data-start=\"4477\" data-end=\"4873\" data-is-last-node=\"\" data-is-only-node=\"\"><a href=\"https:\/\/www.modesettravaux.fr\/beaute-bien-etre\/sante-beaute-bien-etre\/de-plus-en-plus-de-femmes-touchees-ce-cancer-tue-aujourdhui-plus-que-celui-du-sein-159058.html\" target=\"_blank\" rel=\"noopener\"><br \/>\nDe plus en plus de femmes touch\u00e9es : ce cancer tue aujourd\u2019hui plus<br \/>\nque celui du sein<\/a><\/p>\n<p data-start=\"4477\" data-end=\"4873\" data-is-last-node=\"\" data-is-only-node=\"\"><a href=\"https:\/\/www.modesettravaux.fr\/trucs-et-astuces\/fallait-le-savoir\/chauffage-le-rallumer-a-cette-heure-precise-reduit-clairement-votre-facture-selon-les-experts-156579.html\" target=\"_blank\" rel=\"noopener\"><br \/>\nChauffage : le rallumer \u00e0 cette heure pr\u00e9cise r\u00e9duit clairement<br \/>\nvotre facture selon les experts<\/a><\/p>\n<p data-start=\"4477\" data-end=\"4873\" data-is-last-node=\"\" data-is-only-node=\"\"><a href=\"https:\/\/www.modesettravaux.fr\/trucs-et-astuces\/fallait-le-savoir\/bois-de-chauffage-voici-lessence-darbre-qui-chauffe-le-mieux-et-le-plus-longtemps-156254.html\" target=\"_blank\" rel=\"noopener\"><br \/>\nBois de chauffage : voici l&rsquo;essence d&rsquo;arbre qui chauffe le mieux et<br \/>\nle plus longtemps<\/a><\/p>\n<p data-start=\"4477\" data-end=\"4873\" data-is-last-node=\"\" data-is-only-node=\"\"><a href=\"https:\/\/www.modesettravaux.fr\/trucs-et-astuces\/fallait-le-savoir\/cheque-energie-2025-votre-aide-de-277-euros-arrive-bientot-voici-a-quelle-date-selon-votre-departement-155635.html\" target=\"_blank\" rel=\"noopener\"><br \/>\nCh\u00e8que \u00e9nergie 2025, votre aide de 277 euros arrive bient\u00f4t : voici<br \/>\n\u00e0 quelle date selon votre d\u00e9partement<\/a><\/p>\n<p data-start=\"4477\" data-end=\"4873\" data-is-last-node=\"\" data-is-only-node=\"\"><a href=\"https:\/\/www.modesettravaux.fr\/beaute-bien-etre\/sante-beaute-bien-etre\/voici-les-3-cancers-les-plus-frequents-apres-60-ans-selon-linstitut-national-du-cancer-155558.html\" target=\"_blank\" rel=\"noopener\"><br \/>\nVoici les 3 cancers les plus fr\u00e9quents apr\u00e8s 60 ans selon<br \/>\nl&rsquo;Institut national du cancer<\/a><\/p>\n<p data-start=\"4477\" data-end=\"4873\" data-is-last-node=\"\" data-is-only-node=\"\"><a href=\"https:\/\/www.modesettravaux.fr\/beaute-bien-etre\/sante-beaute-bien-etre\/cancer-de-la-gorge-ces-7-signes-discrets-passent-souvent-inapercus-chez-la-femme-155390.html\" target=\"_blank\" rel=\"noopener\"><br \/>\nCancer de la gorge : ces 7 signes discrets passent souvent<br \/>\ninaper\u00e7us chez la femme<\/a><\/p>\n","protected":false},"excerpt":{"rendered":"Vous vous chauffez au bois chaque hiver ? Voici pourquoi les chercheurs tirent la sonnette d\u2019alarme Alors que&hellip;\n","protected":false},"author":2,"featured_media":624807,"comment_status":"","ping_status":"","sticky":false,"template":"","format":"standard","meta":{"footnotes":""},"categories":[10],"tags":[930,15749,898,19258,101,17488,27378,3530,22298,1805,3029,7078,4651,1011,27,72,151,21799,4510,71,19604,36319,96],"class_list":{"0":"post-624806","1":"post","2":"type-post","3":"status-publish","4":"format-standard","5":"has-post-thumbnail","7":"category-sante","8":"tag-le","9":"tag-15749","10":"tag-alerte","11":"tag-augmente","12":"tag-cancer","13":"tag-ce","14":"tag-chauffage","15":"tag-chez","16":"tag-courant","17":"tag-de","18":"tag-du","19":"tag-etude","20":"tag-femmes","21":"tag-fr","22":"tag-france","23":"tag-health","24":"tag-les","25":"tag-poumon","26":"tag-risque","27":"tag-sante","28":"tag-scientifique","29":"tag-type","30":"tag-une"},"share_on_mastodon":{"url":"https:\/\/pubeurope.com\/@fr\/115790379894293994","error":""},"_links":{"self":[{"href":"https:\/\/www.europesays.com\/fr\/wp-json\/wp\/v2\/posts\/624806","targetHints":{"allow":["GET"]}}],"collection":[{"href":"https:\/\/www.europesays.com\/fr\/wp-json\/wp\/v2\/posts"}],"about":[{"href":"https:\/\/www.europesays.com\/fr\/wp-json\/wp\/v2\/types\/post"}],"author":[{"embeddable":true,"href":"https:\/\/www.europesays.com\/fr\/wp-json\/wp\/v2\/users\/2"}],"replies":[{"embeddable":true,"href":"https:\/\/www.europesays.com\/fr\/wp-json\/wp\/v2\/comments?post=624806"}],"version-history":[{"count":0,"href":"https:\/\/www.europesays.com\/fr\/wp-json\/wp\/v2\/posts\/624806\/revisions"}],"wp:featuredmedia":[{"embeddable":true,"href":"https:\/\/www.europesays.com\/fr\/wp-json\/wp\/v2\/media\/624807"}],"wp:attachment":[{"href":"https:\/\/www.europesays.com\/fr\/wp-json\/wp\/v2\/media?parent=624806"}],"wp:term":[{"taxonomy":"category","embeddable":true,"href":"https:\/\/www.europesays.com\/fr\/wp-json\/wp\/v2\/categories?post=624806"},{"taxonomy":"post_tag","embeddable":true,"href":"https:\/\/www.europesays.com\/fr\/wp-json\/wp\/v2\/tags?post=624806"}],"curies":[{"name":"wp","href":"https:\/\/api.w.org\/{rel}","templated":true}]}}