{"id":624823,"date":"2025-12-27T07:45:13","date_gmt":"2025-12-27T07:45:13","guid":{"rendered":"https:\/\/www.europesays.com\/fr\/624823\/"},"modified":"2025-12-27T07:45:13","modified_gmt":"2025-12-27T07:45:13","slug":"voici-ou-jeter-votre-sapin-de-noel-pour-lui-offrir-une-seconde-vie","status":"publish","type":"post","link":"https:\/\/www.europesays.com\/fr\/624823\/","title":{"rendered":"voici o\u00f9 jeter votre sapin de No\u00ebl pour lui offrir une seconde vie"},"content":{"rendered":"<p>                    Par<br \/>\n        <strong><br \/>\n            <a href=\"https:\/\/actu.fr\/auteur\/pierre-emile-bouchy-actu-fr\" title=\"Consulter tous les articles de Paul-Emile Bouchy\" target=\"_blank\" rel=\"noopener\">Paul-Emile Bouchy<\/a><br \/>\n                    <\/strong><\/p>\n<p>        Publi\u00e9 le<\/p>\n<p>            27 d\u00e9c. 2025 \u00e0 8h02        <\/p>\n<p>C\u2019est difficile \u00e0 entendre et pourtant\u2009: <a href=\"https:\/\/actu.fr\/tag\/noel\" target=\"_blank\" rel=\"noopener\">No\u00ebl<\/a> est bien termin\u00e9 depuis quelques jours. Il faut donc penser \u00e0 <strong>enlever les boules, les guirlandes et \u00e0 retirer le sapin du salon<\/strong>.<\/p>\n<p class=\" wall-content\">Pour lui offrir une seconde vie, la Ville de <a href=\"https:\/\/actu.fr\/grand-est\/nancy_54395\" target=\"_blank\" rel=\"noopener\">Nancy<\/a> met en place <strong>des points de collecte accessibles du lundi 29\u00a0d\u00e9cembre 2025 au jeudi 29\u00a0janvier 2026<\/strong>.<\/p>\n<p>Neuf lieux pour jeter son sapin de No\u00ebl<\/p>\n<p class=\" wall-content\">Pendant un mois, les habitants peuvent <strong>jeter leur sapin de No\u00ebl (sans sac, ni d\u00e9coration) dans les neuf lieux suivants<\/strong>\u2009:<\/p>\n<ul class=\" wall-content\">\n<li>Cours L\u00e9opold, align\u00e9 avec la rue Baron Louis<\/li>\n<li>Place Carnot, au pied de l\u2019Ob\u00e9lisque<\/li>\n<li>Deux sites au Port de Plaisance de Nancy, Saint Georges et Sainte Catherine<\/li>\n<li>Place Maurice Ravel, en face de la MJC Beauregard<\/li>\n<li>Square de la Place Croix de Bourgogne<\/li>\n<li>Parc Sainte Marie, c\u00f4t\u00e9 avenue Boffrand<\/li>\n<li>Rue Henri D\u00e9glin, \u00e0 l\u2019entr\u00e9e du jardin de la Citadelle<\/li>\n<li>Place des Ducs de Bar, dans le parc du c\u00f4t\u00e9 de la rue Lavigerie<\/li>\n<\/ul>\n<p>Possibilit\u00e9 de jeter son sapin dans les d\u00e9chetteries du Grand Nancy<\/p>\n<p class=\" wall-content\">Il est aussi possible de d\u00e9poser son sapin dans une des d\u00e9chetteries de la m\u00e9tropole du Grand Nancy\u2009:<\/p>\n<ul class=\" wall-content\">\n<li>Art-sur-Meurthe<\/li>\n<li>Essey-l\u00e8s-Nancy<\/li>\n<li>Heillecourt<\/li>\n<li>Laneuveville-devant-Nancy<\/li>\n<li>Ludres<\/li>\n<li>Malz\u00e9ville<\/li>\n<li>Max\u00e9ville<\/li>\n<li>Nancy<\/li>\n<li>Vand\u0153uvre-l\u00e8s-Nancy<\/li>\n<\/ul>\n<p class=\" wall-content\">Que ce soit dans les points de collecte et les d\u00e9chetteries, ces sapins seront pris en charge par des \u00e9quipes des chantiers d\u2019insertion de la Ville de Nancy pour \u00eatre <strong>broy\u00e9s et transform\u00e9s en paillage destin\u00e9 aux parcs et jardins municipaux<\/strong>.<\/p>\n<p class=\" wall-content\">Personnalisez votre actualit\u00e9 en ajoutant vos villes et m\u00e9dias en favori avec <a href=\"https:\/\/moncompte.actu.fr\" title=\"D\u00e9couvez Mon Actu\" rel=\"nofollow noopener\" data-trk=\"{&quot;cta&quot;:{&quot;action&quot;:&quot;https:\\\/\\\/moncompte.actu.fr&quot;,&quot;category&quot;:&quot;mon compte&quot;,&quot;from&quot;:&quot;article footer&quot;,&quot;name&quot;:&quot;Mon actu&quot;,&quot;type&quot;:&quot;cta&quot;}}\" target=\"_blank\">Mon Actu<\/a>.<\/p>\n","protected":false},"excerpt":{"rendered":"Par Paul-Emile Bouchy Publi\u00e9 le 27 d\u00e9c. 2025 \u00e0 8h02 C\u2019est difficile \u00e0 entendre et pourtant\u2009: No\u00ebl est&hellip;\n","protected":false},"author":2,"featured_media":624824,"comment_status":"","ping_status":"","sticky":false,"template":"","format":"standard","meta":{"footnotes":""},"categories":[9635],"tags":[1111,11,1777,674,1011,27,775,1702,12,15830,25,104],"class_list":{"0":"post-624823","1":"post","2":"type-post","3":"status-publish","4":"format-standard","5":"has-post-thumbnail","7":"category-nancy","8":"tag-actu","9":"tag-actualites","10":"tag-eu","11":"tag-europe","12":"tag-fr","13":"tag-france","14":"tag-grand-est","15":"tag-nancy","16":"tag-news","17":"tag-noel","18":"tag-republique-francaise","19":"tag-societe"},"share_on_mastodon":{"url":"https:\/\/pubeurope.com\/@fr\/115790421960252580","error":""},"_links":{"self":[{"href":"https:\/\/www.europesays.com\/fr\/wp-json\/wp\/v2\/posts\/624823","targetHints":{"allow":["GET"]}}],"collection":[{"href":"https:\/\/www.europesays.com\/fr\/wp-json\/wp\/v2\/posts"}],"about":[{"href":"https:\/\/www.europesays.com\/fr\/wp-json\/wp\/v2\/types\/post"}],"author":[{"embeddable":true,"href":"https:\/\/www.europesays.com\/fr\/wp-json\/wp\/v2\/users\/2"}],"replies":[{"embeddable":true,"href":"https:\/\/www.europesays.com\/fr\/wp-json\/wp\/v2\/comments?post=624823"}],"version-history":[{"count":0,"href":"https:\/\/www.europesays.com\/fr\/wp-json\/wp\/v2\/posts\/624823\/revisions"}],"wp:featuredmedia":[{"embeddable":true,"href":"https:\/\/www.europesays.com\/fr\/wp-json\/wp\/v2\/media\/624824"}],"wp:attachment":[{"href":"https:\/\/www.europesays.com\/fr\/wp-json\/wp\/v2\/media?parent=624823"}],"wp:term":[{"taxonomy":"category","embeddable":true,"href":"https:\/\/www.europesays.com\/fr\/wp-json\/wp\/v2\/categories?post=624823"},{"taxonomy":"post_tag","embeddable":true,"href":"https:\/\/www.europesays.com\/fr\/wp-json\/wp\/v2\/tags?post=624823"}],"curies":[{"name":"wp","href":"https:\/\/api.w.org\/{rel}","templated":true}]}}