{"id":624833,"date":"2025-12-27T07:50:13","date_gmt":"2025-12-27T07:50:13","guid":{"rendered":"https:\/\/www.europesays.com\/fr\/624833\/"},"modified":"2025-12-27T07:50:13","modified_gmt":"2025-12-27T07:50:13","slug":"sortir-a-montpellier-bal-des-lampions-feu-dartifice-game-of-drones-des-idees-pour-ce-dimanche-28-decembre","status":"publish","type":"post","link":"https:\/\/www.europesays.com\/fr\/624833\/","title":{"rendered":"Sortir \u00e0 Montpellier\u00a0: Bal des lampions, feu d\u2019artifice, Game of Drones\u2026 des id\u00e9es pour ce dimanche 28\u00a0d\u00e9cembre"},"content":{"rendered":"<p>\n                                                                March\u00e9 du couchant, avant-premi\u00e8re au cin\u00e9ma Diagonal, Bal des lampions \u00e0 Palavas, Myst\u00e8re au mus\u00e9e\u00a0au th\u00e9\u00e2tre le Point Com\u00e9die, feu d\u2019artifice de la Saint-Innocent \u00e0 Aniane, Hamlet\u00a0au th\u00e9\u00e2tre Carr\u00e9 Rondelet ou\u00a0spectacle de drones dans le ciel de La Grande-Motte.\n                            <\/p>\n<p>D\u00e9couvrez notre s\u00e9lection de sorties pour ce dimanche 28\u00a0d\u00e9cembre du c\u00f4t\u00e9 de <a href=\"https:\/\/www.midilibre.fr\/herault\/montpellier\/\" target=\"_blank\" rel=\"noopener\">Montpellier<\/a> et faites le plein d\u2019id\u00e9es avec notre <a href=\"https:\/\/www.midilibre.fr\/agenda\/?path=&amp;q=&amp;where=herault%3Amontpellier&amp;insee=34172&amp;from=2025-12-28&amp;to=2025-12-28&amp;agendapg=10\" target=\"_blank\" rel=\"noopener\">agenda en ligne<\/a>.<\/p>\n<p>March\u00e9 de No\u00ebl du Couchant<\/p>\n<p><strong>March\u00e9 traditionnel.\u00a0<\/strong>Chalets avec cr\u00eapes et gaufres, bars \u00e0 hu\u00eetres, vin chaud et tartiflettes, artisans\u2026<\/p>\n<p>&gt;\u00a0De <strong>11\u00a0h \u00e0 19\u00a0heures<\/strong> jusqu\u2019au dimanche 4\u00a0janvier, sur l\u2019esplanade des boutiques du couchant \u00e0 <a href=\"https:\/\/www.midilibre.fr\/herault\/la-grande-motte\/\" target=\"_blank\" rel=\"noopener\">La Grande-Motte<\/a>.<\/p>\n<p>Avant-premi\u00e8re\u00a0: \u00ab\u00a0Father Mother Sister Brother\u00a0\u00bb<\/p>\n<p><strong>Cin\u00e9ma. <\/strong>Com\u00e9die, drame (1h51) de Jim Jarmusch, avec Tom Waits, Adam Driver, Mayim Bialik. Father Mother Sister Brother est un long-m\u00e9trage de fiction en forme de triptyque. Trois histoires qui parlent des relations entre des enfants adultes et leur(s) parent(s) quelque peu distant(s), et aussi des relations entre eux.<\/p>\n<p>&gt;\u00a0Ce\u00a0dimanche 28\u00a0d\u00e9cembre \u00e0 <strong>16\u00a0heures<\/strong>, au <a href=\"https:\/\/www.cinediagonal.com\/\" target=\"_blank\" rel=\"noopener\">cin\u00e9ma Diagonal<\/a>, 5 rue de Verdun \u00e0 Montpellier. Tarif normal 8\u00a0\u20ac, \u00e9tudiant 6\u00a0\u20ac. Contact au\u00a004\u00a067\u00a058\u00a058\u00a010.<\/p>\n<p>Le Bal des lampions<\/p>\n<p><strong>D\u00e9ambulation<\/strong>.\u00a0Suivez une loupiotte, \u00e0 la nuit tomb\u00e9e, d\u00e9couvrez les visages \u00e9clair\u00e9s par les lueurs des lampions voyageurs.\u00a0Ils diffusent leur douce chaleur et vous invitent au bal des lanternes.<\/p>\n<p>&gt;\u00a0Ce dimanche 28\u00a0d\u00e9cembre, \u00e0 <strong>17\u00a0heures<\/strong>, d\u00e9part du Village de No\u00ebl, boulevard Mar\u00e9chal-Joffre, vers le centre-ville rive gauche, \u00e0 <a href=\"https:\/\/www.midilibre.fr\/herault\/palavas-les-flots\/\" target=\"_blank\" rel=\"noopener\">Palavas-les-Flots<\/a>. Gratuit.<\/p>\n<p>Myst\u00e8re au mus\u00e9e<\/p>\n<p><strong>Spectacle.\u00a0<\/strong>2025, pour la premi\u00e8re fois le tr\u00e9sor de la Jeanne-Elisabeth, navire su\u00e9dois venu s\u2019\u00e9chouer au large de Palavas-les-Flots en 1755, va \u00eatre expos\u00e9 au grand public au c\u00e9l\u00e8bre Merveilleux Mus\u00e9e Maritime. Enfin\u2026 C\u2019est ce qui \u00e9tait pr\u00e9vu\u00a0! Mais coup de th\u00e9\u00e2tre\u00a0: le tr\u00e9sor a disparu\u00a0! En famille, venez r\u00e9soudre des \u00e9nigmes, relever des d\u00e9fis marins et d\u00e9jouer les fausses pistes.\u00a0\u00c0 partir de 9 ans.<\/p>\n<p>&gt;\u00a0Ce dimanche 28\u00a0d\u00e9cembre \u00e0 <strong>17\u00a0h\u00a030<\/strong> au <a href=\"https:\/\/www.lepointcomedie.fr\/\" target=\"_blank\" rel=\"noopener\">th\u00e9\u00e2tre le Point Com\u00e9die<\/a>, 9 rue Sainte-Ursule \u00e0 <a href=\"https:\/\/www.midilibre.fr\/herault\/montpellier\/\" target=\"_blank\" rel=\"noopener\">Montpellier<\/a>. Tarif adulte 18\u00a0\u20ac, enfant de moins de 18 ans 14\u00a0\u20ac. Contact au\u00a006\u00a004\u00a014\u00a076\u00a008.<\/p>\n<p>Feu d\u2019artifice de la Saint-Innocent<\/p>\n<p><strong><a href=\"https:\/\/www.ville-aniane.com\/agenda\/les-feeries-de-noel\/\" target=\"_blank\" rel=\"noopener\">F\u00e9\u00e9ries d\u2019Aniane<\/a>. <\/strong>Laissez-vous \u00e9merveiller par la plus grande cr\u00e8che nature de France et d\u00e9couvrez la toute nouvelle For\u00eat Magique du P\u00e8re No\u00ebl, un univers f\u00e9erique o\u00f9 petits et grands retrouveront la magie de l\u2019enfance.<\/p>\n<p>&gt;\u00a0Ce dimanche 28\u00a0d\u00e9cembre, feu d\u2019artifice \u00e0<strong> 18\u00a0heures<\/strong> au\u00a0complexe sportif \u00e0 <a href=\"https:\/\/www.midilibre.fr\/herault\/aniane\/\" target=\"_blank\" rel=\"noopener\">Aniane<\/a>. Gratuit.<\/p>\n<p>Hamlet<\/p>\n<p>\u00a0<\/p>\n<p><strong>Th\u00e9\u00e2tre.<\/strong> Un Hamlet comme vous ne l\u2019avez jamais vu\u00a0: resserr\u00e9, incisif, port\u00e9 par quatre com\u00e9diens et une nouvelle traduction en alexandrins fran\u00e7ais. Dans un Moyen \u00c2ge sombre et fantastique, les poup\u00e9es gothiques de Marie Brulfert c\u00f4toient les vivants, tandis que la musique originale de Shams Bouteille accompagne la folie et les dilemmes du prince danois.<\/p>\n<p>&gt;\u00a0Samedi\u00a027\u00a0\u00e0 21\u00a0heures et\u00a0dimanche 28\u00a0d\u00e9cembre \u00e0 <strong>18\u00a0heures<\/strong> au <a href=\"https:\/\/carrerondelet.fr\/\" target=\"_blank\" rel=\"noopener\">th\u00e9\u00e2tre Carr\u00e9 Rondelet<\/a>, 14 rue de Belfort \u00e0 <a href=\"https:\/\/www.midilibre.fr\/herault\/montpellier\/\" target=\"_blank\" rel=\"noopener\">Montpellier<\/a>. Tarif unique 16,45\u00a0\u20ac. Contact au\u00a006\u00a067\u00a097\u00a067\u00a032.<\/p>\n<p>Le Petit Prince\u00a0: Un Voyage C\u00e9leste<\/p>\n<p><strong>Spectacle de drones.<\/strong>\u00a0Plongez dans l\u2019aventure du Petit Prince, o\u00f9 1000 lumi\u00e8res se rencontrent dans un ballet magique, o\u00f9 les \u00e9toiles dansent et les plan\u00e8tes prennent vie.\u00a0Ce spectacle de 20 minutes respecte fid\u00e8lement l\u2019\u0153uvre originale, gr\u00e2ce \u00e0 un travail de transposition. Il est compl\u00e9t\u00e9 par une bande sonore sign\u00e9e Michael Ricar.<\/p>\n<p>&gt;\u00a0Ce dimanche 28\u00a0d\u00e9cembre \u00e0 <strong>20\u00a0heures <\/strong>sur le front de mer \u00e0 <a href=\"https:\/\/www.midilibre.fr\/herault\/la-grande-motte\/\" target=\"_blank\" rel=\"noopener\">La Grande-Motte<\/a>. Gratuit.<\/p>\n","protected":false},"excerpt":{"rendered":"March\u00e9 du couchant, avant-premi\u00e8re au cin\u00e9ma Diagonal, Bal des lampions \u00e0 Palavas, Myst\u00e8re au mus\u00e9e\u00a0au th\u00e9\u00e2tre le Point&hellip;\n","protected":false},"author":2,"featured_media":624834,"comment_status":"","ping_status":"","sticky":false,"template":"","format":"standard","meta":{"footnotes":""},"categories":[9599],"tags":[1111,11,872,1777,674,1011,27,7089,2208,12,2680,25],"class_list":{"0":"post-624833","1":"post","2":"type-post","3":"status-publish","4":"format-standard","5":"has-post-thumbnail","7":"category-montpellier","8":"tag-actu","9":"tag-actualites","10":"tag-culture-et-loisirs","11":"tag-eu","12":"tag-europe","13":"tag-fr","14":"tag-france","15":"tag-herault","16":"tag-montpellier","17":"tag-news","18":"tag-occitanie","19":"tag-republique-francaise"},"share_on_mastodon":{"url":"https:\/\/pubeurope.com\/@fr\/115790441573759198","error":""},"_links":{"self":[{"href":"https:\/\/www.europesays.com\/fr\/wp-json\/wp\/v2\/posts\/624833","targetHints":{"allow":["GET"]}}],"collection":[{"href":"https:\/\/www.europesays.com\/fr\/wp-json\/wp\/v2\/posts"}],"about":[{"href":"https:\/\/www.europesays.com\/fr\/wp-json\/wp\/v2\/types\/post"}],"author":[{"embeddable":true,"href":"https:\/\/www.europesays.com\/fr\/wp-json\/wp\/v2\/users\/2"}],"replies":[{"embeddable":true,"href":"https:\/\/www.europesays.com\/fr\/wp-json\/wp\/v2\/comments?post=624833"}],"version-history":[{"count":0,"href":"https:\/\/www.europesays.com\/fr\/wp-json\/wp\/v2\/posts\/624833\/revisions"}],"wp:featuredmedia":[{"embeddable":true,"href":"https:\/\/www.europesays.com\/fr\/wp-json\/wp\/v2\/media\/624834"}],"wp:attachment":[{"href":"https:\/\/www.europesays.com\/fr\/wp-json\/wp\/v2\/media?parent=624833"}],"wp:term":[{"taxonomy":"category","embeddable":true,"href":"https:\/\/www.europesays.com\/fr\/wp-json\/wp\/v2\/categories?post=624833"},{"taxonomy":"post_tag","embeddable":true,"href":"https:\/\/www.europesays.com\/fr\/wp-json\/wp\/v2\/tags?post=624833"}],"curies":[{"name":"wp","href":"https:\/\/api.w.org\/{rel}","templated":true}]}}