{"id":624839,"date":"2025-12-27T07:56:12","date_gmt":"2025-12-27T07:56:12","guid":{"rendered":"https:\/\/www.europesays.com\/fr\/624839\/"},"modified":"2025-12-27T07:56:12","modified_gmt":"2025-12-27T07:56:12","slug":"verglas-en-bretagne-des-routes-glissantes-dans-les-cotes-darmor-et-une-partie-de-lille-et-vilaine-ce-samedi-matin","status":"publish","type":"post","link":"https:\/\/www.europesays.com\/fr\/624839\/","title":{"rendered":"Verglas en Bretagne\u00a0: des routes glissantes dans les C\u00f4tes-d\u2019Armor et une partie de l\u2019Ille-et-Vilaine ce samedi matin"},"content":{"rendered":"<p><strong>Finist\u00e8re : conditions de circulation normales<\/strong><\/p>\n<p><strong>C\u00f4tes-d\u2019Armor : du verglas dans une majeure partie du d\u00e9partement<\/strong><\/p>\n<p>[7 h] \ufeffLa circulation est d\u00e9licate sur les secteurs du Tr\u00e9gor int\u00e9rieur, de l\u2019Argoat, de Saint-Brieuc Sud et de Plaintel au M\u00e9n\u00e9 o\u00f9 l\u2019on observe des temp\u00e9ratures n\u00e9gatives et la formation de plaques de verglas ponctuelles sur le r\u00e9seau routier qui rendent les chauss\u00e9es localement glissantes. \u00ab Au lever du jour, ce ph\u00e9nom\u00e8ne pourrait s\u2019accentuer. Des op\u00e9rations de salage du r\u00e9seau routier principal ont \u00e9t\u00e9 d\u00e9clench\u00e9es \u00e0 5 h 30 ce matin. Elles se poursuivent actuellement sur les secteurs concern\u00e9s. Les usagers sont appel\u00e9s \u00e0 la plus grande vigilance \u00bb, met en garde le conseil d\u00e9partemental. Les conditions de circulation sont, en revanche, normales sur la RN12 et la RN164.<\/p>\n<p><strong>Morbihan : conditions de circulation normales<\/strong><\/p>\n<p>[7 h] Les conditions de conduite localement sont normales.<\/p>\n<p><strong>Ille-et-Vilaine : circulation compliqu\u00e9e au nord de Foug\u00e8res<\/strong><\/p>\n<p>[7 h] Conduite d\u00e9licate au nord et \u00e0 l\u2019ouest de Rennes et autour de Dinard.<\/p>\n","protected":false},"excerpt":{"rendered":"Finist\u00e8re : conditions de circulation normales C\u00f4tes-d\u2019Armor : du verglas dans une majeure partie du d\u00e9partement [7 h]&hellip;\n","protected":false},"author":2,"featured_media":624840,"comment_status":"","ping_status":"","sticky":false,"template":"","format":"standard","meta":{"footnotes":""},"categories":[2821],"tags":[1111,11,829,3542,2171,3472,24351,1777,674,1011,27,4044,848,2170,5862,2885,2487,12,584,25,4937,66452],"class_list":{"0":"post-624839","1":"post","2":"type-post","3":"status-publish","4":"format-standard","5":"has-post-thumbnail","7":"category-rennes","8":"tag-actu","9":"tag-actualites","10":"tag-bretagne","11":"tag-circulation","12":"tag-cotes-darmor","13":"tag-dinan","14":"tag-dinard","15":"tag-eu","16":"tag-europe","17":"tag-fr","18":"tag-france","19":"tag-guingamp","20":"tag-ille-et-vilaine","21":"tag-lamballe-armor","22":"tag-lannion","23":"tag-loudeac","24":"tag-meteo","25":"tag-news","26":"tag-rennes","27":"tag-republique-francaise","28":"tag-saint-brieuc","29":"tag-verglas-en-bretagne"},"share_on_mastodon":{"url":"https:\/\/pubeurope.com\/@fr\/115790465209592071","error":""},"_links":{"self":[{"href":"https:\/\/www.europesays.com\/fr\/wp-json\/wp\/v2\/posts\/624839","targetHints":{"allow":["GET"]}}],"collection":[{"href":"https:\/\/www.europesays.com\/fr\/wp-json\/wp\/v2\/posts"}],"about":[{"href":"https:\/\/www.europesays.com\/fr\/wp-json\/wp\/v2\/types\/post"}],"author":[{"embeddable":true,"href":"https:\/\/www.europesays.com\/fr\/wp-json\/wp\/v2\/users\/2"}],"replies":[{"embeddable":true,"href":"https:\/\/www.europesays.com\/fr\/wp-json\/wp\/v2\/comments?post=624839"}],"version-history":[{"count":0,"href":"https:\/\/www.europesays.com\/fr\/wp-json\/wp\/v2\/posts\/624839\/revisions"}],"wp:featuredmedia":[{"embeddable":true,"href":"https:\/\/www.europesays.com\/fr\/wp-json\/wp\/v2\/media\/624840"}],"wp:attachment":[{"href":"https:\/\/www.europesays.com\/fr\/wp-json\/wp\/v2\/media?parent=624839"}],"wp:term":[{"taxonomy":"category","embeddable":true,"href":"https:\/\/www.europesays.com\/fr\/wp-json\/wp\/v2\/categories?post=624839"},{"taxonomy":"post_tag","embeddable":true,"href":"https:\/\/www.europesays.com\/fr\/wp-json\/wp\/v2\/tags?post=624839"}],"curies":[{"name":"wp","href":"https:\/\/api.w.org\/{rel}","templated":true}]}}