{"id":624849,"date":"2025-12-27T08:02:17","date_gmt":"2025-12-27T08:02:17","guid":{"rendered":"https:\/\/www.europesays.com\/fr\/624849\/"},"modified":"2025-12-27T08:02:17","modified_gmt":"2025-12-27T08:02:17","slug":"ogc-nice-le-dossier-richardson-fiorentina-saccelere","status":"publish","type":"post","link":"https:\/\/www.europesays.com\/fr\/624849\/","title":{"rendered":"OGC Nice : le dossier Richardson (Fiorentina) s&rsquo;acc\u00e9l\u00e8re"},"content":{"rendered":"<p>\t\t\t<a href=\"https:\/\/debats-sports.com\/\" target=\"_blank\" rel=\"noopener\">Accueil<\/a> &gt; <a href=\"https:\/\/debats-sports.com\/football\/\" target=\"_blank\" rel=\"noopener\">Football<\/a> &gt; Mercato \u2013 OGC Nice : le dossier Richardson (Fiorentina) s\u2019acc\u00e9l\u00e8re<\/p>\n<p><strong>Selon Fabrizio Romano, l\u2019OGC Nice est plus que jamais en passe de rapatrier Amir Richardson d\u00e8s le mercato d\u2019hiver. Le milieu marocain, n\u00e9 \u00e0 Nice et pass\u00e9 par le centre de formation du Gym, avait lui-m\u00eame affich\u00e9 publiquement sa volont\u00e9 de revenir.<\/strong><\/p>\n<p>Le 22 d\u00e9cembre, Fabrizio Romano avait r\u00e9v\u00e9l\u00e9 que la Fiorentina avait ouvert la porte \u00e0 un d\u00e9part de Richardson en janvier et que des discussions \u00e9taient en cours avec l\u2019OGC Nice. Le journaliste italien avait expliqu\u00e9 que <strong>le club azur\u00e9en a formul\u00e9 une approche concr\u00e8te<\/strong> pour r\u00e9cup\u00e9rer le milieu de 23 ans. Un sc\u00e9nario logique tant le profil d\u2019Amir Richardson \u2013 gabarit, projection, volume \u2013 colle aux besoins ni\u00e7ois et \u00e0 l\u2019identit\u00e9 d\u2019un joueur du cru. <strong>Cette nuit, Romano a expliqu\u00e9 que le dossier s\u2019est acc\u00e9l\u00e9r\u00e9 et que le joueur devrait arriver en janvier.<\/strong><\/p>\n<p>Un retour \u00ab maison \u00bb qui fait sens sportivement et humainement<\/p>\n<p>Dans ce dossier, la volont\u00e9 du joueur p\u00e8se lourd. Form\u00e9 au Gym (U13 \u00e0 U17), l\u2019un des <a href=\"https:\/\/debats-sports.com\/meilleurs-centres-de-formation-classement-officiel\/\" target=\"_blank\" rel=\"noopener\">meilleurs centres de formation<\/a> de France, avant d\u2019exploser au Havre puis de signer \u00e0 Reims, <strong>Amir Richardson avait rejoint la Fiorentina \u00e0 l\u2019\u00e9t\u00e9 2024 mais y a peu jou\u00e9<\/strong>. Revenir l\u00e0 o\u00f9 tout a commenc\u00e9, dans un contexte qu\u2019il conna\u00eet, pourrait relancer sa trajectoire et offrir \u00e0 Franck Haise (ou son potentiel successeur) un milieu puissant et vertical pour densifier l\u2019entre-jeu ni\u00e7ois.<\/p>\n<p>Il y a quelques jours, Amir Richardson avait expliqu\u00e9 dans les colonnes de L\u2019Equipe : \u00ab L\u2019OGC Nice, c\u2019est mon club de c\u0153ur. J\u2019ai grandi \u00e0 Nice, ma m\u00e8re y habite encore. Je sais qu\u2019il vit une mauvaise passe mais en vrai, le Gym est un tr\u00e8s bon club de Ligue 1. \u00c7a arrive \u00e0 tout le monde les mauvaises passes. <strong>Nice, c\u2019est clairement ma priorit\u00e9.<\/strong> \u00bb Des mots sans ambigu\u00eft\u00e9, qui actent son d\u00e9sir de retour et laissent peu de place au doute quant \u00e0 l\u2019issue du dossier.<\/p>\n<p>Reste \u00e0 ficeler les derniers d\u00e9tails entre clubs, mais la tendance est claire : <strong>Nice a d\u00e9gain\u00e9 au bon moment et b\u00e9n\u00e9ficie de l\u2019avantage affectif.<\/strong> Si l\u2019accord se confirme, le Gym r\u00e9cup\u00e9rera d\u00e8s janvier un milieu pr\u00eat \u00e0 s\u2019installer, port\u00e9 par l\u2019envie de marquer l\u2019Allianz Riviera et de s\u2019imposer \u00e0 domicile. Un coup \u00e0 la fois rationnel et sentimental, comme on les aime sur la C\u00f4te d\u2019Azur.<\/p>\n","protected":false},"excerpt":{"rendered":"Accueil &gt; Football &gt; Mercato \u2013 OGC Nice : le dossier Richardson (Fiorentina) s\u2019acc\u00e9l\u00e8re Selon Fabrizio Romano, l\u2019OGC&hellip;\n","protected":false},"author":2,"featured_media":624850,"comment_status":"","ping_status":"","sticky":false,"template":"","format":"standard","meta":{"footnotes":""},"categories":[2819],"tags":[1111,11,73429,1777,674,11809,63,1011,27,1434,12,2401,2268,882,25],"class_list":{"0":"post-624849","1":"post","2":"type-post","3":"status-publish","4":"format-standard","5":"has-post-thumbnail","7":"category-nice","8":"tag-actu","9":"tag-actualites","10":"tag-amir-richardson","11":"tag-eu","12":"tag-europe","13":"tag-fiorentina","14":"tag-football","15":"tag-fr","16":"tag-france","17":"tag-mercato","18":"tag-news","19":"tag-nice","20":"tag-ogc-nice","21":"tag-provence-alpes-cote-dazur","22":"tag-republique-francaise"},"share_on_mastodon":{"url":"https:\/\/pubeurope.com\/@fr\/115790488747163754","error":""},"_links":{"self":[{"href":"https:\/\/www.europesays.com\/fr\/wp-json\/wp\/v2\/posts\/624849","targetHints":{"allow":["GET"]}}],"collection":[{"href":"https:\/\/www.europesays.com\/fr\/wp-json\/wp\/v2\/posts"}],"about":[{"href":"https:\/\/www.europesays.com\/fr\/wp-json\/wp\/v2\/types\/post"}],"author":[{"embeddable":true,"href":"https:\/\/www.europesays.com\/fr\/wp-json\/wp\/v2\/users\/2"}],"replies":[{"embeddable":true,"href":"https:\/\/www.europesays.com\/fr\/wp-json\/wp\/v2\/comments?post=624849"}],"version-history":[{"count":0,"href":"https:\/\/www.europesays.com\/fr\/wp-json\/wp\/v2\/posts\/624849\/revisions"}],"wp:featuredmedia":[{"embeddable":true,"href":"https:\/\/www.europesays.com\/fr\/wp-json\/wp\/v2\/media\/624850"}],"wp:attachment":[{"href":"https:\/\/www.europesays.com\/fr\/wp-json\/wp\/v2\/media?parent=624849"}],"wp:term":[{"taxonomy":"category","embeddable":true,"href":"https:\/\/www.europesays.com\/fr\/wp-json\/wp\/v2\/categories?post=624849"},{"taxonomy":"post_tag","embeddable":true,"href":"https:\/\/www.europesays.com\/fr\/wp-json\/wp\/v2\/tags?post=624849"}],"curies":[{"name":"wp","href":"https:\/\/api.w.org\/{rel}","templated":true}]}}