{"id":624861,"date":"2025-12-27T08:15:16","date_gmt":"2025-12-27T08:15:16","guid":{"rendered":"https:\/\/www.europesays.com\/fr\/624861\/"},"modified":"2025-12-27T08:15:16","modified_gmt":"2025-12-27T08:15:16","slug":"villeneuve-dascq-une-residence-etudiante-de-plus-de-250-appartements-va-sortir-de-terre","status":"publish","type":"post","link":"https:\/\/www.europesays.com\/fr\/624861\/","title":{"rendered":"Villeneuve-d&rsquo;Ascq. Une r\u00e9sidence \u00e9tudiante de plus de 250 appartements va sortir de terre"},"content":{"rendered":"<p>                    Par<br \/>\n        <strong><br \/>\n            <a href=\"https:\/\/actu.fr\/auteur\/nicolas-demollien\" title=\"Consulter tous les articles de Nicolas Demollien\" target=\"_blank\" rel=\"noopener\">Nicolas Demollien<\/a><br \/>\n                    <\/strong><\/p>\n<p>        Publi\u00e9 le<\/p>\n<p>            27 d\u00e9c. 2025 \u00e0 7h44        <\/p>\n<p>Encore un <b>grand projet <\/b><a href=\"https:\/\/actu.fr\/tag\/immobilier\" target=\"_blank\" rel=\"noopener\">immobilier<\/a> \u00e0 <a href=\"https:\/\/actu.fr\/hauts-de-france\/villeneuve-d-ascq_59009\" target=\"_blank\" rel=\"noopener\">Villeneuve-d\u2019Ascq<\/a> (Nord). En <b>2028<\/b>, une <b>nouvelle r\u00e9sidence<\/b> <a href=\"https:\/\/actu.fr\/tag\/etudiantses\" target=\"_blank\" rel=\"noopener\">\u00e9tudiante<\/a> va sortir de terre. Situ\u00e9e \u00e0 la <b>Borne de l\u2019Espoir<\/b>, cette r\u00e9sidence sign\u00e9e \u00ab\u00a0cap\u00e9tudes\u00a0\u00bb comptera <b>269 appartements<\/b> et plusieurs espaces communs.<\/p>\n<p>Une grande r\u00e9sidence \u00e9tudiante va sortir de terre \u00e0 Villeneuve-d\u2019Ascq<\/p>\n<p data-end=\"1012\" class=\" wall-content\">Co-d\u00e9velopp\u00e9e en partenariat avec le <b>groupe immobilier lillois AVENTIM<\/b>, la nouvelle r\u00e9sidence villeneuvoise sera situ\u00e9e <b>rue Agn\u00e8s Varda<\/b>. Les 269 appartements auront des superficies mesurant <b>entre 18 et 28 m\u00b2<\/b>. \u00ab\u00a0Pens\u00e9s pour \u00eatre fonctionnels et agr\u00e9ables, ils comprendront tous une pi\u00e8ce de vie meubl\u00e9e avec lit, table, bureau et rangements, une kitchenette \u00e9quip\u00e9e ainsi qu\u2019une salle de bain individuelle avec WC\u00a0\u00bb, assure-t-on du c\u00f4t\u00e9 de cap\u00e9tudes.<\/p>\n<p data-end=\"1913\" class=\" wall-content\">Les r\u00e9sidents b\u00e9n\u00e9ficieront \u00e9galement de <b>285 m\u00b2 d\u2019espaces communs accessibles gratuitement<\/b> : une salle de coworking avec espace cuisine, une salle de fitness, une terrasse de 70 m\u00b2 et une laverie connect\u00e9e. Un <b>parking de 48 places pour les voitures et 80 places pour les v\u00e9los<\/b> compl\u00e8tera l\u2019offre de services.<\/p>\n<p data-end=\"1913\" class=\" wall-content\">\u00ab\u00a0Un r\u00e9gisseur vivra sur place afin de r\u00e9pondre aux demandes des \u00e9tudiants et de veiller \u00e0 la s\u00e9curit\u00e9 et au bon entretien de la r\u00e9sidence\u00a0\u00bb, encha\u00eene le promoteur immobilier.<\/p>\n<p data-end=\"2466\" class=\" wall-content\">Cette r\u00e9sidence marque la premi\u00e8re implantation de la marque cap\u00e9tudes dans la r\u00e9gion Hauts-de-France. Et elle b\u00e9n\u00e9ficie d\u2019un emplacement strat\u00e9gique, \u00e0 seulement 10 minutes \u00e0 pied et 5 minutes \u00e0 v\u00e9lo du campus de l\u2019Universit\u00e9 de Lille, et d\u2019une belle desserte en transports en commun.<\/p>\n<p data-end=\"2935\" class=\" wall-content\">La r\u00e9sidence s\u2019int\u00e8gre dans le programme immobilier HOPE port\u00e9 par AVENTIM. Ce projet d\u2019ensemble, livr\u00e9 depuis fin 2024, regroupe des si\u00e8ges sociaux d\u2019acteurs majeurs de la r\u00e9gion, un centre de formation, ainsi qu\u2019une offre de restauration et de services.<\/p>\n<p>    <a href=\"https:\/\/www.facebook.com\/plugins\/post.php?href=https%3A%2F%2Fwww.facebook.com%2Fresidencescapetudes%2Fposts%2Fpfbid02qBwMMhhAGiBnwfhVCvk6G91nNbxNbskY6AsMct7KSEwPxKzPSwifxk8YfqXoqC81l&amp;show_text=true&amp;width=350\" title=\"Ouvrie le lien\" target=\"_blank\" rel=\"noopener\">Cliquez ici pour visualiser le contenu<\/a><\/p>\n<p>Votre r\u00e9gion, votre actu !<\/p>\n<p>Recevez chaque jour les infos qui comptent pour vous.<\/p>\n<p>\t<a href=\"https:\/\/actu.fr\/newsletter\" class=\"ac-btn ac-btn--corner ac-btn--medium ac-btn--blue800\" target=\"_blank\" rel=\"noopener\">S&rsquo;incrire<\/a><\/p>\n<p class=\" wall-content\">Plus d\u2019infos sur le site <a href=\"https:\/\/www.cap-etudes.com\/\" target=\"_blank\" rel=\"noopener\">cap-etudes.com<\/a><\/p>\n<p class=\" wall-content\">Personnalisez votre actualit\u00e9 en ajoutant vos villes et m\u00e9dias en favori avec <a href=\"https:\/\/moncompte.actu.fr\" title=\"D\u00e9couvez Mon Actu\" rel=\"nofollow noopener\" data-trk=\"{&quot;cta&quot;:{&quot;action&quot;:&quot;https:\\\/\\\/moncompte.actu.fr&quot;,&quot;category&quot;:&quot;mon compte&quot;,&quot;from&quot;:&quot;article footer&quot;,&quot;name&quot;:&quot;Mon actu&quot;,&quot;type&quot;:&quot;cta&quot;}}\" target=\"_blank\">Mon Actu<\/a>.<\/p>\n","protected":false},"excerpt":{"rendered":"Par Nicolas Demollien Publi\u00e9 le 27 d\u00e9c. 2025 \u00e0 7h44 Encore un grand projet immobilier \u00e0 Villeneuve-d\u2019Ascq (Nord).&hellip;\n","protected":false},"author":2,"featured_media":624862,"comment_status":"","ping_status":"","sticky":false,"template":"","format":"standard","meta":{"footnotes":""},"categories":[2815],"tags":[1111,11,1064,1777,674,1011,27,811,1116,1307,12,25,104],"class_list":{"0":"post-624861","1":"post","2":"type-post","3":"status-publish","4":"format-standard","5":"has-post-thumbnail","7":"category-lille","8":"tag-actu","9":"tag-actualites","10":"tag-etudiantses","11":"tag-eu","12":"tag-europe","13":"tag-fr","14":"tag-france","15":"tag-hauts-de-france","16":"tag-immobilier","17":"tag-lille","18":"tag-news","19":"tag-republique-francaise","20":"tag-societe"},"share_on_mastodon":{"url":"https:\/\/pubeurope.com\/@fr\/115790539872429927","error":""},"_links":{"self":[{"href":"https:\/\/www.europesays.com\/fr\/wp-json\/wp\/v2\/posts\/624861","targetHints":{"allow":["GET"]}}],"collection":[{"href":"https:\/\/www.europesays.com\/fr\/wp-json\/wp\/v2\/posts"}],"about":[{"href":"https:\/\/www.europesays.com\/fr\/wp-json\/wp\/v2\/types\/post"}],"author":[{"embeddable":true,"href":"https:\/\/www.europesays.com\/fr\/wp-json\/wp\/v2\/users\/2"}],"replies":[{"embeddable":true,"href":"https:\/\/www.europesays.com\/fr\/wp-json\/wp\/v2\/comments?post=624861"}],"version-history":[{"count":0,"href":"https:\/\/www.europesays.com\/fr\/wp-json\/wp\/v2\/posts\/624861\/revisions"}],"wp:featuredmedia":[{"embeddable":true,"href":"https:\/\/www.europesays.com\/fr\/wp-json\/wp\/v2\/media\/624862"}],"wp:attachment":[{"href":"https:\/\/www.europesays.com\/fr\/wp-json\/wp\/v2\/media?parent=624861"}],"wp:term":[{"taxonomy":"category","embeddable":true,"href":"https:\/\/www.europesays.com\/fr\/wp-json\/wp\/v2\/categories?post=624861"},{"taxonomy":"post_tag","embeddable":true,"href":"https:\/\/www.europesays.com\/fr\/wp-json\/wp\/v2\/tags?post=624861"}],"curies":[{"name":"wp","href":"https:\/\/api.w.org\/{rel}","templated":true}]}}