{"id":624863,"date":"2025-12-27T08:17:26","date_gmt":"2025-12-27T08:17:26","guid":{"rendered":"https:\/\/www.europesays.com\/fr\/624863\/"},"modified":"2025-12-27T08:17:26","modified_gmt":"2025-12-27T08:17:26","slug":"a-lille-les-eboueurs-en-greve-illimitee-pour-denoncer-leurs-conditions-de-travail","status":"publish","type":"post","link":"https:\/\/www.europesays.com\/fr\/624863\/","title":{"rendered":"\u00c0 Lille, les \u00e9boueurs en gr\u00e8ve illimit\u00e9e pour d\u00e9noncer leurs conditions de travail"},"content":{"rendered":"<p>\u00c0 Lille, les \u00e9boueurs en gr\u00e8ve illimit\u00e9e pour d\u00e9noncer leurs conditions de travailSur le m\u00eame sujet<a href=\"https:\/\/www.bfmtv.com\/societe\/video-a-lille-les-eboueurs-en-greve-illimitee-pour-denoncer-leurs-conditions-de-travail_VN-202512270055.html\" title=\"\u00c0 Lille, les \u00e9boueurs en gr\u00e8ve illimit\u00e9e pour d\u00e9noncer leurs conditions de travail\" target=\"_blank\" rel=\"noopener\"><img width=\"16\" height=\"9\" class=\"lozad\"  alt=\"\u00c0 Lille, les \u00e9boueurs en gr\u00e8ve illimit\u00e9e pour d\u00e9noncer leurs conditions de travail\"\/>en lecture\u00c0 Lille, les \u00e9boueurs en gr\u00e8ve illimit\u00e9e pour d\u00e9noncer leurs conditions de travail<\/a><a href=\"https:\/\/www.bfmtv.com\/societe\/video-apres-la-levee-des-barrages-des-agriculteurs-la-question-du-cout-du-nettoyage_VN-202512270046.html\" title=\"Apr\u00e8s la lev\u00e9e des barrages des agriculteurs, la question du co\u00fbt du nettoyage\" target=\"_blank\" rel=\"noopener\"><img width=\"16\" height=\"9\" class=\"lozad\"  alt=\"Apr\u00e8s la lev\u00e9e des barrages des agriculteurs, la question du co\u00fbt du nettoyage\"\/>1:16Apr\u00e8s la lev\u00e9e des barrages des agriculteurs, la question du co\u00fbt du nettoyage<\/a><a href=\"https:\/\/www.bfmtv.com\/societe\/video-apres-noel-l-afflux-de-clients-dans-les-services-apres-vente_VN-202512270030.html\" title=\"Apr\u00e8s No\u00ebl, l&#039;afflux de clients dans les services apr\u00e8s vente\" target=\"_blank\" rel=\"noopener\"><img width=\"16\" height=\"9\" class=\"lozad\"  alt=\"Apr\u00e8s No\u00ebl, l'afflux de clients dans les services apr\u00e8s vente\"\/>1:04Apr\u00e8s No\u00ebl, l&rsquo;afflux de clients dans les services apr\u00e8s vente<\/a><a href=\"https:\/\/www.bfmtv.com\/societe\/video-a-paris-le-secours-populaire-demande-l-activation-du-plan-grand-froid_VN-202512270028.html\" title=\"\u00c0 Paris, le Secours populaire demande l&#039;activation du &quot;plan grand froid&quot;\" target=\"_blank\" rel=\"noopener\"><img width=\"16\" height=\"9\" class=\"lozad\"  alt=\"\u00c0 Paris, le Secours populaire demande l'activation du &quot;plan grand froid&quot;\"\/>1:30\u00c0 Paris, le Secours populaire demande l&rsquo;activation du \u00ab\u00a0plan grand froid\u00a0\u00bb<\/a><a href=\"https:\/\/www.bfmtv.com\/societe\/video-plan-grand-froid-il-faut-ouvrir-tous-les-locaux-possibles-pour-qu-il-n-y-ait-personne-dans-la-rue-declare-henriette-steinberg-secretaire-generale-du-secours-populaire_VN-202512260451.html\" title=\"Plan grand froid: &quot;Il faut ouvrir tous les locaux possibles pour qu&#039;il n&#039;y ait personne dans la rue&quot;, d\u00e9clare Henriette Steinberg, secr\u00e9taire g\u00e9n\u00e9rale du Secours populaire\" target=\"_blank\" rel=\"noopener\"><img width=\"16\" height=\"9\" class=\"lozad\"  alt=\"Plan grand froid: &quot;Il faut ouvrir tous les locaux possibles pour qu'il n'y ait personne dans la rue&quot;, d\u00e9clare Henriette Steinberg, secr\u00e9taire g\u00e9n\u00e9rale du Secours populaire\"\/>0:49Plan grand froid: \u00ab\u00a0Il faut ouvrir tous les locaux possibles pour qu&rsquo;il n&rsquo;y ait personne dans la rue\u00a0\u00bb, d\u00e9clare Henriette Steinberg, secr\u00e9taire g\u00e9n\u00e9rale du Secours populaire<\/a><a href=\"https:\/\/www.bfmtv.com\/societe\/video-pluies-inondations-crues-ceux-qui-ne-croient-pas-au-changement-climatique-il-faut-qu-ils-reflechissent-un-peu-declare-nicolas-garcia-maire-pcf-d-elne-dans-les-pyrenees-orientales_VN-202512260445.html\" title=\"Pluies, inondations, crues: &quot;Ceux qui ne croient pas au changement climatique, il faut qu&#039;ils r\u00e9fl\u00e9chissent un peu&quot;, d\u00e9clare Nicolas Garcia, maire (PCF) d&#039;Elne dans les Pyr\u00e9n\u00e9es-Orientales\" target=\"_blank\" rel=\"noopener\"><img width=\"16\" height=\"9\" class=\"lozad\"  alt=\"Pluies, inondations, crues: &quot;Ceux qui ne croient pas au changement climatique, il faut qu'ils r\u00e9fl\u00e9chissent un peu&quot;, d\u00e9clare Nicolas Garcia, maire (PCF) d'Elne dans les Pyr\u00e9n\u00e9es-Orientales\"\/>2:08Pluies, inondations, crues: \u00ab\u00a0Ceux qui ne croient pas au changement climatique, il faut qu&rsquo;ils r\u00e9fl\u00e9chissent un peu\u00a0\u00bb, d\u00e9clare Nicolas Garcia, maire (PCF) d&rsquo;Elne dans les Pyr\u00e9n\u00e9es-Orientales<\/a><a href=\"https:\/\/www.bfmtv.com\/societe\/video-en-24-heures-il-est-tombe-pres-de-deux-mois-de-pluie-dans-les-pyrenees-orientales_VN-202512260414.html\" title=\"En 24 heures, il est tomb\u00e9 pr\u00e8s de deux mois de pluie dans les Pyr\u00e9n\u00e9es-Orientales\" target=\"_blank\" rel=\"noopener\"><img width=\"16\" height=\"9\" class=\"lozad\"  alt=\"En 24 heures, il est tomb\u00e9 pr\u00e8s de deux mois de pluie dans les Pyr\u00e9n\u00e9es-Orientales\"\/>2:22En 24 heures, il est tomb\u00e9 pr\u00e8s de deux mois de pluie dans les Pyr\u00e9n\u00e9es-Orientales<\/a><a href=\"https:\/\/www.bfmtv.com\/animaux\/video-un-loup-tue-19-brebis-en-haute-marne-cette-annee-2025-est-une-annee-hors-norme-avec-un-constat-de-200-attaques-declare-julien-aujean-ofb_VN-202512260383.html\" title=\"Un loup tue 19 brebis en Haute-Marne: &quot;Cette ann\u00e9e 2025 est une ann\u00e9e hors norme avec un constat de 200 attaques&quot;, d\u00e9clare Julien Aujean, (OFB)\" target=\"_blank\" rel=\"noopener\"><img width=\"16\" height=\"9\" class=\"lozad\"  alt=\"Un loup tue 19 brebis en Haute-Marne: &quot;Cette ann\u00e9e 2025 est une ann\u00e9e hors norme avec un constat de 200 attaques&quot;, d\u00e9clare Julien Aujean, (OFB)\"\/>1:53Un loup tue 19 brebis en Haute-Marne: \u00ab\u00a0Cette ann\u00e9e 2025 est une ann\u00e9e hors norme avec un constat de 200 attaques\u00a0\u00bb, d\u00e9clare Julien Aujean, (OFB)<\/a><a href=\"https:\/\/www.bfmtv.com\/animaux\/video-un-loup-tue-19-brebis-en-haute-marne-en-moyenne-il-y-a-1-087-loups-en-france-detaille-humbert-rambaud-redacteur-en-chef-du-magazine-jour-de-chasse_VN-202512260375.html\" title=\"Un loup tue 19 brebis en Haute-Marne: &quot;En moyenne, il y a 1.087 loups en France&quot;, d\u00e9taille Humbert Rambaud, r\u00e9dacteur en chef du magazine &quot;Jour de chasse&quot;\" target=\"_blank\" rel=\"noopener\"><img width=\"16\" height=\"9\" class=\"lozad\"  alt=\"Un loup tue 19 brebis en Haute-Marne: &quot;En moyenne, il y a 1.087 loups en France&quot;, d\u00e9taille Humbert Rambaud, r\u00e9dacteur en chef du magazine &quot;Jour de chasse&quot;\"\/>1:01Un loup tue 19 brebis en Haute-Marne: \u00ab\u00a0En moyenne, il y a 1.087 loups en France\u00a0\u00bb, d\u00e9taille Humbert Rambaud, r\u00e9dacteur en chef du magazine \u00ab\u00a0Jour de chasse\u00a0\u00bb<\/a><a href=\"https:\/\/www.bfmtv.com\/societe\/video-bataille-des-sexes-service-taille-du-terrain-les-nouvelles-regles-du-match-entre-sabalenka-et-kyrgios-ne-font-pas-l-unanimite_VN-202512260362.html\" title=\" &quot;Bataille des sexes&quot;: service, taille du terrain... les nouvelles r\u00e8gles du match entre Sabalenka et Kyrgios ne font pas l&#039;unanimit\u00e9 \" target=\"_blank\" rel=\"noopener\"><img width=\"16\" height=\"9\" class=\"lozad\"  alt=\" &quot;Bataille des sexes&quot;: service, taille du terrain... les nouvelles r\u00e8gles du match entre Sabalenka et Kyrgios ne font pas l'unanimit\u00e9 \"\/>1:26&Prime;Bataille des sexes\u00a0\u00bb: service, taille du terrain&#8230; les nouvelles r\u00e8gles du match entre Sabalenka et Kyrgios ne font pas l&rsquo;unanimit\u00e9<\/a><a href=\"https:\/\/www.bfmtv.com\/societe\/video-figure-du-foot-francais-passe-l-om-et-le-psg-jean-louis-gasset-est-mort-ce-vendredi-a-l-age-de-72-ans_VN-202512260326.html\" title=\"Figure du foot fran\u00e7ais, pass\u00e9 l&#039;OM et le PSG, Jean-Louis Gasset est mort ce vendredi \u00e0 l&#039;\u00e2ge de 72 ans\" target=\"_blank\" rel=\"noopener\"><img width=\"16\" height=\"9\" class=\"lozad\"  alt=\"Figure du foot fran\u00e7ais, pass\u00e9 l'OM et le PSG, Jean-Louis Gasset est mort ce vendredi \u00e0 l'\u00e2ge de 72 ans\"\/>0:26Figure du foot fran\u00e7ais, pass\u00e9 l&rsquo;OM et le PSG, Jean-Louis Gasset est mort ce vendredi \u00e0 l&rsquo;\u00e2ge de 72 ans<\/a><a href=\"https:\/\/www.bfmtv.com\/sante\/video-il-faut-aider-l-hopital-parce-que-nous-sommes-en-difficulte-temoigne-le-chef-du-service-reanimation-de-l-hopital-lariboisiere-a-paris_VN-202512260229.html\" title=\"&quot;Il faut aider l&#039;h\u00f4pital parce que nous sommes en difficult\u00e9&quot;, t\u00e9moigne le chef du service r\u00e9animation de l&#039;h\u00f4pital Lariboisi\u00e8re \u00e0 Paris\" target=\"_blank\" rel=\"noopener\"><img width=\"16\" height=\"9\" class=\"lozad\"  alt=\"&quot;Il faut aider l'h\u00f4pital parce que nous sommes en difficult\u00e9&quot;, t\u00e9moigne le chef du service r\u00e9animation de l'h\u00f4pital Lariboisi\u00e8re \u00e0 Paris\"\/>1:29&Prime;Il faut aider l&rsquo;h\u00f4pital parce que nous sommes en difficult\u00e9\u00a0\u00bb, t\u00e9moigne le chef du service r\u00e9animation de l&rsquo;h\u00f4pital Lariboisi\u00e8re \u00e0 Paris<\/a><a href=\"https:\/\/www.bfmtv.com\/societe\/video-une-situation-critique-jean-francois-corty-president-de-medecins-du-monde-revient-sur-le-declenchement-du-plan-grand-froid_VN-202512260192.html\" title=\"&quot;Une situation critique&quot;: Jean-Fran\u00e7ois Corty, pr\u00e9sident de M\u00e9decins du Monde, revient sur le d\u00e9clenchement du plan grand froid\" target=\"_blank\" rel=\"noopener\"><img width=\"16\" height=\"9\" class=\"lozad\"  alt=\"&quot;Une situation critique&quot;: Jean-Fran\u00e7ois Corty, pr\u00e9sident de M\u00e9decins du Monde, revient sur le d\u00e9clenchement du plan grand froid\"\/>2:20&Prime;Une situation critique\u00a0\u00bb: Jean-Fran\u00e7ois Corty, pr\u00e9sident de M\u00e9decins du Monde, revient sur le d\u00e9clenchement du plan grand froid<\/a><a href=\"https:\/\/www.bfmtv.com\/police-justice\/video-refus-d-obtemperer-deux-gendarmes-renverses-et-blesses-dans-les-vosges-l-automobiliste-en-fuite_VN-202512260143.html\" title=\"Refus d\u2019obtemp\u00e9rer: deux gendarmes renvers\u00e9s et bless\u00e9s dans les Vosges, l&#039;automobiliste en fuite\" target=\"_blank\" rel=\"noopener\"><img width=\"16\" height=\"9\" class=\"lozad\"  alt=\"Refus d\u2019obtemp\u00e9rer: deux gendarmes renvers\u00e9s et bless\u00e9s dans les Vosges, l'automobiliste en fuite\"\/>0:39Refus d\u2019obtemp\u00e9rer: deux gendarmes renvers\u00e9s et bless\u00e9s dans les Vosges, l&rsquo;automobiliste en fuite<\/a><a class=\"jumpToVideo\" target=\"_blank\"><img class=\"thumbnailPreview\"\/><\/a><\/p>\n","protected":false},"excerpt":{"rendered":"\u00c0 Lille, les \u00e9boueurs en gr\u00e8ve illimit\u00e9e pour d\u00e9noncer leurs conditions de travailSur le m\u00eame sujeten lecture\u00c0 Lille,&hellip;\n","protected":false},"author":2,"featured_media":624864,"comment_status":"","ping_status":"","sticky":false,"template":"","format":"standard","meta":{"footnotes":""},"categories":[2815],"tags":[1111,11,1777,674,1011,27,811,1307,12,25],"class_list":{"0":"post-624863","1":"post","2":"type-post","3":"status-publish","4":"format-standard","5":"has-post-thumbnail","7":"category-lille","8":"tag-actu","9":"tag-actualites","10":"tag-eu","11":"tag-europe","12":"tag-fr","13":"tag-france","14":"tag-hauts-de-france","15":"tag-lille","16":"tag-news","17":"tag-republique-francaise"},"share_on_mastodon":{"url":"https:\/\/pubeurope.com\/@fr\/115790547741589667","error":""},"_links":{"self":[{"href":"https:\/\/www.europesays.com\/fr\/wp-json\/wp\/v2\/posts\/624863","targetHints":{"allow":["GET"]}}],"collection":[{"href":"https:\/\/www.europesays.com\/fr\/wp-json\/wp\/v2\/posts"}],"about":[{"href":"https:\/\/www.europesays.com\/fr\/wp-json\/wp\/v2\/types\/post"}],"author":[{"embeddable":true,"href":"https:\/\/www.europesays.com\/fr\/wp-json\/wp\/v2\/users\/2"}],"replies":[{"embeddable":true,"href":"https:\/\/www.europesays.com\/fr\/wp-json\/wp\/v2\/comments?post=624863"}],"version-history":[{"count":0,"href":"https:\/\/www.europesays.com\/fr\/wp-json\/wp\/v2\/posts\/624863\/revisions"}],"wp:featuredmedia":[{"embeddable":true,"href":"https:\/\/www.europesays.com\/fr\/wp-json\/wp\/v2\/media\/624864"}],"wp:attachment":[{"href":"https:\/\/www.europesays.com\/fr\/wp-json\/wp\/v2\/media?parent=624863"}],"wp:term":[{"taxonomy":"category","embeddable":true,"href":"https:\/\/www.europesays.com\/fr\/wp-json\/wp\/v2\/categories?post=624863"},{"taxonomy":"post_tag","embeddable":true,"href":"https:\/\/www.europesays.com\/fr\/wp-json\/wp\/v2\/tags?post=624863"}],"curies":[{"name":"wp","href":"https:\/\/api.w.org\/{rel}","templated":true}]}}