{"id":624865,"date":"2025-12-27T08:19:19","date_gmt":"2025-12-27T08:19:19","guid":{"rendered":"https:\/\/www.europesays.com\/fr\/624865\/"},"modified":"2025-12-27T08:19:19","modified_gmt":"2025-12-27T08:19:19","slug":"ces-deux-biens-immobiliers-en-vente-a-marseille-ont-rencontre-un-succes-fou-voici-pourquoi","status":"publish","type":"post","link":"https:\/\/www.europesays.com\/fr\/624865\/","title":{"rendered":"Ces deux biens immobiliers en vente \u00e0 Marseille ont rencontr\u00e9 un succ\u00e8s fou, voici pourquoi"},"content":{"rendered":"<p>                    Par<br \/>\n        <strong><br \/>\n            <a href=\"https:\/\/actu.fr\/auteur\/thibault-nadal-actu-fr\" title=\"Consulter tous les articles de Thibault Nadal\" target=\"_blank\" rel=\"noopener\">Thibault Nadal<\/a><br \/>\n                    <\/strong><\/p>\n<p>        Publi\u00e9 le<\/p>\n<p>            27 d\u00e9c. 2025 \u00e0 8h24        <\/p>\n<p><a href=\"https:\/\/actu.fr\/marseille\/\" target=\"_blank\" rel=\"noopener\">Marseille<\/a> a toujours autant le vent en poupe. Depuis la crise du <a href=\"https:\/\/actu.fr\/societe\/coronavirus\" target=\"_blank\" rel=\"noopener\">Covid-19<\/a>, la cit\u00e9 phoc\u00e9enne <a href=\"https:\/\/actu.fr\/provence-alpes-cote-d-azur\/marseille_13055\/marseille-dans-cet-arrondissement-populaire-la-population-a-explose-selon-l-insee_63597150.html\" target=\"_blank\" rel=\"noopener\">ne cesse d\u2019attirer de nouveaux habitants<\/a>. Mais le march\u00e9 <a href=\"https:\/\/actu.fr\/tag\/immobilier\" target=\"_blank\" rel=\"noopener\">immobilier<\/a> est satur\u00e9. Alors, la moindre offre attire les regards, surtout quand elle pr\u00e9sente plusieurs avantages.<\/p>\n<p class=\" wall-content\">Selon une \u00e9tude de la plateforme <a href=\"https:\/\/www.seloger.com\/?_gl=1*1hkxhem*_gcl_au*NTE3ODA1MzQ4LjE3NjY3NTU3NzA.\" target=\"_blank\" rel=\"noopener\">Se Loger<\/a>, deux biens ont particuli\u00e8rement retenu l\u2019attention des internautes. Les deux annonces font partie de celles qui ont \u00e9t\u00e9 <strong>les plus cliqu\u00e9es en 2025<\/strong>.<\/p>\n<p>La maison la plus cliqu\u00e9e en 2025 est \u00e0 Marseille<\/p>\n<p class=\" wall-content\">Le cocktail \u00e9tait attractif. Dans le 10e arrondissement, entre les quartiers de Saint-Loup et de Saint-Tronc, <strong>une maison mitoyenne de 73\u00a0m2 \u00e9tait affich\u00e9e \u00e0 325000 euros<\/strong>. Un \u00ab\u2009prix au m\u00e8tre carr\u00e9 l\u00e9g\u00e8rement inf\u00e9rieur aux maisons marseillaises au 1er d\u00e9cembre 2025\u2009\u00bb.<\/p>\n<p>    <a href=\"https:\/\/www.google.com\/maps\/embed?pb=!1m18!1m12!1m3!1d13862.087725987072!2d5.416858169909051!3d43.27638969002475!2m3!1f0!2f0!3f0!3m2!1i1024!2i768!4f13.1!3m3!1m2!1s0x12c9bed54cf4ba35%3A0xee72d7d1671923b7!2sSaint-Loup%2C%2013010%20Marseille!5e0!3m2!1sfr!2sfr!4v1766758870258!5m2!1sfr!2sfr\" title=\"Ouvrie le lien\" target=\"_blank\" rel=\"noopener\">Cliquez ici pour visualiser le contenu<\/a><\/p>\n<p class=\" wall-content\">Une donn\u00e9e qui explique sans doute cet engouement. Comme ses atouts avec des \u00ab\u2009volumes agr\u00e9ables, un ext\u00e9rieur exploitable et un emplacement pragmatique\u2009\u00bb.<\/p>\n<p class=\" wall-content\">Mais difficile d\u2019en savoir plus. La maison comme l\u2019appartement, ont <strong>d\u00e9j\u00e0 \u00e9t\u00e9 vendus<\/strong> et Se Loger ne donne aucune information suppl\u00e9mentaire.<\/p>\n<p>Un appartement affich\u00e9 avec un prix 60\u2009% inf\u00e9rieur au march\u00e9<\/p>\n<p class=\" wall-content\">M\u00eame s\u2019il ne figure qu\u2019en seconde position derri\u00e8re une adresse parisienne, cet appartement avait tout pour s\u00e9duire les acheteurs.<\/p>\n<p>Votre r\u00e9gion, votre actu !<\/p>\n<p>Recevez chaque jour les infos qui comptent pour vous.<\/p>\n<p>\t<a href=\"https:\/\/actu.fr\/newsletter\" class=\"ac-btn ac-btn--corner ac-btn--medium ac-btn--blue800\" target=\"_blank\" rel=\"noopener\">S&rsquo;incrire<\/a><\/p>\n<p class=\" wall-content\">Sans d\u00e9voiler ni la localisation ni l\u2019arrondissement, les r\u00e9dacteurs de l\u2019\u00e9tude assurent qu\u2019un appartement <strong>T2 de 54 m2 a \u00e9t\u00e9 vendu 80 000 euros<\/strong>, soit \u00e0 peine 1481 euros\/m2. Un prix \u00ab\u2009pr\u00e8s de 60\u2009% moins cher que le prix moyen des appartements marseillais (3\u2009569\u00a0euros\/m2 au 1er\u00a0d\u00e9cembre 2025)\u2009\u00bb.<\/p>\n<p class=\" wall-content\">\u00ab\u2009Un \u00e9cart si marqu\u00e9 qu\u2019il explique presque \u00e0 lui seul son succ\u00e8s\u2009\u00bb, r\u00e9sume Se Loger. Difficile de leur donner tort.<\/p>\n<p class=\" wall-content\">Personnalisez votre actualit\u00e9 en ajoutant vos villes et m\u00e9dias en favori avec <a href=\"https:\/\/moncompte.actu.fr\" title=\"D\u00e9couvez Mon Actu\" rel=\"nofollow noopener\" data-trk=\"{&quot;cta&quot;:{&quot;action&quot;:&quot;https:\\\/\\\/moncompte.actu.fr&quot;,&quot;category&quot;:&quot;mon compte&quot;,&quot;from&quot;:&quot;article footer&quot;,&quot;name&quot;:&quot;Mon actu&quot;,&quot;type&quot;:&quot;cta&quot;}}\" target=\"_blank\">Mon Actu<\/a>.<\/p>\n","protected":false},"excerpt":{"rendered":"Par Thibault Nadal Publi\u00e9 le 27 d\u00e9c. 2025 \u00e0 8h24 Marseille a toujours autant le vent en poupe.&hellip;\n","protected":false},"author":2,"featured_media":607983,"comment_status":"","ping_status":"","sticky":false,"template":"","format":"standard","meta":{"footnotes":""},"categories":[2814],"tags":[1111,11,1261,1777,674,1011,27,1116,884,12,882,25,104],"class_list":{"0":"post-624865","1":"post","2":"type-post","3":"status-publish","4":"format-standard","5":"has-post-thumbnail","7":"category-marseille","8":"tag-actu","9":"tag-actualites","10":"tag-argent","11":"tag-eu","12":"tag-europe","13":"tag-fr","14":"tag-france","15":"tag-immobilier","16":"tag-marseille","17":"tag-news","18":"tag-provence-alpes-cote-dazur","19":"tag-republique-francaise","20":"tag-societe"},"share_on_mastodon":{"url":"https:\/\/pubeurope.com\/@fr\/115790555939520976","error":""},"_links":{"self":[{"href":"https:\/\/www.europesays.com\/fr\/wp-json\/wp\/v2\/posts\/624865","targetHints":{"allow":["GET"]}}],"collection":[{"href":"https:\/\/www.europesays.com\/fr\/wp-json\/wp\/v2\/posts"}],"about":[{"href":"https:\/\/www.europesays.com\/fr\/wp-json\/wp\/v2\/types\/post"}],"author":[{"embeddable":true,"href":"https:\/\/www.europesays.com\/fr\/wp-json\/wp\/v2\/users\/2"}],"replies":[{"embeddable":true,"href":"https:\/\/www.europesays.com\/fr\/wp-json\/wp\/v2\/comments?post=624865"}],"version-history":[{"count":0,"href":"https:\/\/www.europesays.com\/fr\/wp-json\/wp\/v2\/posts\/624865\/revisions"}],"wp:featuredmedia":[{"embeddable":true,"href":"https:\/\/www.europesays.com\/fr\/wp-json\/wp\/v2\/media\/607983"}],"wp:attachment":[{"href":"https:\/\/www.europesays.com\/fr\/wp-json\/wp\/v2\/media?parent=624865"}],"wp:term":[{"taxonomy":"category","embeddable":true,"href":"https:\/\/www.europesays.com\/fr\/wp-json\/wp\/v2\/categories?post=624865"},{"taxonomy":"post_tag","embeddable":true,"href":"https:\/\/www.europesays.com\/fr\/wp-json\/wp\/v2\/tags?post=624865"}],"curies":[{"name":"wp","href":"https:\/\/api.w.org\/{rel}","templated":true}]}}