{"id":624866,"date":"2025-12-27T08:20:25","date_gmt":"2025-12-27T08:20:25","guid":{"rendered":"https:\/\/www.europesays.com\/fr\/624866\/"},"modified":"2025-12-27T08:20:25","modified_gmt":"2025-12-27T08:20:25","slug":"le-meilleur-dyves-pujol-a-aix-en-provence-et-le-barbier-de-seville-a-lopera-de-marseille","status":"publish","type":"post","link":"https:\/\/www.europesays.com\/fr\/624866\/","title":{"rendered":"Le meilleur d&rsquo;Yves Pujol \u00e0 Aix-en-Provence et \u00ab\u00a0Le Barbier de S\u00e9ville\u00a0\u00bb \u00e0 l&rsquo;Op\u00e9ra de Marseille"},"content":{"rendered":"<p>Au programme des \u00e9v\u00e9nements ICI Provence de ce samedi\u00a0: le meilleur d&rsquo;Yves Pujol \u00e0 Aix-en-Provence et \u00ab\u00a0Le Barbier de S\u00e9ville\u00a0\u00bb \u00e0 l&rsquo;Op\u00e9ra de Marseille. Les coups de c\u0153ur d&rsquo;Herv\u00e9 Godard.<\/p>\n<p> <img decoding=\"async\" src=\"https:\/\/www.europesays.com\/fr\/wp-content\/uploads\/2025\/12\/1766823621_45_1280\" alt=\"illustration agrandir l'image\" style=\"--_image-preview:url('data:image\/jpeg;base64,\/9j\/2wBDACgcHiMeGSgjISMtKygwPGRBPDc3PHtYXUlkkYCZlo+AjIqgtObDoKrarYqMyP\/L2u71\/\/\/\/m8H\/\/\/\/6\/+b9\/\/j\/2wBDASstLTw1PHZBQXb4pYyl+Pj4+Pj4+Pj4+Pj4+Pj4+Pj4+Pj4+Pj4+Pj4+Pj4+Pj4+Pj4+Pj4+Pj4+Pj4+Pj4+Pj\/wAARCAAcACoDASIAAhEBAxEB\/8QAGQAAAwEBAQAAAAAAAAAAAAAAAQMEAAIF\/8QAGRAAAwEBAQAAAAAAAAAAAAAAAAECEgMR\/8QAFQEBAQAAAAAAAAAAAAAAAAAAAAH\/xAAUEQEAAAAAAAAAAAAAAAAAAAAA\/9oADAMBAAIRAxEAPwD1aoVVmuie7AY7NsmfQKsKp0H0QrDsqD0sluxvRktsgzsKsS2FMClWdbJ0zr0D\/9k=');\" loading=\"lazy\" fetchpriority=\"low\" class=\"svelte-1cksh76 rounded\" onload=\"this.__e=event\" onerror=\"this.__e=event\"\/> Le meilleur des sketchs d&rsquo;Yves Pujol \u00e0 la Fontaine d&rsquo;Argent \u00a9 Aucun(e) &#8211; Aix-en-Provence  <\/p>\n<p><strong>YVES PUJOL, L&rsquo;HUMOUR AVEC TEMPERAMENT<\/strong><\/p>\n<p>Et on commence par\u00a0<a target=\"_blank\" rel=\"nofollow noopener noreferrer\" class=\"IciLink ici-link IciArticleLink g-ici-body-regular-1 underline brand svelte-1chfe2s\" href=\"http:\/\/www.yvespujol.com\/\"><strong>Yves Pujol<\/strong><\/a>\u00a0qui se produit jusqu&rsquo;\u00e0 dimanche \u00e0 la Fontaine d&rsquo;Argent d&rsquo;Aix-en-Provence. L&rsquo;humoriste toulonnais y pr\u00e9sente les meilleurs moments de ses derniers spectacles, avec le plaisir de se produite sur sc\u00e8ne durant les vacances.<\/p>\n<p><a href=\"https:\/\/www.youtube.com\/watch?v=Qt-G_wy1mU8\" target=\"_blank\" rel=\"noopener noreferrer\" class=\"Youtube svelte-isxgy6\" style=\"background-image: url(https:\/\/i.ytimg.com\/vi\/Qt-G_wy1mU8\/sddefault.jpg);\"><\/p>\n<p>Sketch : Yves Pujol &#8211; Au restaurant<\/p>\n<p> <\/a> <\/p>\n<p><strong>Les meilleurs moments 2\u00a0 de Yves Pujol\u00a0: samedi 27 d\u00e9cembre \u00e0 21h et dimanche 28 d\u00e9cembre 2025 \u00e0 18h, \u00e0 la<\/strong>\u00a0<a target=\"_blank\" rel=\"nofollow noopener noreferrer\" class=\"IciLink ici-link IciArticleLink g-ici-body-regular-1 underline brand svelte-1chfe2s\" href=\"https:\/\/www.16-19.fr\/spectacle\/yves-pujol-les-meilleurs-moments-2-2\/\"><strong>Fontaine d&rsquo;Argent<\/strong><\/a>\u00a0<strong>d&rsquo;Aix-en-Provence.<\/strong><br \/>&#8212;&#8212;&#8212;&#8212;&#8212;&#8212;&#8212;<\/p>\n<p><strong>UN ENCHANTEMENT A L&rsquo;OPERA DE MARSEILLE<\/strong><\/p>\n<p><a href=\"https:\/\/www.youtube.com\/watch?v=3PWgHRPlfL4\" target=\"_blank\" rel=\"noopener noreferrer\" class=\"Youtube svelte-isxgy6\" style=\"background-image: url(https:\/\/i.ytimg.com\/vi\/3PWgHRPlfL4\/sddefault.jpg);\"><\/p>\n<p>Il barbiere di Siviglia &#8211; Bande-annonce<\/p>\n<p> <\/a> <\/p>\n<p>Et puis moment enchant\u00e9, actuellement \u00e0 l&rsquo;Op\u00e9ra de Marseille, avec Le Barbier de S\u00e9ville de Rossini, librement adapt\u00e9 d&rsquo;une pi\u00e8ce th\u00e9\u00e2tre de Beaumarchais. Pour le metteur-en-sc\u00e8ne Pierre-Emmanuel Rousseau, il s&rsquo;agissait de garder le meilleur des deux.<\/p>\n<p><a href=\"https:\/\/www.youtube.com\/watch?v=c1YAnWa2YR0\" target=\"_blank\" rel=\"noopener noreferrer\" class=\"Youtube svelte-isxgy6\" style=\"background-image: url(https:\/\/i.ytimg.com\/vi\/c1YAnWa2YR0\/sddefault.jpg);\"><\/p>\n<p>Il barbiere di Siviglia &#8211; Entretien avec Pierre-Emmanuel Rousseau<\/p>\n<p> <\/a> <\/p>\n<p><strong>Il Barbiere di Siviglia\u00a0de Rossini\u00a0: dimanche 28 d\u00e9cembre 2025 \u00e0 14h30, puis jusqu&rsquo;au 4 janvier 2026 \u00e0<\/strong>\u00a0<a target=\"_blank\" rel=\"nofollow noopener noreferrer\" class=\"IciLink ici-link IciArticleLink g-ici-body-regular-1 underline brand svelte-1chfe2s\" href=\"https:\/\/opera-odeon.marseille.fr\/programmation\/il-barbiere-di-siviglia-1\"><strong>l&rsquo;Op\u00e9ra de Marseille.<\/strong><\/a><\/p>\n<p>\u00c0 lire aussi   <img decoding=\"async\" src=\"https:\/\/www.europesays.com\/fr\/wp-content\/uploads\/2025\/12\/1766823623_11_400x400\" alt=\"\" style=\"--_image-preview:url('data:image\/jpeg;base64,\/9j\/2wBDACgcHiMeGSgjISMtKygwPGRBPDc3PHtYXUlkkYCZlo+AjIqgtObDoKrarYqMyP\/L2u71\/\/\/\/m8H\/\/\/\/6\/+b9\/\/j\/2wBDASstLTw1PHZBQXb4pYyl+Pj4+Pj4+Pj4+Pj4+Pj4+Pj4+Pj4+Pj4+Pj4+Pj4+Pj4+Pj4+Pj4+Pj4+Pj4+Pj4+Pj\/wAARCAAXACoDASIAAhEBAxEB\/8QAGQAAAwEBAQAAAAAAAAAAAAAAAAIEAQMF\/8QAGBABAQEBAQAAAAAAAAAAAAAAAAIBEgP\/xAAVAQEBAAAAAAAAAAAAAAAAAAAAAf\/EABQRAQAAAAAAAAAAAAAAAAAAAAD\/2gAMAwEAAhEDEQA\/APUvXCqN6UmuxT7Yyk+23LBVlN6T5ZulQ\/rSS6AQctps0AK6TR+gBH\/\/2Q==');\" loading=\"lazy\" fetchpriority=\"low\" aria-hidden=\"true\" class=\"svelte-1cksh76 rounded\" onload=\"this.__e=event\" onerror=\"this.__e=event\"\/>\u00c0 lire aussi   <img decoding=\"async\" src=\"https:\/\/www.europesays.com\/fr\/wp-content\/uploads\/2025\/12\/1766823625_856_400x400\" alt=\"\" style=\"--_image-preview:url('data:image\/jpeg;base64,\/9j\/2wBDACgcHiMeGSgjISMtKygwPGRBPDc3PHtYXUlkkYCZlo+AjIqgtObDoKrarYqMyP\/L2u71\/\/\/\/m8H\/\/\/\/6\/+b9\/\/j\/2wBDASstLTw1PHZBQXb4pYyl+Pj4+Pj4+Pj4+Pj4+Pj4+Pj4+Pj4+Pj4+Pj4+Pj4+Pj4+Pj4+Pj4+Pj4+Pj4+Pj4+Pj\/wAARCAAXACoDASIAAhEBAxEB\/8QAFwABAQEBAAAAAAAAAAAAAAAAAAECBP\/EABYQAQEBAAAAAAAAAAAAAAAAAAARAf\/EABYBAQEBAAAAAAAAAAAAAAAAAAABAv\/EABURAQEAAAAAAAAAAAAAAAAAAAAR\/9oADAMBAAIRAxEAPwDh1nW9SI2zBqEEZFii1VzAVlYkAEiAD\/\/Z');\" loading=\"lazy\" fetchpriority=\"low\" aria-hidden=\"true\" class=\"svelte-1cksh76 rounded\" onload=\"this.__e=event\" onerror=\"this.__e=event\"\/><\/p>\n","protected":false},"excerpt":{"rendered":"Au programme des \u00e9v\u00e9nements ICI Provence de ce samedi\u00a0: le meilleur d&rsquo;Yves Pujol \u00e0 Aix-en-Provence et \u00ab\u00a0Le Barbier&hellip;\n","protected":false},"author":2,"featured_media":624867,"comment_status":"","ping_status":"","sticky":false,"template":"","format":"standard","meta":{"footnotes":""},"categories":[2814],"tags":[1111,11,1777,674,1011,27,884,12,882,25],"class_list":{"0":"post-624866","1":"post","2":"type-post","3":"status-publish","4":"format-standard","5":"has-post-thumbnail","7":"category-marseille","8":"tag-actu","9":"tag-actualites","10":"tag-eu","11":"tag-europe","12":"tag-fr","13":"tag-france","14":"tag-marseille","15":"tag-news","16":"tag-provence-alpes-cote-dazur","17":"tag-republique-francaise"},"share_on_mastodon":{"url":"https:\/\/pubeurope.com\/@fr\/115790559860944878","error":""},"_links":{"self":[{"href":"https:\/\/www.europesays.com\/fr\/wp-json\/wp\/v2\/posts\/624866","targetHints":{"allow":["GET"]}}],"collection":[{"href":"https:\/\/www.europesays.com\/fr\/wp-json\/wp\/v2\/posts"}],"about":[{"href":"https:\/\/www.europesays.com\/fr\/wp-json\/wp\/v2\/types\/post"}],"author":[{"embeddable":true,"href":"https:\/\/www.europesays.com\/fr\/wp-json\/wp\/v2\/users\/2"}],"replies":[{"embeddable":true,"href":"https:\/\/www.europesays.com\/fr\/wp-json\/wp\/v2\/comments?post=624866"}],"version-history":[{"count":0,"href":"https:\/\/www.europesays.com\/fr\/wp-json\/wp\/v2\/posts\/624866\/revisions"}],"wp:featuredmedia":[{"embeddable":true,"href":"https:\/\/www.europesays.com\/fr\/wp-json\/wp\/v2\/media\/624867"}],"wp:attachment":[{"href":"https:\/\/www.europesays.com\/fr\/wp-json\/wp\/v2\/media?parent=624866"}],"wp:term":[{"taxonomy":"category","embeddable":true,"href":"https:\/\/www.europesays.com\/fr\/wp-json\/wp\/v2\/categories?post=624866"},{"taxonomy":"post_tag","embeddable":true,"href":"https:\/\/www.europesays.com\/fr\/wp-json\/wp\/v2\/tags?post=624866"}],"curies":[{"name":"wp","href":"https:\/\/api.w.org\/{rel}","templated":true}]}}