{"id":624869,"date":"2025-12-27T08:22:14","date_gmt":"2025-12-27T08:22:14","guid":{"rendered":"https:\/\/www.europesays.com\/fr\/624869\/"},"modified":"2025-12-27T08:22:14","modified_gmt":"2025-12-27T08:22:14","slug":"lyon-cet-hotel-de-luxe-organise-une-incroyable-vente-aux-encheres-des-affaires-a-decrocher","status":"publish","type":"post","link":"https:\/\/www.europesays.com\/fr\/624869\/","title":{"rendered":"Lyon. Cet h\u00f4tel de luxe organise une incroyable vente aux ench\u00e8res, des affaires \u00e0 d\u00e9crocher"},"content":{"rendered":"<p>                    Par<br \/>\n        <strong><br \/>\n            <a href=\"https:\/\/actu.fr\/auteur\/emma-ressegaire\" title=\"Consulter tous les articles de Emma Ressegaire\" target=\"_blank\" rel=\"noopener\">Emma Ressegaire<\/a><br \/>\n                    <\/strong><\/p>\n<p>        Publi\u00e9 le<\/p>\n<p>            27 d\u00e9c. 2025 \u00e0 8h02        <\/p>\n<p>Acheter <strong>un petit morceau de l\u2019histoire lyonnaise<\/strong> va \u00eatre tr\u00e8s prochainement possible.\u00a0<\/p>\n<p class=\" wall-content\">Avant de fermer ses portes pour cause de travaux de r\u00e9novation, la Villa Florentine organise une <strong>vente aux ench\u00e8res exceptionnelle<\/strong> qui aura lieu le mercredi 7 janvier 2026. En effet, cet historique h\u00f4tel de luxe 5 \u00e9toiles, nich\u00e9 sur les hauteurs du Vieux-Lyon, s\u2019appr\u00eate \u00e0 c\u00e9der une partie de son mobilier et de ses d\u00e9corations. Au total, plus de<strong> 600 pi\u00e8ces<\/strong> seront mises aux ench\u00e8res.\u00a0\u00a0<\/p>\n<p>Des pi\u00e8ces d\u2019exception\u00a0<\/p>\n<p class=\" wall-content\">La vente se d\u00e9clinera en deux parties. Dans un premier temps, \u00e0 13 heures, en direct de l\u2019\u00e9tablissement se tiendra une premi\u00e8re session qui mettra \u00e0 l\u2019honneur 55 pi\u00e8ces d\u2019exception : <strong>mobilier, luminaires et objets d\u2019art<\/strong>.<\/p>\n<p class=\" wall-content\">Parmi les plus gros lots, on retrouve plusieurs statues de bronze du XIXe si\u00e8cle (estim\u00e9es entre 500 000 et 4 000 euros), des peintures de certains lieux de la ville de Lyon (estim\u00e9es entre 1 000 et 2 000 euros) ou encore un <strong>imposant lustre corbeille d\u2019 1,50 m\u00e8tre de haut<\/strong> (estim\u00e9 entre 1 000 et 2 000 euros \u00e9galement) situ\u00e9 jusqu\u2019\u00e0 maintenant dans le hall d\u2019accueil de cette institution lyonnaise.<\/p>\n<p>Une mise \u00e0 prix parfois tr\u00e8s abordable<\/p>\n<p class=\" wall-content\">Puis, \u00e0 15 heures, la vente aux ench\u00e8res se passera <strong>en ligne<\/strong>, sur<a href=\"https:\/\/drouot.com\/fr\/v\/174726-vente-online-en-provenance-de-la-villa-florentine-a-lyon-5\" target=\"_blank\" rel=\"noopener\"> Drouot.com<\/a>. Plus de 550 objets divers et vari\u00e9s seront mis \u00e0 la vente dont la mise \u00e0 prix commence \u00e0 des sommes tr\u00e8s abordables : 3 euros pour des reproductions. On peut y retrouver du mobilier de style (canap\u00e9, fauteuils, lits doubles), des luminaires, des objets de d\u00e9coration mais aussi des <strong>\u00e9quipements plus particuliers<\/strong> comme des v\u00e9los fitness et des tapis de course.\u00a0<\/p>\n<p class=\" wall-content\">\u00c0 noter qu\u2019il est d\u2019ores et d\u00e9j\u00e0 possible d\u2019ench\u00e9rir sur ces lots.\u00a0<\/p>\n<p>Votre r\u00e9gion, votre actu !<\/p>\n<p>Recevez chaque jour les infos qui comptent pour vous.<\/p>\n<p>\t<a href=\"https:\/\/actu.fr\/newsletter\" class=\"ac-btn ac-btn--corner ac-btn--medium ac-btn--blue800\" target=\"_blank\" rel=\"noopener\">S&rsquo;incrire<\/a><\/p>\n<p class=\" wall-content\">Pour rappel, la Villa Florentine a \u00e9t\u00e9 <strong>rachet\u00e9e le 2 octobre dernier par le groupe Beauvallon Collection<\/strong>. Ses portes fermeront temporairement d\u00e8s le 5 janvier 2026, le temps des travaux, et ne r\u00e9ouvriront (normalement) qu\u2019en avril prochain.\u00a0<\/p>\n<p class=\" wall-content\">Personnalisez votre actualit\u00e9 en ajoutant vos villes et m\u00e9dias en favori avec <a href=\"https:\/\/moncompte.actu.fr\" title=\"D\u00e9couvez Mon Actu\" rel=\"nofollow noopener\" data-trk=\"{&quot;cta&quot;:{&quot;action&quot;:&quot;https:\\\/\\\/moncompte.actu.fr&quot;,&quot;category&quot;:&quot;mon compte&quot;,&quot;from&quot;:&quot;article footer&quot;,&quot;name&quot;:&quot;Mon actu&quot;,&quot;type&quot;:&quot;cta&quot;}}\" target=\"_blank\">Mon Actu<\/a>.<\/p>\n","protected":false},"excerpt":{"rendered":"Par Emma Ressegaire Publi\u00e9 le 27 d\u00e9c. 2025 \u00e0 8h02 Acheter un petit morceau de l\u2019histoire lyonnaise va&hellip;\n","protected":false},"author":2,"featured_media":624870,"comment_status":"","ping_status":"","sticky":false,"template":"","format":"standard","meta":{"footnotes":""},"categories":[1889],"tags":[1111,11,2430,33,1777,674,1011,27,2428,12,25,22909],"class_list":{"0":"post-624869","1":"post","2":"type-post","3":"status-publish","4":"format-standard","5":"has-post-thumbnail","7":"category-lyon","8":"tag-actu","9":"tag-actualites","10":"tag-auvergne-rhone-alpes","11":"tag-economie","12":"tag-eu","13":"tag-europe","14":"tag-fr","15":"tag-france","16":"tag-lyon","17":"tag-news","18":"tag-republique-francaise","19":"tag-vente-en-ligne"},"share_on_mastodon":{"url":"https:\/\/pubeurope.com\/@fr\/115790567410783920","error":""},"_links":{"self":[{"href":"https:\/\/www.europesays.com\/fr\/wp-json\/wp\/v2\/posts\/624869","targetHints":{"allow":["GET"]}}],"collection":[{"href":"https:\/\/www.europesays.com\/fr\/wp-json\/wp\/v2\/posts"}],"about":[{"href":"https:\/\/www.europesays.com\/fr\/wp-json\/wp\/v2\/types\/post"}],"author":[{"embeddable":true,"href":"https:\/\/www.europesays.com\/fr\/wp-json\/wp\/v2\/users\/2"}],"replies":[{"embeddable":true,"href":"https:\/\/www.europesays.com\/fr\/wp-json\/wp\/v2\/comments?post=624869"}],"version-history":[{"count":0,"href":"https:\/\/www.europesays.com\/fr\/wp-json\/wp\/v2\/posts\/624869\/revisions"}],"wp:featuredmedia":[{"embeddable":true,"href":"https:\/\/www.europesays.com\/fr\/wp-json\/wp\/v2\/media\/624870"}],"wp:attachment":[{"href":"https:\/\/www.europesays.com\/fr\/wp-json\/wp\/v2\/media?parent=624869"}],"wp:term":[{"taxonomy":"category","embeddable":true,"href":"https:\/\/www.europesays.com\/fr\/wp-json\/wp\/v2\/categories?post=624869"},{"taxonomy":"post_tag","embeddable":true,"href":"https:\/\/www.europesays.com\/fr\/wp-json\/wp\/v2\/tags?post=624869"}],"curies":[{"name":"wp","href":"https:\/\/api.w.org\/{rel}","templated":true}]}}