{"id":624879,"date":"2025-12-27T08:29:16","date_gmt":"2025-12-27T08:29:16","guid":{"rendered":"https:\/\/www.europesays.com\/fr\/624879\/"},"modified":"2025-12-27T08:29:16","modified_gmt":"2025-12-27T08:29:16","slug":"ce-que-lon-sait-du-suspect-apres-lagression-au-couteau-de-trois-femmes-dans-le-metro","status":"publish","type":"post","link":"https:\/\/www.europesays.com\/fr\/624879\/","title":{"rendered":"ce que l\u2019on sait du suspect apr\u00e8s l\u2019agression au couteau de trois femmes dans le m\u00e9tro"},"content":{"rendered":"<p>        <img decoding=\"async\" loading=\"lazy\" src=\"https:\/\/www.europesays.com\/fr\/wp-content\/uploads\/2025\/12\/07f574c_1728938571497-000-33an776.jpg\"  width=\"728\" height=\"410\" alt=\"Paris\u00a0: ce que l\u2019on sait du suspect apr\u00e8s l\u2019agression au couteau de trois femmes dans le m\u00e9tro. (image d\u2019illustration)\"\/>  <\/p>\n<p>CHRISTOPHE ARCHAMBAULT \/ AFP<\/p>\n<p>Paris\u00a0: ce que l\u2019on sait du suspect apr\u00e8s l\u2019agression au couteau de trois femmes dans le m\u00e9tro. (image d\u2019illustration)<\/p>\n<p>      <strong>EN BREF<\/strong> <strong>\u2022 <\/strong>Trois femmes ont \u00e9t\u00e9 l\u00e9g\u00e8rement bless\u00e9es vendredi apr\u00e8s-midi alors qu\u2019elles circulaient sur la ligne 3 du m\u00e9tro parisien.<br \/><strong>\u2022 <\/strong>Un homme de 25 ans, connu des autorit\u00e9s, a \u00e9t\u00e9 arr\u00eat\u00e9 quelques heures plus tard \u00e0 Sarcelles gr\u00e2ce \u00e0 la vid\u00e9osurveillance et la g\u00e9olocalisation de son t\u00e9l\u00e9phone.<br \/><strong>\u2022 <\/strong>Le suspect, de nationalit\u00e9 malienne qui a d\u00e9j\u00e0 \u00e9t\u00e9 condamn\u00e9 par la justice \u00e9tait vis\u00e9 par une OQTF qui n\u2019a pas \u00e9t\u00e9 ex\u00e9cut\u00e9e.                         <\/p>\n<p class=\"asset asset-text\">Trois agressions en une demi-heure. Des femmes ont \u00e9t\u00e9 l\u00e9g\u00e8rement <a href=\"https:\/\/www.huffingtonpost.fr\/france\/article\/dans-le-metro-a-paris-trois-femmes-blessees-apres-des-agressions-au-couteau_258635.html\" target=\"_blank\" rel=\"noopener\">bless\u00e9es au couteau dans le m\u00e9tro parisien<\/a> le vendredi 26\u00a0d\u00e9cembre dans l\u2019apr\u00e8s-midi. Les faits se sont d\u00e9roul\u00e9s \u00ab\u00a0entre 16h15\u00a0et 16h45\u00a0\u00bb dans trois stations du centre de Paris desservies par la ligne 3 \u2013 Arts et M\u00e9tiers, R\u00e9publique et Op\u00e9ra. Une enqu\u00eate, confi\u00e9e aux services de la s\u00fbret\u00e9 r\u00e9gionale des transports (SRT), a \u00e9t\u00e9 ouverte pour tentative d\u2019homicide volontaire et violences volontaires avec arme. L\u2019agresseur a pris la fuite avant d\u2019\u00eatre interpell\u00e9 en d\u00e9but de soir\u00e9e dans le Val-d\u2019Oise.<\/p>\n<p class=\"asset asset-text\">Le HuffPost fait le point sur ce que l\u2019on sait de l\u2019auteur pr\u00e9sum\u00e9, qui a pu \u00eatre retrouv\u00e9 \u00ab\u00a0gr\u00e2ce aux images de vid\u00e9osurveillance\u00a0\u00bb, a expliqu\u00e9 le parquet de Paris.<\/p>\n<p>    \u2022 Arr\u00eat\u00e9 \u00e0 Sarcelles gr\u00e2ce \u00e0 son t\u00e9l\u00e9phone    <\/p>\n<p class=\"asset asset-text\">Apr\u00e8s avoir \u00e9t\u00e9 identifi\u00e9 gr\u00e2ce \u00e0 la vid\u00e9osurveillance, l\u2019homme de 25\u00a0ans a pu \u00eatre interpell\u00e9 \u00ab\u00a0en fin d\u2019apr\u00e8s midi\u00a0dans le Val-d\u2019Oise\u00a0\u00bb apr\u00e8s \u00ab\u00a0la mise en \u0153uvre de la g\u00e9olocalisation de son t\u00e9l\u00e9phone portable\u00a0\u00bb, a fait savoir le parquet de Paris, qui pr\u00e9cise que \u00ab\u00a0le service enqu\u00eateur assist\u00e9 des policiers du Val-d\u2019Oise\u00a0\u00bb a proc\u00e9d\u00e9 \u00e0 l\u2019arrestation.<\/p>\n<p class=\"asset asset-text\">De son c\u00f4t\u00e9, Laurent Nu\u00f1ez mentionne dans son communiqu\u00e9 publi\u00e9 vendredi soir que l\u2019interpellation a eu lieu \u00ab\u00a0\u00e0 Sarcelles\u00a0\u00bb et \u00ab\u00a0sans incident\u00a0\u00bb \u00e0 18h40. L\u2019individu a \u00e9t\u00e9 \u00ab\u00a0plac\u00e9 en garde \u00e0 vue\u00a0\u00bb et \u00ab\u00a0reste pr\u00e9sum\u00e9 innocent \u00e0 ce stade\u00a0\u00bb, poursuit le ministre de l\u2019Int\u00e9rieur.<\/p>\n<p>    \u2022 Un homme de 25\u00a0ans connu des autorit\u00e9s    <\/p>\n<p class=\"asset asset-text\">L\u2019homme arr\u00eat\u00e9 vendredi, \u00e2g\u00e9 de 25\u00a0ans, est d\u00e9j\u00e0 connu des services de police pour divers faits dont des atteintes aux biens, a affirm\u00e9 le parquet de Paris. De son c\u00f4t\u00e9, le minist\u00e8re de l\u2019Int\u00e9rieur indique dans un communiqu\u00e9 que l\u2019agresseur pr\u00e9sum\u00e9 est de \u00ab\u00a0nationalit\u00e9 malienne\u00a0\u00bb.<\/p>\n<p class=\"asset asset-text\">Il est \u00ab\u00a0d\u00e9j\u00e0 connu pour destruction de biens sous l\u2019emprise de stup\u00e9fiants\u00a0\u00bb, d\u00e9veloppent les services de Laurent Nunez qui rappellent qu\u2019il a \u00ab\u00a0\u00e9t\u00e9 \u00e9crou\u00e9 en janvier\u00a02024\u00a0pour vol aggrav\u00e9 et agression sexuelle apr\u00e8s avoir \u00e9t\u00e9 condamn\u00e9 p\u00e9nalement\u00a0\u00bb.<\/p>\n<p>                     \u2022 L\u2019auteur pr\u00e9sum\u00e9 sous le coup d\u2019une OQTF    <\/p>\n<p class=\"asset asset-text\">Lib\u00e9r\u00e9 en juillet, cet individu \u00ab\u00a0a fait l\u2019objet d\u2019une obligation de quitter le territoire fran\u00e7ais (OQTF) et a \u00e9t\u00e9 plac\u00e9 en centre de r\u00e9tention administrative\u00a0\u00bb, selon le minist\u00e8re de l\u2019Int\u00e9rieur. \u00ab\u00a0L\u2019\u00e9loignement n\u2019ayant pu aboutir dans le d\u00e9lai l\u00e9gal des 90 jours, faute d\u2019obtention d\u2019un laissez-passer consulaire en l\u2019absence de titre d\u2019identit\u00e9 valide, il a \u00e9t\u00e9 lib\u00e9r\u00e9 avec assignation \u00e0 r\u00e9sidence\u00a0\u00bb, poursuit le communiqu\u00e9.<\/p>\n<p class=\"asset asset-text\">L\u2019agresseur pr\u00e9sum\u00e9 \u00ab\u00a0\u00e9tait actuellement sous mandat de recherche\u00a0\u00bb. Le ministre de l\u2019Int\u00e9rieur, Laurent Nu\u00f1ez, a dit \u00ab\u00a0regrette[r] que l\u2019\u00e9loignement du suspect n\u2019ait pu aboutir\u00a0\u00bb et il a assur\u00e9 que \u00ab\u00a0la mobilisation se poursuit pour parvenir, en priorit\u00e9, \u00e0 \u00e9loigner des \u00e9trangers en situation irr\u00e9guli\u00e8re auteurs de troubles \u00e0 l\u2019ordre public\u00a0\u00bb.<\/p>\n","protected":false},"excerpt":{"rendered":"CHRISTOPHE ARCHAMBAULT \/ AFP Paris\u00a0: ce que l\u2019on sait du suspect apr\u00e8s l\u2019agression au couteau de trois femmes&hellip;\n","protected":false},"author":2,"featured_media":624880,"comment_status":"","ping_status":"","sticky":false,"template":"","format":"standard","meta":{"footnotes":""},"categories":[1888],"tags":[11,1777,674,118,1011,27,303,4047,12,626,25],"class_list":{"0":"post-624879","1":"post","2":"type-post","3":"status-publish","4":"format-standard","5":"has-post-thumbnail","7":"category-paris","8":"tag-actualites","9":"tag-eu","10":"tag-europe","11":"tag-faits-divers","12":"tag-fr","13":"tag-france","14":"tag-justice","15":"tag-metro","16":"tag-news","17":"tag-paris","18":"tag-republique-francaise"},"share_on_mastodon":{"url":"https:\/\/pubeurope.com\/@fr\/115790596058411372","error":""},"_links":{"self":[{"href":"https:\/\/www.europesays.com\/fr\/wp-json\/wp\/v2\/posts\/624879","targetHints":{"allow":["GET"]}}],"collection":[{"href":"https:\/\/www.europesays.com\/fr\/wp-json\/wp\/v2\/posts"}],"about":[{"href":"https:\/\/www.europesays.com\/fr\/wp-json\/wp\/v2\/types\/post"}],"author":[{"embeddable":true,"href":"https:\/\/www.europesays.com\/fr\/wp-json\/wp\/v2\/users\/2"}],"replies":[{"embeddable":true,"href":"https:\/\/www.europesays.com\/fr\/wp-json\/wp\/v2\/comments?post=624879"}],"version-history":[{"count":0,"href":"https:\/\/www.europesays.com\/fr\/wp-json\/wp\/v2\/posts\/624879\/revisions"}],"wp:featuredmedia":[{"embeddable":true,"href":"https:\/\/www.europesays.com\/fr\/wp-json\/wp\/v2\/media\/624880"}],"wp:attachment":[{"href":"https:\/\/www.europesays.com\/fr\/wp-json\/wp\/v2\/media?parent=624879"}],"wp:term":[{"taxonomy":"category","embeddable":true,"href":"https:\/\/www.europesays.com\/fr\/wp-json\/wp\/v2\/categories?post=624879"},{"taxonomy":"post_tag","embeddable":true,"href":"https:\/\/www.europesays.com\/fr\/wp-json\/wp\/v2\/tags?post=624879"}],"curies":[{"name":"wp","href":"https:\/\/api.w.org\/{rel}","templated":true}]}}