{"id":624883,"date":"2025-12-27T08:32:22","date_gmt":"2025-12-27T08:32:22","guid":{"rendered":"https:\/\/www.europesays.com\/fr\/624883\/"},"modified":"2025-12-27T08:32:22","modified_gmt":"2025-12-27T08:32:22","slug":"de-fortes-explosions-entendues-a-kiev-avant-la-rencontre-de-zelensky-avec-trump","status":"publish","type":"post","link":"https:\/\/www.europesays.com\/fr\/624883\/","title":{"rendered":"de fortes explosions entendues \u00e0 Kiev avant la rencontre de Zelensky avec Trump"},"content":{"rendered":"<p>\n    Plusieurs s\u00e9ries de fortes explosions ont retenti \u00e0 Kiev dans la nuit de vendredi \u00e0 samedi, qui ont fait au moins cinq bless\u00e9s, les autorit\u00e9s ayant averti que plusieurs r\u00e9gions ukrainiennes \u00e9taient menac\u00e9es par des missiles et drones russes.<\/p>\n<p class=\"fig-paragraph\">Plusieurs s\u00e9ries de fortes explosions ont retenti \u00e0 Kiev dans la nuit de vendredi \u00e0 samedi, selon une journaliste de l&rsquo;AFP, les autorit\u00e9s ayant indiqu\u00e9 que l&rsquo;Ukraine \u00e9tait menac\u00e9e par des missiles russes.<\/p>\n<p class=\"fig-paragraph\">Alors que le\u00a0<a href=\"http:\/\/www.lefigaro.fr\/international\/avant-la-prochaine-rencontre-donald-trump-volodymyr-zelensky-les-occidentaux-en-quete-de-convergence-20251226\" data-fig-type=\"Article\" data-gtm-custom-categorie=\"navigation\" data-gtm-custom-action=\"crossclick\" data-gtm-custom-label=\"Contextuel\" data-gtm-event=\"customEventSPE\" data-fig-domain=\"LEFIGARO\" target=\"_blank\" rel=\"noopener\">pr\u00e9sident ukrainien Volodymyr Zelensky doit se rendre en Floride pour rencontrer Donald Trump dimanche<\/a>, des alertes a\u00e9riennes ont touch\u00e9 l&rsquo;ensemble du territoire ukrainien \u00e0 certains moments de la nuit. L&rsquo;arm\u00e9e de l&rsquo;air ukrainienne a \u00e9voqu\u00e9 sur ses r\u00e9seaux sociaux des mouvements de drones et missiles sur plusieurs r\u00e9gions ukrainiennes, dont la capitale. Une journaliste de l&rsquo;AFP \u00e0 Kiev a entendu de fortes explosions vers 1 heure 30 (23 heures 30 GMT) puis une nouvelle fois une demi-heure plus tard.<\/p>\n<p>                                            <a class=\"fig-a11y-skip\" href=\"#fig-a11y-skip-main-inarticle\" data-module=\"a11y-skip\" data-context=\"was @visible\"><br \/>\n    Passer la publicit\u00e9<br \/>\n<\/a>            <\/p>\n<p class=\"fig-paragraph\">\u00abDes explosions dans la capitale. La d\u00e9fense anti-a\u00e9rienne est en action. Restez dans les abris!\u00bb a \u00e9crit le maire Vitali Klitschko sur Telegram. \u00abL&rsquo;ennemi attaque la capitale\u00bb, a d\u00e9clar\u00e9 de son c\u00f4t\u00e9 le chef de l&rsquo;administration militaire de Kiev, Tymour Tkatchenko.<\/p>\n<p class=\"fig-paragraph\">Pr\u00e8s de trois heures plus tard, l&rsquo;administration militaire de la r\u00e9gion de la capitale a encore indiqu\u00e9 que la d\u00e9fense anti-a\u00e9rienne avait \u00e9t\u00e9 activ\u00e9e en raison de l&rsquo;approche d&rsquo;un drone.<\/p>\n<p class=\"fig-paragraph\">Pr\u00e8s de quatre ans apr\u00e8s le lancement de\u00a0<a href=\"http:\/\/www.lefigaro.fr\/international\/dossier\/tensions-entre-la-russie-et-l-ukraine-tout-comprendre-a-la-menace-d-une-invasion-russe\" data-fig-type=\"Topic\" data-gtm-custom-categorie=\"navigation\" data-gtm-custom-action=\"crossclick\" data-gtm-custom-label=\"Contextuel\" data-gtm-event=\"customEventSPE\" data-fig-domain=\"LEFIGARO\" target=\"_blank\" rel=\"noopener\">l&rsquo;offensive \u00e0 grande \u00e9chelle de la Russie<\/a>, les pourparlers en vue d&rsquo;un r\u00e8glement du conflit se sont acc\u00e9l\u00e9r\u00e9s ces derni\u00e8res semaines, \u00e0 la suite de la\u00a0<a href=\"http:\/\/www.lefigaro.fr\/international\/consensus-sur-les-territoires-plan-de-paix-zaporijjia-ce-qu-il-faut-retenir-de-la-prise-de-parole-de-volodymyr-zelensky-20251224\" data-fig-type=\"NewsFlash\" data-gtm-custom-categorie=\"navigation\" data-gtm-custom-action=\"crossclick\" data-gtm-custom-label=\"Contextuel\" data-gtm-event=\"customEventSPE\" data-fig-domain=\"LEFIGARO\" target=\"_blank\" rel=\"noopener\">pr\u00e9sentation d&rsquo;un plan d\u00e9voil\u00e9 par Donald Trump.<\/a><\/p>\n<p class=\"fig-paragraph\">Alors que ce document \u00e9tait consid\u00e9r\u00e9 initialement par les Ukrainiens et les Europ\u00e9ens comme trop favorable \u00e0 Moscou, Volodymyr Zelensky a pr\u00e9sent\u00e9 cette semaine une nouvelle mouture. Cette derni\u00e8re pr\u00e9voit un gel de l&rsquo;actuelle ligne de front sans offrir de solution imm\u00e9diate concernant les revendications territoriales de la Russie, qui occupe plus de 19% de l&rsquo;Ukraine.<\/p>\n","protected":false},"excerpt":{"rendered":"Plusieurs s\u00e9ries de fortes explosions ont retenti \u00e0 Kiev dans la nuit de vendredi \u00e0 samedi, qui ont&hellip;\n","protected":false},"author":2,"featured_media":624884,"comment_status":"","ping_status":"","sticky":false,"template":"","format":"standard","meta":{"footnotes":""},"categories":[1590],"tags":[11,75,1777,674,131,12,220,135,134],"class_list":{"0":"post-624883","1":"post","2":"type-post","3":"status-publish","4":"format-standard","5":"has-post-thumbnail","7":"category-ukraine","8":"tag-actualites","9":"tag-donald-trump","10":"tag-eu","11":"tag-europe","12":"tag-guerre-en-ukraine","13":"tag-news","14":"tag-ukraine","15":"tag-vladimir-poutine","16":"tag-volodymyr-zelensky"},"share_on_mastodon":{"url":"https:\/\/pubeurope.com\/@fr\/115790606704822261","error":""},"_links":{"self":[{"href":"https:\/\/www.europesays.com\/fr\/wp-json\/wp\/v2\/posts\/624883","targetHints":{"allow":["GET"]}}],"collection":[{"href":"https:\/\/www.europesays.com\/fr\/wp-json\/wp\/v2\/posts"}],"about":[{"href":"https:\/\/www.europesays.com\/fr\/wp-json\/wp\/v2\/types\/post"}],"author":[{"embeddable":true,"href":"https:\/\/www.europesays.com\/fr\/wp-json\/wp\/v2\/users\/2"}],"replies":[{"embeddable":true,"href":"https:\/\/www.europesays.com\/fr\/wp-json\/wp\/v2\/comments?post=624883"}],"version-history":[{"count":0,"href":"https:\/\/www.europesays.com\/fr\/wp-json\/wp\/v2\/posts\/624883\/revisions"}],"wp:featuredmedia":[{"embeddable":true,"href":"https:\/\/www.europesays.com\/fr\/wp-json\/wp\/v2\/media\/624884"}],"wp:attachment":[{"href":"https:\/\/www.europesays.com\/fr\/wp-json\/wp\/v2\/media?parent=624883"}],"wp:term":[{"taxonomy":"category","embeddable":true,"href":"https:\/\/www.europesays.com\/fr\/wp-json\/wp\/v2\/categories?post=624883"},{"taxonomy":"post_tag","embeddable":true,"href":"https:\/\/www.europesays.com\/fr\/wp-json\/wp\/v2\/tags?post=624883"}],"curies":[{"name":"wp","href":"https:\/\/api.w.org\/{rel}","templated":true}]}}