{"id":624887,"date":"2025-12-27T08:34:24","date_gmt":"2025-12-27T08:34:24","guid":{"rendered":"https:\/\/www.europesays.com\/fr\/624887\/"},"modified":"2025-12-27T08:34:24","modified_gmt":"2025-12-27T08:34:24","slug":"pour-j-d-vance-les-armes-nucleaires-europeennes-pourraient-tomber-aux-mains-de-personnes-proches-de-lislamisme-dans-quinze-ans","status":"publish","type":"post","link":"https:\/\/www.europesays.com\/fr\/624887\/","title":{"rendered":"Pour J.D Vance, les armes nucl\u00e9aires europ\u00e9ennes pourraient tomber aux mains de personnes \u00ab\u00a0proches de l\u2019islamisme\u00a0\u00bb, dans quinze ans"},"content":{"rendered":"<p class=\"paragraph text_align_left lp-f-body-02\"><a href=\"https:\/\/www.leparisien.fr\/international\/etats-unis\/etats-unis-erika-kirk-veuve-de-charlie-kirk-soutient-jd-vance-pour-la-presidentielle-2028-19-12-2025-PQQ4KVM665GVBFKSKPQFKK6UUY.php\" target=\"_self\" rel=\"noopener\">J.D Vance<\/a> a vis\u00e9 une nouvelle fois l\u2019Europe. Dans un grand entretien accord\u00e9 au site conservateur britannique<a href=\"https:\/\/unherd.com\/2025\/12\/full-transcript-jd-vance-on-american-identity\/\" target=\"_self\" rel=\"noopener\"> Unherd<\/a> et publi\u00e9 le 22 d\u00e9cembre, le vice-pr\u00e9sident am\u00e9ricain s\u2019est inqui\u00e9t\u00e9 d\u2019une hypoth\u00e9tique prise de contr\u00f4le des armes nucl\u00e9aires europ\u00e9ennes par des personnes \u00ab proches de l\u2019islamisme \u00bb.<\/p>\n<p class=\"\">Interrog\u00e9 sur la <a href=\"https:\/\/www.leparisien.fr\/international\/pour-donald-trump-leurope-prend-certaines-mauvaises-directions-et-cest-tres-mauvais-08-12-2025-LQXWXWQZBVAN3OLJ6GYEI4USVY.php\" target=\"_self\" rel=\"noopener\">Strat\u00e9gie de S\u00e9curit\u00e9 nationale<\/a> qui prenait pour cible l\u2019Europe en \u00e9voquant notamment un risque \u00ab <a href=\"https:\/\/www.leparisien.fr\/international\/etats-unis\/immigration-liberte-dexpression-le-plan-de-donald-trump-pour-aider-leurope-a-corriger-sa-trajectoire-actuelle-05-12-2025-ZQIIRCG3T5FD7IHU3OFK5SDLQU.php\" target=\"_self\" rel=\"noopener\">d\u2019effacement civilisationnel <\/a>\u00bb, J.D Vance a r\u00e9affirm\u00e9 l\u2019existence de \u00ab liens culturels, religieux et \u00e9conomiques \u00bb que partagent les \u00c9tats-Unis avec le Vieux Continent bien plus \u00ab qu\u2019avec n\u2019importe quelle autre r\u00e9gion du monde \u00bb. \u00ab Nous aurons certaines conversations morales avec l\u2019Europe que nous n\u2019aurions pas, par exemple, avec la <a href=\"https:\/\/www.leparisien.fr\/economie\/pour-sortir-de-leur-avion-des-passagers-de-la-compagnie-air-congo-contraints-deffectuer-un-saut-de-3-metres-faute-descalier-22-12-2025-CCPBJL3MJFC6LOENSIYTJNWQXY.php\" target=\"_self\" rel=\"noopener\">R\u00e9publique d\u00e9mocratique du Congo<\/a> \u00bb, a-t-il ajout\u00e9, avant de rappeler que la France et le Royaume-Uni \u00e9taient des puissances nucl\u00e9aires. \u00ab S\u2019ils se laissent submerger par des id\u00e9es morales tr\u00e8s destructrices, alors vous permettez \u00e0 des armes nucl\u00e9aires de tomber entre les mains de personnes capables de causer des dommages tr\u00e8s, tr\u00e8s graves aux \u00c9tats-Unis \u00bb, s\u2019est inqui\u00e9t\u00e9 J.D Vance.<\/p>\n<p>\u00ab Dans quinze ans \u00bb<\/p>\n<p class=\"\">Selon le vice-pr\u00e9sident am\u00e9ricain, ces \u00ab id\u00e9es morales tr\u00e8s destructrices \u00bb pourraient notamment \u00eatre l\u2019<a href=\"https:\/\/www.leparisien.fr\/politique\/un-grand-numero-de-jo-lembrouille-melenchon-fait-la-lecon-aux-deputes-de-la-commission-sur-lislamisme-06-12-2025-NI2OKU44BZCQZAYGMCWOSIDAEM.php\" target=\"_self\" rel=\"noopener\">islamisme<\/a>. Il explique que certaines des personnes en phase avec cette id\u00e9ologie ou \u00ab proches de l\u2019islamisme \u00bb occupent actuellement \u00ab des fonctions politiques \u00bb en Europe \u00e0 un niveau encore \u00ab tr\u00e8s faible \u00bb pour le moment. Le r\u00e9publicain a pr\u00e9sag\u00e9 qu\u2019une \u00ab personne ayant des positions proches de l\u2019islamisme \u00bb puisse exercer une influence \u00ab tr\u00e8s significative \u00bb dans un pays europ\u00e9en poss\u00e9dant l\u2019arme nucl\u00e9aire \u00ab dans quinze ans \u00bb. \u00ab Il s\u2019agit d\u2019une menace tr\u00e8s directe pour les \u00c9tats-Unis d\u2019Am\u00e9rique. \u00bb, a poursuivi J.D Vance, avant de s\u2019inqui\u00e9ter du risque \u00e0 long terme de perdre \u00ab un socle culturel commun \u00bb entre l\u2019Europe et l\u2019Am\u00e9rique.<\/p>\n<p class=\"title-embed-dailymotion lp-color-text lp-f-subtitle-04\">Vid\u00e9oQuand Trump pr\u00e9tend avoir forc\u00e9 Macron \u00e0 augmenter le prix des m\u00e9dicaments<\/p>\n<p class=\"\">Lors d\u2019une entrevue avec Volodymyr Zelensky le 9 d\u00e9cembre dernier, le pape <a href=\"https:\/\/www.leparisien.fr\/societe\/religions\/le-pape-leon-xiv-denonce-labsurdite-des-discours-de-guerre-dans-sa-premiere-benediction-de-noel-25-12-2025-GK4VCH4PAZDCBHG6TU5AOSTGHI.php\" target=\"_self\" rel=\"noopener\">L\u00e9on XIV<\/a> s\u2019\u00e9tait inqui\u00e9t\u00e9 de l\u2019orientation choisie par Donald Trump qui pourrait affaiblir l\u2019alliance historique entre les \u00c9tats-Unis et l\u2019Europe. Dans l\u2019entretien accord\u00e9 \u00e0 Unherd, J.D Vance a exprim\u00e9 son d\u00e9saccord avec le souverain pontife. \u00ab Je pense que c\u2019est une vision particuli\u00e8rement eurocentr\u00e9e de ces n\u00e9gociations. \u00bb, a dit le vice-pr\u00e9sident am\u00e9ricain, lui-m\u00eame de confession catholique.<\/p>\n<p class=\"\">\u00ab Ce que nous essayons de faire vis-\u00e0-vis de l\u2019Europe, c\u2019est de l\u2019encourager \u00e0 \u00eatre un peu plus autosuffisante. \u00bb a-t-il poursuivi. J.D Vance a \u00e9galement estim\u00e9 que les politiques \u00e9conomiques y ont provoqu\u00e9 une \u00ab stagnation \u00bb du continent, tandis que les politiques migratoires ont induit un \u00ab un contrecoup significatif de la part des populations natives \u00bb. \u00ab Nous descendons fondamentalement de nombreuses id\u00e9es europ\u00e9ennes. (\u2026) C\u2019est pourquoi nous voulons une Europe plus forte \u00bb, a ajout\u00e9 le vice-pr\u00e9sident.<\/p>\n","protected":false},"excerpt":{"rendered":"J.D Vance a vis\u00e9 une nouvelle fois l\u2019Europe. Dans un grand entretien accord\u00e9 au site conservateur britannique Unherd&hellip;\n","protected":false},"author":2,"featured_media":624888,"comment_status":"","ping_status":"","sticky":false,"template":"","format":"standard","meta":{"footnotes":""},"categories":[1588],"tags":[11,73,1777,674,14,12,473,1853,1851,1850,1852],"class_list":{"0":"post-624887","1":"post","2":"type-post","3":"status-publish","4":"format-standard","5":"has-post-thumbnail","7":"category-royaume-uni","8":"tag-actualites","9":"tag-etats-unis","10":"tag-eu","11":"tag-europe","12":"tag-international","13":"tag-news","14":"tag-royaume-uni","15":"tag-royaume-uni-de-grande-bretagne-et-dirlande-du-nord","16":"tag-uk","17":"tag-united-kingdom","18":"tag-united-kingdom-of-great-britain-and-northern-ireland"},"share_on_mastodon":{"url":"https:\/\/pubeurope.com\/@fr\/115790614617701039","error":""},"_links":{"self":[{"href":"https:\/\/www.europesays.com\/fr\/wp-json\/wp\/v2\/posts\/624887","targetHints":{"allow":["GET"]}}],"collection":[{"href":"https:\/\/www.europesays.com\/fr\/wp-json\/wp\/v2\/posts"}],"about":[{"href":"https:\/\/www.europesays.com\/fr\/wp-json\/wp\/v2\/types\/post"}],"author":[{"embeddable":true,"href":"https:\/\/www.europesays.com\/fr\/wp-json\/wp\/v2\/users\/2"}],"replies":[{"embeddable":true,"href":"https:\/\/www.europesays.com\/fr\/wp-json\/wp\/v2\/comments?post=624887"}],"version-history":[{"count":0,"href":"https:\/\/www.europesays.com\/fr\/wp-json\/wp\/v2\/posts\/624887\/revisions"}],"wp:featuredmedia":[{"embeddable":true,"href":"https:\/\/www.europesays.com\/fr\/wp-json\/wp\/v2\/media\/624888"}],"wp:attachment":[{"href":"https:\/\/www.europesays.com\/fr\/wp-json\/wp\/v2\/media?parent=624887"}],"wp:term":[{"taxonomy":"category","embeddable":true,"href":"https:\/\/www.europesays.com\/fr\/wp-json\/wp\/v2\/categories?post=624887"},{"taxonomy":"post_tag","embeddable":true,"href":"https:\/\/www.europesays.com\/fr\/wp-json\/wp\/v2\/tags?post=624887"}],"curies":[{"name":"wp","href":"https:\/\/api.w.org\/{rel}","templated":true}]}}