{"id":624891,"date":"2025-12-27T08:37:15","date_gmt":"2025-12-27T08:37:15","guid":{"rendered":"https:\/\/www.europesays.com\/fr\/624891\/"},"modified":"2025-12-27T08:37:15","modified_gmt":"2025-12-27T08:37:15","slug":"face-aux-etats-unis-leurope-en-manque-dinvestissement-chronique","status":"publish","type":"post","link":"https:\/\/www.europesays.com\/fr\/624891\/","title":{"rendered":"face aux Etats-Unis, l\u2019Europe en manque d\u2019investissement chronique"},"content":{"rendered":"<p class=\"c-paragraph\">Depuis le rapport Draghi, le constat est entendu : l\u2019\u00e9conomie europ\u00e9enne d\u00e9croche en comparaison avec les \u00c9tats-Unis. De 84,8 % du PIB am\u00e9ricain en 2000, celle-ci ne p\u00e8se plus que 79,4 % en 2024. \u00c0 qui la faute ?<\/p>\n<p class=\"c-paragraph\">Une \u00e9tude fouill\u00e9e de l\u2019Observatoire fran\u00e7ais des conjonctures \u00e9conomiques (OFCE), publi\u00e9e d\u00e9but octobre, \u00e9carte plusieurs id\u00e9es re\u00e7ues. <\/p>\n<p><img decoding=\"async\" data-chromatic=\"ignore\" alt=\"L&#x2019;Europe en manque d&#x2019;investissement chronique\" class=\"c-image\" loading=\"lazy\" src=\"https:\/\/www.europesays.com\/fr\/wp-content\/uploads\/2025\/12\/JM2LPS7JGRDLLPEKHGUFMB7I3U.jpg\"  width=\"800\" height=\"663\"\/>Comparatif France Etats-Unis <\/p>\n<p class=\"c-paragraph\">La d\u00e9sindustrialisation n\u2019est pas en cause, celle-ci ayant \u00e9t\u00e9 aussi rapide des deux c\u00f4t\u00e9s de l\u2019Atlantique. Les Europ\u00e9ens ne travaillent pas non plus moins que les Am\u00e9ricains, la hausse du nombre d\u2019heures travaill\u00e9es et du taux d\u2019activit\u00e9 ayant au contraire contribu\u00e9 \u00e0 r\u00e9duire l\u2019\u00e9cart entre la France et les \u00c9tats-Unis. L\u2019\u00e9cart se joue en grande partie sur le manque d\u2019investissement chronique en Europe. \u00abChaque ann\u00e9e, les \u00c9tats-Unis investissent en moyenne cinq \u00e0 six fois plus que l\u2019Europe dans les nouvelles technologies. Et ce retard s\u2019accumule\u00bb, pointe Lionel Nesta, l\u2019un des auteurs de l\u2019\u00e9tude.<\/p>\n<p class=\"c-paragraph\">Pour le moment, les entreprises europ\u00e9ennes ont r\u00e9ussi \u00e0 maintenir leur comp\u00e9titivit\u00e9-co\u00fbt par rapport \u00e0 leurs concurrents am\u00e9ricains, mais au prix d\u2019une r\u00e9duction de leurs marges. Or, sans marges, celles-ci ont moins de capacit\u00e9s d\u2019investissement, ce qui alimente un cercle vicieux. Parmi les explications possibles, le tissu des grandes entreprises est d\u00e9sormais plus clairsem\u00e9 sur le Vieux Continent. Pour \u00e9viter d\u2019accro\u00eetre encore le d\u00e9crochage, la seule piste possible pour l\u2019Europe serait \u00abde concentrer ses efforts sur la comp\u00e9titivit\u00e9 hors co\u00fbt\u00bb, sugg\u00e8re l\u2019OFCE.<\/p>\n<p class=\"c-paragraph\"><b>Vous lisez un article de L\u2019Usine Nouvelle 3748 &#8211; Novembre 2025<\/b><\/p>\n<p class=\"c-paragraph\"><a href=\"https:\/\/www.usinenouvelle.com\/service\/consulter-le-magazine\/mes-magazines\/magazine-usine-nouvelle\/3748\/\" target=\"_self\" rel=\"noopener\" title=\"https:\/\/www.usinenouvelle.com\/service\/consulter-le-magazine\/mes-magazines\/magazine-usine-nouvelle\/3748\/\"><b>Lire le sommaire<\/b><\/a><\/p>\n","protected":false},"excerpt":{"rendered":"Depuis le rapport Draghi, le constat est entendu : l\u2019\u00e9conomie europ\u00e9enne d\u00e9croche en comparaison avec les \u00c9tats-Unis. De&hellip;\n","protected":false},"author":2,"featured_media":624892,"comment_status":"","ping_status":"","sticky":false,"template":"","format":"standard","meta":{"footnotes":""},"categories":[1586],"tags":[11,11291,33,73,1283,1777,674,3531,1011,27,230,399,12,25],"class_list":{"0":"post-624891","1":"post","2":"type-post","3":"status-publish","4":"format-standard","5":"has-post-thumbnail","7":"category-europe","8":"tag-actualites","9":"tag-eco-social","10":"tag-economie","11":"tag-etats-unis","12":"tag-etudes","13":"tag-eu","14":"tag-europe","15":"tag-financement","16":"tag-fr","17":"tag-france","18":"tag-infographie","19":"tag-investissement","20":"tag-news","21":"tag-republique-francaise"},"share_on_mastodon":{"url":"https:\/\/pubeurope.com\/@fr\/115790627197767397","error":""},"_links":{"self":[{"href":"https:\/\/www.europesays.com\/fr\/wp-json\/wp\/v2\/posts\/624891","targetHints":{"allow":["GET"]}}],"collection":[{"href":"https:\/\/www.europesays.com\/fr\/wp-json\/wp\/v2\/posts"}],"about":[{"href":"https:\/\/www.europesays.com\/fr\/wp-json\/wp\/v2\/types\/post"}],"author":[{"embeddable":true,"href":"https:\/\/www.europesays.com\/fr\/wp-json\/wp\/v2\/users\/2"}],"replies":[{"embeddable":true,"href":"https:\/\/www.europesays.com\/fr\/wp-json\/wp\/v2\/comments?post=624891"}],"version-history":[{"count":0,"href":"https:\/\/www.europesays.com\/fr\/wp-json\/wp\/v2\/posts\/624891\/revisions"}],"wp:featuredmedia":[{"embeddable":true,"href":"https:\/\/www.europesays.com\/fr\/wp-json\/wp\/v2\/media\/624892"}],"wp:attachment":[{"href":"https:\/\/www.europesays.com\/fr\/wp-json\/wp\/v2\/media?parent=624891"}],"wp:term":[{"taxonomy":"category","embeddable":true,"href":"https:\/\/www.europesays.com\/fr\/wp-json\/wp\/v2\/categories?post=624891"},{"taxonomy":"post_tag","embeddable":true,"href":"https:\/\/www.europesays.com\/fr\/wp-json\/wp\/v2\/tags?post=624891"}],"curies":[{"name":"wp","href":"https:\/\/api.w.org\/{rel}","templated":true}]}}