{"id":624904,"date":"2025-12-27T08:49:17","date_gmt":"2025-12-27T08:49:17","guid":{"rendered":"https:\/\/www.europesays.com\/fr\/624904\/"},"modified":"2025-12-27T08:49:17","modified_gmt":"2025-12-27T08:49:17","slug":"coupe-du-monde-de-cyclocross-thibau-nys-a-vite-senti-quil-ne-lacherait-pas-van-der-poel-malgre-sa-bonne-journee","status":"publish","type":"post","link":"https:\/\/www.europesays.com\/fr\/624904\/","title":{"rendered":"Coupe du monde de cyclocross: Thibau Nys a \u00ab\u00a0vite senti\u00a0\u00bb qu&rsquo;il ne l\u00e2cherait pas Van der Poel malgr\u00e9 sa bonne journ\u00e9e"},"content":{"rendered":"<p class=\"ap-StoryElement ap-StoryElement--mb ap-StoryText\">\u00ab\u00a0J&rsquo;ai vraiment appr\u00e9ci\u00e9\u00a0\u00bb, a expliqu\u00e9 le champion de Belgique apr\u00e8s la course. \u00ab\u00a0Je voulais rouler mon propre cross et j&rsquo;ai certainement r\u00e9ussi \u00e7a. Je ne peux pas avoir de regret, j&rsquo;ai tout essay\u00e9, mais j&rsquo;ai vite senti qu&rsquo;encore une fois, Mathieu van der Poel ne d\u00e9passerait pas ses limites. J&rsquo;ai toutefois pu faire tout ce que je voulais.\u00a0\u00bb<\/p>\n<p><a href=\"https:\/\/www.dhnet.be\/sports\/cyclisme\/cyclo-cross\/2025\/12\/26\/coupe-du-monde-de-cyclocross-mathieu-van-der-poel-a-difficilement-fait-la-difference-G3WJSWFL45GPHC5HYS6TGDJMLI\/\" target=\"_self\" class=\"ap-StoryInterstitialLink ap-StoryElement ap-StoryElement--mb\" rel=\"noopener\">Coupe du monde de cyclocross: Mathieu van der Poel a \u00ab\u00a0difficilement fait la diff\u00e9rence\u00a0\u00bb<\/a><\/p>\n<p class=\"ap-StoryElement ap-StoryElement--mb ap-StoryText\">\u00ab\u00a0Quand Mathieu a soudainement attaqu\u00e9, j&rsquo;ai essay\u00e9 de le suivre, mais j&rsquo;ai d\u00e9clips\u00e9 \u00e0 deux reprises\u00a0\u00bb, a poursuivi Nys. \u00ab\u00a0Je n&rsquo;ai pas r\u00e9ussi \u00e0 me mettre imm\u00e9diatement dans sa roue. Je pense cependant que m\u00eame sans ce contretemps, je n&rsquo;aurais pas pu gagner. A la fin, la fatigue s&rsquo;est fait sentir. J&rsquo;avais aussi les pieds tr\u00e8s froids. Peut-\u00eatre que j&rsquo;ai serr\u00e9 trop fort mes chaussures, ce qui m&rsquo;a fait perdre un peu mes sensations. Je suis content de cette deuxi\u00e8me place. Je souffre du dos depuis un petit temps. Quand \u00e7a va mieux, je peux mettre plus de puissance, comme aujourd&rsquo;hui.\u00a0\u00bb<\/p>\n","protected":false},"excerpt":{"rendered":"\u00ab\u00a0J&rsquo;ai vraiment appr\u00e9ci\u00e9\u00a0\u00bb, a expliqu\u00e9 le champion de Belgique apr\u00e8s la course. \u00ab\u00a0Je voulais rouler mon propre cross&hellip;\n","protected":false},"author":2,"featured_media":624905,"comment_status":"","ping_status":"","sticky":false,"template":"","format":"standard","meta":{"footnotes":""},"categories":[1411],"tags":[828,1154,207,67264,1011,27,60],"class_list":{"0":"post-624904","1":"post","2":"type-post","3":"status-publish","4":"format-standard","5":"has-post-thumbnail","7":"category-cyclisme","8":"tag-belgique","9":"tag-cycling","10":"tag-cyclisme","11":"tag-cyclocross","12":"tag-fr","13":"tag-france","14":"tag-sports"},"share_on_mastodon":{"url":"https:\/\/pubeurope.com\/@fr\/115790673625785279","error":""},"_links":{"self":[{"href":"https:\/\/www.europesays.com\/fr\/wp-json\/wp\/v2\/posts\/624904","targetHints":{"allow":["GET"]}}],"collection":[{"href":"https:\/\/www.europesays.com\/fr\/wp-json\/wp\/v2\/posts"}],"about":[{"href":"https:\/\/www.europesays.com\/fr\/wp-json\/wp\/v2\/types\/post"}],"author":[{"embeddable":true,"href":"https:\/\/www.europesays.com\/fr\/wp-json\/wp\/v2\/users\/2"}],"replies":[{"embeddable":true,"href":"https:\/\/www.europesays.com\/fr\/wp-json\/wp\/v2\/comments?post=624904"}],"version-history":[{"count":0,"href":"https:\/\/www.europesays.com\/fr\/wp-json\/wp\/v2\/posts\/624904\/revisions"}],"wp:featuredmedia":[{"embeddable":true,"href":"https:\/\/www.europesays.com\/fr\/wp-json\/wp\/v2\/media\/624905"}],"wp:attachment":[{"href":"https:\/\/www.europesays.com\/fr\/wp-json\/wp\/v2\/media?parent=624904"}],"wp:term":[{"taxonomy":"category","embeddable":true,"href":"https:\/\/www.europesays.com\/fr\/wp-json\/wp\/v2\/categories?post=624904"},{"taxonomy":"post_tag","embeddable":true,"href":"https:\/\/www.europesays.com\/fr\/wp-json\/wp\/v2\/tags?post=624904"}],"curies":[{"name":"wp","href":"https:\/\/api.w.org\/{rel}","templated":true}]}}