{"id":624910,"date":"2025-12-27T08:52:34","date_gmt":"2025-12-27T08:52:34","guid":{"rendered":"https:\/\/www.europesays.com\/fr\/624910\/"},"modified":"2025-12-27T08:52:34","modified_gmt":"2025-12-27T08:52:34","slug":"les-meilleures-photographies-animalieres-national-geographic-de-lannee-2025-national-geographic","status":"publish","type":"post","link":"https:\/\/www.europesays.com\/fr\/624910\/","title":{"rendered":"Les meilleures photographies animali\u00e8res National Geographic de l&rsquo;ann\u00e9e 2025 | National Geographic"},"content":{"rendered":"<p data-paragraph-id=\"5609435-1\">Au c\u0153ur du parc d\u2019\u00c9tat de Rio Doce, dans les tr\u00e9fonds de la for\u00eat atlantique br\u00e9silienne, le photographe br\u00e9silien\u00a0<a href=\"https:\/\/www.fernandofaciole.com\/\" target=\"_blank\" rel=\"nofollow noopener noreferrer\">Fernando Faciole<\/a> a install\u00e9 deux pi\u00e8ges photographiques et est revenu tous les quarante-cinq jours pour en changer les batteries et en v\u00e9rifier les cartes m\u00e9moire.<\/p>\n<p data-paragraph-id=\"5609435-2\">Sa patience et sa disposition \u00e0 s\u2019exposer \u00e0 de potentielles morsures de tiques ont pay\u00e9. Il subsisterait moins d\u2019une dizaine de jaguars dans cette zone apr\u00e8s des d\u00e9cennies de d\u00e9forestation. Fernando Faciole aurait \u00e9t\u00e9 chanceux d\u2019obtenir ne serait-ce qu\u2019une seule photo de ces animaux, il \u00e9tait donc inesp\u00e9r\u00e9 d\u2019en obtenir une aussi \u00e9tonnamment pos\u00e9e.\u00a0<\/p>\n<p data-paragraph-id=\"5609435-3\">\u00ab\u00a0C\u2019\u00e9tait la position parfaite, avec le jaguar qui regarde dans l\u2019objectif, la queue, le cadrage, se r\u00e9jouit-il. C\u2019\u00e9tait super sp\u00e9cial pour moi.\u00a0\u00bb<\/p>\n<p data-paragraph-id=\"5609435-4\">Le portrait de jaguar de Fernando Faciole n\u2019est que l\u2019une des meilleures photos animali\u00e8res de 2025 s\u00e9lectionn\u00e9es par les \u00e9quipes photographiques de National Geographic. Ensemble, elles nous transportent dans des environnements uniques du monde entier et nous offrent de rares aper\u00e7us de cr\u00e9atures \u00e0 la fois famili\u00e8res et \u00e9tranges.<\/p>\n<p data-paragraph-id=\"5609435-5\">Un castor rongeant un arbre, immortalis\u00e9 par\u00a0<a href=\"https:\/\/www.ronandonovan.com\/\" target=\"_blank\" rel=\"nofollow noopener noreferrer\">Ronan Donovan<\/a>, \u00ab\u00a0Storytelling Fellow\u00a0\u00bb pour National Geographic, repr\u00e9sente la capacit\u00e9 trop peu appr\u00e9ci\u00e9e de cet animal \u00e0 rendre r\u00e9sistantes aux flammes de larges \u00e9tendues de terre et \u00e0\u00a0<a href=\"https:\/\/www.nationalgeographic.fr\/animaux\/2020\/09\/le-castor-notre-meilleur-allie-contre-les-feux-de-foret\" target=\"_blank\" rel=\"noopener\">prot\u00e9ger des \u00e9cosyst\u00e8mes des cons\u00e9quences du changement climatique<\/a>. D\u2019autres photographes saisissent des moments rares \u00e0 temps, comme le mouvement d\u2019un\u00a0<a href=\"https:\/\/www.nationalgeographic.com\/animals\/article\/meerkats-alpha-female-matriarch\" target=\"_blank\" rel=\"nofollow noopener noreferrer\">suricate<\/a> dans un clich\u00e9 de Thomas Peschak, o\u00f9 le coup donn\u00e9 par une mante g\u00e9ante japonaise \u00e0 un l\u00e9zard sur une photographie de\u00a0<a href=\"https:\/\/www.instagram.com\/c_s_b.t.13\/\" target=\"_blank\" rel=\"nofollow noopener noreferrer\">Takura Ishiguro<\/a>.<\/p>\n<p data-paragraph-id=\"5609435-7\">Pour les photographes, le moment de l\u2019immortalisation d\u2019une sc\u00e8ne dans la nature est aussi puissant que n\u2019importe quel \u00ab\u00a0Eur\u00e9ka\u00a0!\u00a0\u00bb dans le monde des sciences. Apr\u00e8s avoir entendu parler d\u2019une carcasse de cachalot \u00e0 la d\u00e9rive au nord du cercle arctique, le photographe\u00a0<a href=\"https:\/\/www.galitz.com\/\" target=\"_blank\" rel=\"nofollow noopener noreferrer\">Roie Galitz<\/a> a redirig\u00e9 un brise-glace vers la sc\u00e8ne et s\u2019est servi d\u2019un drone pour obtenir d\u2019\u00e9poustouflantes images a\u00e9riennes dudit\u00a0<a href=\"https:\/\/www.nationalgeographic.fr\/animaux\/extraordinaire-vie-sauvage-predateurs-arctique-pour-la-premiere-fois-un-photographe-a-observe-un-ours-polaire-se-nourrissant-dun-cachalot\" target=\"_blank\" rel=\"noopener\">cachalot ainsi que d\u2019ours polaires<\/a>.\u00a0<\/p>\n<p data-paragraph-id=\"5609435-8\">\u00ab\u00a0Quand je faisais voler le drone, je criais et je jurais, tout simplement parce qu\u2019en tant que photographe, on est pris par l\u2019enthousiasme, s\u2019amuse Roie Galitz. Le jour o\u00f9 j\u2019arr\u00eate d\u2019\u00eatre enthousiaste, j\u2019arr\u00eate de prendre des photos.\u00a0\u00bb<\/p>\n<p><script async src=\"\/\/www.instagram.com\/embed.js\"><\/script><\/p>\n","protected":false},"excerpt":{"rendered":"Au c\u0153ur du parc d\u2019\u00c9tat de Rio Doce, dans les tr\u00e9fonds de la for\u00eat atlantique br\u00e9silienne, le photographe&hellip;\n","protected":false},"author":2,"featured_media":624911,"comment_status":"","ping_status":"","sticky":false,"template":"","format":"standard","meta":{"footnotes":""},"categories":[1358],"tags":[1867,1348,1384,1385,73431,1386,58,59,1011,27,1756],"class_list":{"0":"post-624910","1":"post","2":"type-post","3":"status-publish","4":"format-standard","5":"has-post-thumbnail","7":"category-arts-et-design","8":"tag-animaux","9":"tag-arts","10":"tag-arts-and-design","11":"tag-arts-et-design","12":"tag-decouverte-d","13":"tag-design","14":"tag-divertissement","15":"tag-entertainment","16":"tag-fr","17":"tag-france","18":"tag-photographie"},"share_on_mastodon":{"url":"https:\/\/pubeurope.com\/@fr\/115790685393802688","error":""},"_links":{"self":[{"href":"https:\/\/www.europesays.com\/fr\/wp-json\/wp\/v2\/posts\/624910","targetHints":{"allow":["GET"]}}],"collection":[{"href":"https:\/\/www.europesays.com\/fr\/wp-json\/wp\/v2\/posts"}],"about":[{"href":"https:\/\/www.europesays.com\/fr\/wp-json\/wp\/v2\/types\/post"}],"author":[{"embeddable":true,"href":"https:\/\/www.europesays.com\/fr\/wp-json\/wp\/v2\/users\/2"}],"replies":[{"embeddable":true,"href":"https:\/\/www.europesays.com\/fr\/wp-json\/wp\/v2\/comments?post=624910"}],"version-history":[{"count":0,"href":"https:\/\/www.europesays.com\/fr\/wp-json\/wp\/v2\/posts\/624910\/revisions"}],"wp:featuredmedia":[{"embeddable":true,"href":"https:\/\/www.europesays.com\/fr\/wp-json\/wp\/v2\/media\/624911"}],"wp:attachment":[{"href":"https:\/\/www.europesays.com\/fr\/wp-json\/wp\/v2\/media?parent=624910"}],"wp:term":[{"taxonomy":"category","embeddable":true,"href":"https:\/\/www.europesays.com\/fr\/wp-json\/wp\/v2\/categories?post=624910"},{"taxonomy":"post_tag","embeddable":true,"href":"https:\/\/www.europesays.com\/fr\/wp-json\/wp\/v2\/tags?post=624910"}],"curies":[{"name":"wp","href":"https:\/\/api.w.org\/{rel}","templated":true}]}}